{"id":61107,"date":"2025-01-20T07:29:26","date_gmt":"2025-01-20T10:29:26","guid":{"rendered":"https:\/\/informateesquina.com\/?p=61107"},"modified":"2025-01-20T07:29:26","modified_gmt":"2025-01-20T10:29:26","slug":"fatal-choque-frontal-en-cordoba-cuatro-muertos-y-un-bebe-herido-2","status":"publish","type":"post","link":"https:\/\/informateesquina.com\/?p=61107","title":{"rendered":"Fatal choque frontal en C\u00f3rdoba: cuatro muertos y un beb\u00e9 herido"},"content":{"rendered":"<div>\n<p class=\"copete\">Ocurri\u00f3 sobre la ruta provincial E-34, conocida como el camino de las Altas Cumbres en la provincia de C\u00f3rdoba. El reci\u00e9n nacido viajaba junto a sus padres, que completan la lista de fallecidos<\/p>\n<div class=\"fotos-y-videos\">\n<div class=\"tab-content\">\n<div id=\"fotos\" class=\"tab-pane fade in active\" role=\"tabpanel\"><a class=\"fotos-desarrollo unlink\" title=\"Fatal choque frontal en C\u00f3rdoba: cuatro muertos y un beb\u00e9 herido\" href=\"https:\/\/www.radiosudamericana.com\/notix\/multimedia\/imagenes\/fotos\/2025-01-20\/609676.png\"><img loading=\"lazy\" decoding=\"async\" class=\"img-responsive lazyload center-block\" src=\"https:\/\/www.radiosudamericana.com\/notix\/multimedia\/imagenes\/fotos\/2025-01-20\/609676.png_nota.png\" alt=\"Fatal choque frontal en C\u00f3rdoba: cuatro muertos y un beb\u00e9 herido\" width=\"700\" height=\"466\" \/><\/a><\/div>\n<\/div>\n<\/div>\n<p class=\"copete\">\n<div class=\"cuerpo\">\n<p>Dos autos chocaron de frente\u00a0este domingo por la tarde en\u00a0C\u00f3rdoba, sobre el camino de las Altas Cumbres, y dejaron\u00a0un saldo de cuatro muertos y dos heridos. Entre estos hay un beb\u00e9 en estado cr\u00edtico.<\/p>\n<p>El siniestro vial ocurri\u00f3 en el kil\u00f3metro 7 de la ruta provincial E-34, entre los parajes de Ca\u00f1ada Larga y Ni\u00f1a Paula.\u00a0<strong>Es una zona donde hay\u00a0recurrentes siniestros viales.<\/strong><\/p>\n<p>Aunque las circunstancias del choque a\u00fan no est\u00e1n esclarecidas, se supo que los veh\u00edculos involucrados son una camioneta Nissan Kicks y un Peugeot 208.\u00a0En este \u00faltimo viajaban el beb\u00e9, que tendr\u00eda un a\u00f1o y dos meses, junto a su mam\u00e1 y su pap\u00e1, de 33 y 35 respectivamente.\u00a0La mujer muri\u00f3 en la ambulancia, mientras la trasladaban, mientras que los otros dos ocupantes son los \u00fanicos sobrevivientes del desastre.<\/p>\n<p>En tanto, seg\u00fan los primeros informes, en el otro rodado viajaban\u00a0tres mayores de edad que murieron en el acto.<\/p>\n<p>Como puede verse en las im\u00e1genes,\u00a0el Peugeot sac\u00f3 la peor parte y qued\u00f3 totalmente destruido.<strong>\u00a0Aunque la carrocer\u00eda del auto result\u00f3 da\u00f1ada completamente por la violencia del impacto,<\/strong>\u00a0cabe destacar que los Bomberos Voluntarios de C\u00f3rdoba que actuaron en el lugar tambi\u00e9n rompieron parte de lo que qued\u00f3 del coche para sacar a las v\u00edctimas.<\/p>\n<p>La camioneta, por su parte, present\u00f3\u00a0da\u00f1os notables en la parte del motor y en la puerta del conductor.\u00a0Seg\u00fan el portal citado, esta viajaba en la mano que va desde C\u00f3rdoba hacia el valle de Traslasierra, mientras que el Peugeot 208 avanzaba por la mano contraria.<\/p>\n<p>La Polic\u00eda de C\u00f3rdoba inform\u00f3 a trav\u00e9s de sus canales oficiales que la ruta est\u00e1 cortada de forma total por el incidente. La situaci\u00f3n provoc\u00f3 un\u00a0caos de tr\u00e1nsito en la zona.<\/p>\n<p>&nbsp;<\/p>\n<div id=\"leermas\"><\/div>\n<p>&nbsp;<\/p>\n<p>El tramo del camino de las Altas Cumbres donde ocurri\u00f3 la tragedia es una zona de curvas y contracurvas. La traza est\u00e1 se\u00f1alizada con una l\u00ednea amarilla en el medio, lo que indica que est\u00e1 prohibido sobrepasar veh\u00edculos.<\/p>\n<p>Radio Sudamericana<\/p>\n<\/div>\n<\/div>\n","protected":false},"excerpt":{"rendered":"<p>Ocurri\u00f3 sobre la ruta provincial E-34, conocida como el camino de las Altas Cumbres en la provincia de C\u00f3rdoba. El reci\u00e9n nacido viajaba junto a sus padres, que completan la lista de fallecidos Dos autos chocaron de frente\u00a0este domingo por la tarde en\u00a0C\u00f3rdoba, sobre el camino de las Altas Cumbres, y dejaron\u00a0un saldo de cuatro [&hellip;]<\/p>\n","protected":false},"author":3,"featured_media":61108,"comment_status":"open","ping_status":"open","sticky":false,"template":"","format":"standard","meta":{"footnotes":""},"categories":[8],"tags":[],"class_list":["post-61107","post","type-post","status-publish","format-standard","has-post-thumbnail","hentry","category-policiales"],"_links":{"self":[{"href":"https:\/\/informateesquina.com\/index.php?rest_route=\/wp\/v2\/posts\/61107","targetHints":{"allow":["GET"]}}],"collection":[{"href":"https:\/\/informateesquina.com\/index.php?rest_route=\/wp\/v2\/posts"}],"about":[{"href":"https:\/\/informateesquina.com\/index.php?rest_route=\/wp\/v2\/types\/post"}],"author":[{"embeddable":true,"href":"https:\/\/informateesquina.com\/index.php?rest_route=\/wp\/v2\/users\/3"}],"replies":[{"embeddable":true,"href":"https:\/\/informateesquina.com\/index.php?rest_route=%2Fwp%2Fv2%2Fcomments&post=61107"}],"version-history":[{"count":1,"href":"https:\/\/informateesquina.com\/index.php?rest_route=\/wp\/v2\/posts\/61107\/revisions"}],"predecessor-version":[{"id":61109,"href":"https:\/\/informateesquina.com\/index.php?rest_route=\/wp\/v2\/posts\/61107\/revisions\/61109"}],"wp:featuredmedia":[{"embeddable":true,"href":"https:\/\/informateesquina.com\/index.php?rest_route=\/wp\/v2\/media\/61108"}],"wp:attachment":[{"href":"https:\/\/informateesquina.com\/index.php?rest_route=%2Fwp%2Fv2%2Fmedia&parent=61107"}],"wp:term":[{"taxonomy":"category","embeddable":true,"href":"https:\/\/informateesquina.com\/index.php?rest_route=%2Fwp%2Fv2%2Fcategories&post=61107"},{"taxonomy":"post_tag","embeddable":true,"href":"https:\/\/informateesquina.com\/index.php?rest_route=%2Fwp%2Fv2%2Ftags&post=61107"}],"curies":[{"name":"wp","href":"https:\/\/api.w.org\/{rel}","templated":true}]}}