{"id":61110,"date":"2025-01-20T07:34:44","date_gmt":"2025-01-20T10:34:44","guid":{"rendered":"https:\/\/informateesquina.com\/?p=61110"},"modified":"2025-01-20T07:34:44","modified_gmt":"2025-01-20T10:34:44","slug":"esquina-violento-choque-de-dos-autos-deja-a-dos-personas-con-fuertes-lesiones","status":"publish","type":"post","link":"https:\/\/informateesquina.com\/?p=61110","title":{"rendered":"#Esquina: violento choque de dos autos deja a dos personas con fuertes lesiones"},"content":{"rendered":"<p>En la madrugada de este s\u00e1bado, se produjo un grave accidente en la Ruta Nacional 12, a la altura del kil\u00f3metro 676, en el acceso sur de Esquina. El choque frontal involucr\u00f3 a un Fiat Uno y un Renault 12, dejando a dos personas con heridas graves. Las v\u00edctimas, identificadas como Luis Oscar Pereyra y Marta Franco, ambos residentes de Esquina, fueron trasladadas de urgencia al hospital San Roque. En el lugar, trabajaron Bomberos Voluntarios, una ambulancia y el perito Roberto Quiroz, de la Unidad Regional II, quienes realizaron las tareas de rescate y peritaje correspondientes.<\/p>\n","protected":false},"excerpt":{"rendered":"<p>En la madrugada de este s\u00e1bado, se produjo un grave accidente en la Ruta Nacional 12, a la altura del kil\u00f3metro 676, en el acceso sur de Esquina. El choque frontal involucr\u00f3 a un Fiat Uno y un Renault 12, dejando a dos personas con heridas graves. Las v\u00edctimas, identificadas como Luis Oscar Pereyra y [&hellip;]<\/p>\n","protected":false},"author":3,"featured_media":61111,"comment_status":"open","ping_status":"open","sticky":false,"template":"","format":"standard","meta":{"footnotes":""},"categories":[6],"tags":[],"class_list":["post-61110","post","type-post","status-publish","format-standard","has-post-thumbnail","hentry","category-locales"],"_links":{"self":[{"href":"https:\/\/informateesquina.com\/index.php?rest_route=\/wp\/v2\/posts\/61110","targetHints":{"allow":["GET"]}}],"collection":[{"href":"https:\/\/informateesquina.com\/index.php?rest_route=\/wp\/v2\/posts"}],"about":[{"href":"https:\/\/informateesquina.com\/index.php?rest_route=\/wp\/v2\/types\/post"}],"author":[{"embeddable":true,"href":"https:\/\/informateesquina.com\/index.php?rest_route=\/wp\/v2\/users\/3"}],"replies":[{"embeddable":true,"href":"https:\/\/informateesquina.com\/index.php?rest_route=%2Fwp%2Fv2%2Fcomments&post=61110"}],"version-history":[{"count":1,"href":"https:\/\/informateesquina.com\/index.php?rest_route=\/wp\/v2\/posts\/61110\/revisions"}],"predecessor-version":[{"id":61112,"href":"https:\/\/informateesquina.com\/index.php?rest_route=\/wp\/v2\/posts\/61110\/revisions\/61112"}],"wp:featuredmedia":[{"embeddable":true,"href":"https:\/\/informateesquina.com\/index.php?rest_route=\/wp\/v2\/media\/61111"}],"wp:attachment":[{"href":"https:\/\/informateesquina.com\/index.php?rest_route=%2Fwp%2Fv2%2Fmedia&parent=61110"}],"wp:term":[{"taxonomy":"category","embeddable":true,"href":"https:\/\/informateesquina.com\/index.php?rest_route=%2Fwp%2Fv2%2Fcategories&post=61110"},{"taxonomy":"post_tag","embeddable":true,"href":"https:\/\/informateesquina.com\/index.php?rest_route=%2Fwp%2Fv2%2Ftags&post=61110"}],"curies":[{"name":"wp","href":"https:\/\/api.w.org\/{rel}","templated":true}]}}