{"id":61113,"date":"2025-01-20T07:39:01","date_gmt":"2025-01-20T10:39:01","guid":{"rendered":"https:\/\/informateesquina.com\/?p=61113"},"modified":"2025-01-20T07:39:01","modified_gmt":"2025-01-20T10:39:01","slug":"joven-desaparecido-en-esquina-amplian-la-busqueda-y-realizan-allanamientos","status":"publish","type":"post","link":"https:\/\/informateesquina.com\/?p=61113","title":{"rendered":"Joven desaparecido en Esquina: Ampl\u00edan la b\u00fasqueda y realizan allanamientos"},"content":{"rendered":"<p><em>La Polic\u00eda de Corrientes intensifica los operativos en islas cercanas, mientras la Fiscal\u00eda avanza con allanamientos en domicilios relacionados con el caso.<\/em><\/p>\n<p>A dos semanas de la confusa desaparici\u00f3n de Ezequiel Monz\u00f3n, un joven de 29 a\u00f1os oriundo de Esquina, la Polic\u00eda de Corrientes contin\u00faa con su exhaustiva b\u00fasqueda. Los rastrillajes se han extendido hacia un sector de islas cercanas al lugar donde fue visto por \u00faltima vez, en la madrugada del domingo 5 de enero, en un sector del R\u00edo Corriente, seg\u00fan el testimonio de un turista que lo observ\u00f3 en la zona.<\/p>\n<p>A pesar de las altas temperaturas, las cuadrillas de la Polic\u00eda Rural de Esquina y Goya, junto con la colaboraci\u00f3n de la Prefectura Naval, realizan recorridas constantes por el r\u00edo. Adem\u00e1s, un contingente de aproximadamente 30 efectivos se traslad\u00f3 a una isla ubicada frente al lugar de la \u00faltima aparici\u00f3n del joven.<\/p>\n<p>Por otro lado, la Fiscal\u00eda, a cargo del doctor Luciano Bord\u00f3n, orden\u00f3 tres allanamientos en domicilios de personas cercanas a Monz\u00f3n, donde se secuestraron tel\u00e9fonos celulares para ser peritados en busca de pistas que ayuden a esclarecer su paradero. Las autoridades mantienen la investigaci\u00f3n abierta mientras siguen con las tareas de b\u00fasqueda.<img loading=\"lazy\" decoding=\"async\" class=\"alignnone size-medium wp-image-61114\" src=\"http:\/\/informateesquina.com\/wp-content\/uploads\/2025\/01\/474499110_18267289387253279_5743035228159294769_n-300x300.jpg\" alt=\"\" width=\"300\" height=\"300\" srcset=\"https:\/\/informateesquina.com\/wp-content\/uploads\/2025\/01\/474499110_18267289387253279_5743035228159294769_n-300x300.jpg 300w, https:\/\/informateesquina.com\/wp-content\/uploads\/2025\/01\/474499110_18267289387253279_5743035228159294769_n-150x150.jpg 150w, https:\/\/informateesquina.com\/wp-content\/uploads\/2025\/01\/474499110_18267289387253279_5743035228159294769_n-75x75.jpg 75w, https:\/\/informateesquina.com\/wp-content\/uploads\/2025\/01\/474499110_18267289387253279_5743035228159294769_n.jpg 600w\" sizes=\"auto, (max-width: 300px) 100vw, 300px\" \/> <img loading=\"lazy\" decoding=\"async\" class=\"alignnone size-medium wp-image-61115\" src=\"http:\/\/informateesquina.com\/wp-content\/uploads\/2025\/01\/474266948_18267289378253279_2854788166264623820_n-300x300.jpg\" alt=\"\" width=\"300\" height=\"300\" srcset=\"https:\/\/informateesquina.com\/wp-content\/uploads\/2025\/01\/474266948_18267289378253279_2854788166264623820_n-300x300.jpg 300w, https:\/\/informateesquina.com\/wp-content\/uploads\/2025\/01\/474266948_18267289378253279_2854788166264623820_n-150x150.jpg 150w, https:\/\/informateesquina.com\/wp-content\/uploads\/2025\/01\/474266948_18267289378253279_2854788166264623820_n-75x75.jpg 75w, https:\/\/informateesquina.com\/wp-content\/uploads\/2025\/01\/474266948_18267289378253279_2854788166264623820_n.jpg 600w\" sizes=\"auto, (max-width: 300px) 100vw, 300px\" \/><\/p>\n","protected":false},"excerpt":{"rendered":"<p>La Polic\u00eda de Corrientes intensifica los operativos en islas cercanas, mientras la Fiscal\u00eda avanza con allanamientos en domicilios relacionados con el caso. A dos semanas de la confusa desaparici\u00f3n de Ezequiel Monz\u00f3n, un joven de 29 a\u00f1os oriundo de Esquina, la Polic\u00eda de Corrientes contin\u00faa con su exhaustiva b\u00fasqueda. Los rastrillajes se han extendido hacia [&hellip;]<\/p>\n","protected":false},"author":3,"featured_media":61115,"comment_status":"open","ping_status":"open","sticky":false,"template":"","format":"standard","meta":{"footnotes":""},"categories":[6],"tags":[],"class_list":["post-61113","post","type-post","status-publish","format-standard","has-post-thumbnail","hentry","category-locales"],"_links":{"self":[{"href":"https:\/\/informateesquina.com\/index.php?rest_route=\/wp\/v2\/posts\/61113","targetHints":{"allow":["GET"]}}],"collection":[{"href":"https:\/\/informateesquina.com\/index.php?rest_route=\/wp\/v2\/posts"}],"about":[{"href":"https:\/\/informateesquina.com\/index.php?rest_route=\/wp\/v2\/types\/post"}],"author":[{"embeddable":true,"href":"https:\/\/informateesquina.com\/index.php?rest_route=\/wp\/v2\/users\/3"}],"replies":[{"embeddable":true,"href":"https:\/\/informateesquina.com\/index.php?rest_route=%2Fwp%2Fv2%2Fcomments&post=61113"}],"version-history":[{"count":1,"href":"https:\/\/informateesquina.com\/index.php?rest_route=\/wp\/v2\/posts\/61113\/revisions"}],"predecessor-version":[{"id":61116,"href":"https:\/\/informateesquina.com\/index.php?rest_route=\/wp\/v2\/posts\/61113\/revisions\/61116"}],"wp:featuredmedia":[{"embeddable":true,"href":"https:\/\/informateesquina.com\/index.php?rest_route=\/wp\/v2\/media\/61115"}],"wp:attachment":[{"href":"https:\/\/informateesquina.com\/index.php?rest_route=%2Fwp%2Fv2%2Fmedia&parent=61113"}],"wp:term":[{"taxonomy":"category","embeddable":true,"href":"https:\/\/informateesquina.com\/index.php?rest_route=%2Fwp%2Fv2%2Fcategories&post=61113"},{"taxonomy":"post_tag","embeddable":true,"href":"https:\/\/informateesquina.com\/index.php?rest_route=%2Fwp%2Fv2%2Ftags&post=61113"}],"curies":[{"name":"wp","href":"https:\/\/api.w.org\/{rel}","templated":true}]}}