{"id":61117,"date":"2025-01-20T09:06:01","date_gmt":"2025-01-20T12:06:01","guid":{"rendered":"https:\/\/informateesquina.com\/?p=61117"},"modified":"2025-01-20T09:06:01","modified_gmt":"2025-01-20T12:06:01","slug":"valdes-acompano-la-segunda-luna-chamamecera-en-el-cocomarola","status":"publish","type":"post","link":"https:\/\/informateesquina.com\/?p=61117","title":{"rendered":"Vald\u00e9s acompa\u00f1\u00f3 la segunda luna chamamecera en el Cocomarola"},"content":{"rendered":"<div>\n<p class=\"copete\">\u200bEl gobernador Gustavo Vald\u00e9s, junto a su esposa, Cristina Garro, estuvo presente en la segunda noche de la 34\u00b0 Fiesta Nacional del Chamam\u00e9, 20\u00b0 Fiesta del MERCOSUR y 4\u00b0 Celebraci\u00f3n Mundial, ante una multitud en el Anfiteatro \u201cMario del Tr\u00e1nsito Cocomarola\u201d. \u201cEstamos muy contentos porque la Fiesta se vive a pleno, con la presencia de muchas familias que disfrutan de una gran noche\u201d, expres\u00f3 el mandatario al referirse al evento que transcurre bajo el lema \u201cAv\u00edo del Alma\u201d.<\/p>\n<div>\n<div class=\"fotos-y-videos\">\n<div class=\"tab-content\">\n<div id=\"fotos\" class=\"tab-pane fade in active\" role=\"tabpanel\"><a class=\"fotos-desarrollo unlink\" title=\"Vald\u00e9s acompa\u00f1\u00f3 la segunda luna chamamecera en el Cocomarola\" href=\"https:\/\/www.radiosudamericana.com\/notix\/multimedia\/imagenes\/fotos\/2025-01-19\/139420.jpg\"><img loading=\"lazy\" decoding=\"async\" class=\"img-responsive lazyload center-block\" src=\"https:\/\/www.radiosudamericana.com\/notix\/multimedia\/imagenes\/fotos\/2025-01-19\/139420.jpg_nota.jpg\" alt=\"Vald\u00e9s acompa\u00f1\u00f3 la segunda luna chamamecera en el Cocomarola\" width=\"700\" height=\"466\" \/><\/a><\/div>\n<\/div>\n<\/div>\n<div class=\"cuerpo\">\n<p>En la oportunidad, tambi\u00e9n asistieron, el intendente de la ciudad de Corrientes, Eduardo Tassano, la presidenta del Instituto de Cultura, Beatriz Kunin, ministros, secretarios y subsecretarios del Gabinete provincial, legisladores, el presidente del Concejo Deliberante, Marcos Amarilla, intendentes de localidades del interior y dem\u00e1s autoridades.<\/p>\n<p><a class=\"fotos-desarrollo unlink\" title=\"Vald\u00e9s acompa\u00f1\u00f3 la segunda luna chamamecera en el Cocomarola\" href=\"https:\/\/www.radiosudamericana.com\/notix\/multimedia\/imagenes\/fotos\/2025-01-19\/234473.jpg\"><img decoding=\"async\" class=\"img-responsive\" src=\"https:\/\/www.radiosudamericana.com\/notix\/multimedia\/imagenes\/fotos\/2025-01-19\/234473.jpg_nota.jpg\" \/><\/a><\/p>\n<p>Cabe se\u00f1alar que el gobernador Vald\u00e9s se dio tiempo para visitar una carpa especialmente montada que se ubica detr\u00e1s del escenario mayor, ofreciendo su c\u00e1lido saludo y una charla informal con alumnos de la carrera de Kinesiolog\u00eda y Fisiatr\u00eda, dependiente de la Facultad de Medicina de la UNNE, quienes prestan servicio de atenci\u00f3n kin\u00e9sica al Ballet Oficial de la Fiesta Nacional del Chamam\u00e9.<\/p>\n<p><a class=\"fotos-desarrollo unlink\" title=\"Vald\u00e9s acompa\u00f1\u00f3 la segunda luna chamamecera en el Cocomarola\" href=\"https:\/\/www.radiosudamericana.com\/notix\/multimedia\/imagenes\/fotos\/2025-01-19\/943753.jpg\"><img decoding=\"async\" class=\"img-responsive\" src=\"https:\/\/www.radiosudamericana.com\/notix\/multimedia\/imagenes\/fotos\/2025-01-19\/943753.jpg_nota.jpg\" \/><\/a><\/p>\n<p>Los mismos desarrollan protocolos de prevenci\u00f3n de lesiones en bailarines, vendaje y estribo funcional, promoci\u00f3n de la salud, hidrataci\u00f3n y alimentaci\u00f3n saludable, adaptaci\u00f3n f\u00edsica para artistas de elite y entrenamiento biomec\u00e1nico para el escenario mayor. La responsable del proyecto es la licenciada Selva\u00a0Bobadilla.<\/p>\n<p><a class=\"fotos-desarrollo unlink\" title=\"Vald\u00e9s acompa\u00f1\u00f3 la segunda luna chamamecera en el Cocomarola\" href=\"https:\/\/www.radiosudamericana.com\/notix\/multimedia\/imagenes\/fotos\/2025-01-19\/639527.jpg\"><img decoding=\"async\" class=\"img-responsive\" src=\"https:\/\/www.radiosudamericana.com\/notix\/multimedia\/imagenes\/fotos\/2025-01-19\/639527.jpg_nota.jpg\" \/><\/a><\/p>\n<p>En otro orden, el gobernador tambi\u00e9n se refiri\u00f3 a las refacciones que la Provincia llev\u00f3 a cabo en el Anfiteatro: \u201cVemos que reducen los inconvenientes, como por ejemplo se ve una mejor limpieza en ba\u00f1os y m\u00e1s comodidad en lo que son los bancos para ver el espect\u00e1culo.<\/p>\n<p><a class=\"fotos-desarrollo unlink\" title=\"Vald\u00e9s acompa\u00f1\u00f3 la segunda luna chamamecera en el Cocomarola\" href=\"https:\/\/www.radiosudamericana.com\/notix\/multimedia\/imagenes\/fotos\/2025-01-19\/465100.jpg\"><img decoding=\"async\" class=\"img-responsive\" src=\"https:\/\/www.radiosudamericana.com\/notix\/multimedia\/imagenes\/fotos\/2025-01-19\/465100.jpg_nota.jpg\" \/><\/a><\/p>\n<p><strong>Programaci\u00f3n para este\u00a0domingo 19, el\u00a0tercer\u00a0Sapucay<\/strong><br \/>\nEl evento contar\u00e1 con la participaci\u00f3n de artistas como Adolfo Alegre, Ballet Oficial &#8220;La Naci\u00f3n de los H\u00e9roes&#8221;, Bel\u00e9n Belcastro junto a Luis Moulin, Chamam\u00e9 Ku\u00f1a, Che Rog\u00e1, David D\u00edaz Marchetto, el Ensamble Orquesta Folcl\u00f3rica Provincial con Julio Vallejos, Florencia de Pompert, y los ganadores de la Pre-Fiesta: la Pareja Nacional del Chamam\u00e9. Tambi\u00e9n se presentar\u00e1n el Grupo Nuevo Horizonte, Gustavo Miqueri y Tr\u00e9bol de Ases, Jaime Ribeiro (Brasil), Laura Fus\u00e9 y el Grupo Ip\u00fa Por\u00e1, Los Hermanos Vel\u00e1zquez, Los Nuevos Chaque\u00f1\u00edsimos Cardozo, Nacho Acevedo, Osvaldo Cantero y su grupo (Paraguay), Piko Frank, Richard Scofano, Rudi Flores, Santiago Meza Urquidez y Sim\u00f3n Morales con su conjunto.<\/p>\n<p><a class=\"fotos-desarrollo unlink\" title=\"Vald\u00e9s acompa\u00f1\u00f3 la segunda luna chamamecera en el Cocomarola\" href=\"https:\/\/www.radiosudamericana.com\/notix\/multimedia\/imagenes\/fotos\/2025-01-19\/869965.jpg\"><img decoding=\"async\" class=\"img-responsive\" src=\"https:\/\/www.radiosudamericana.com\/notix\/multimedia\/imagenes\/fotos\/2025-01-19\/869965.jpg_nota.jpg\" \/><\/a><\/p>\n<p><a class=\"fotos-desarrollo unlink\" title=\"Vald\u00e9s acompa\u00f1\u00f3 la segunda luna chamamecera en el Cocomarola\" href=\"https:\/\/www.radiosudamericana.com\/notix\/multimedia\/imagenes\/fotos\/2025-01-19\/742249.jpg\"><img decoding=\"async\" class=\"img-responsive\" src=\"https:\/\/www.radiosudamericana.com\/notix\/multimedia\/imagenes\/fotos\/2025-01-19\/742249.jpg_nota.jpg\" \/><\/a><\/p>\n<p><a class=\"fotos-desarrollo unlink\" title=\"Vald\u00e9s acompa\u00f1\u00f3 la segunda luna chamamecera en el Cocomarola\" href=\"https:\/\/www.radiosudamericana.com\/notix\/multimedia\/imagenes\/fotos\/2025-01-19\/542018.jpg\"><img decoding=\"async\" class=\"img-responsive\" src=\"https:\/\/www.radiosudamericana.com\/notix\/multimedia\/imagenes\/fotos\/2025-01-19\/542018.jpg_nota.jpg\" \/><\/a><\/p>\n<p><a class=\"fotos-desarrollo unlink\" title=\"Vald\u00e9s acompa\u00f1\u00f3 la segunda luna chamamecera en el Cocomarola\" href=\"https:\/\/www.radiosudamericana.com\/notix\/multimedia\/imagenes\/fotos\/2025-01-19\/766378.jpg\"><img decoding=\"async\" class=\"img-responsive\" src=\"https:\/\/www.radiosudamericana.com\/notix\/multimedia\/imagenes\/fotos\/2025-01-19\/766378.jpg_nota.jpg\" \/><\/a><\/p>\n<p><a class=\"fotos-desarrollo unlink\" title=\"Vald\u00e9s acompa\u00f1\u00f3 la segunda luna chamamecera en el Cocomarola\" href=\"https:\/\/www.radiosudamericana.com\/notix\/multimedia\/imagenes\/fotos\/2025-01-19\/653136.jpg\"><img decoding=\"async\" class=\"img-responsive\" src=\"https:\/\/www.radiosudamericana.com\/notix\/multimedia\/imagenes\/fotos\/2025-01-19\/653136.jpg_nota.jpg\" \/><\/a><\/p>\n<\/div>\n<\/div>\n<\/div>\n<div class=\"banner wline space-bottom\"><\/div>\n<div>Radio Sudamericana<\/div>\n","protected":false},"excerpt":{"rendered":"<p>\u200bEl gobernador Gustavo Vald\u00e9s, junto a su esposa, Cristina Garro, estuvo presente en la segunda noche de la 34\u00b0 Fiesta Nacional del Chamam\u00e9, 20\u00b0 Fiesta del MERCOSUR y 4\u00b0 Celebraci\u00f3n Mundial, ante una multitud en el Anfiteatro \u201cMario del Tr\u00e1nsito Cocomarola\u201d. \u201cEstamos muy contentos porque la Fiesta se vive a pleno, con la presencia de [&hellip;]<\/p>\n","protected":false},"author":3,"featured_media":61118,"comment_status":"open","ping_status":"open","sticky":false,"template":"","format":"standard","meta":{"footnotes":""},"categories":[9],"tags":[],"class_list":["post-61117","post","type-post","status-publish","format-standard","has-post-thumbnail","hentry","category-politica"],"_links":{"self":[{"href":"https:\/\/informateesquina.com\/index.php?rest_route=\/wp\/v2\/posts\/61117","targetHints":{"allow":["GET"]}}],"collection":[{"href":"https:\/\/informateesquina.com\/index.php?rest_route=\/wp\/v2\/posts"}],"about":[{"href":"https:\/\/informateesquina.com\/index.php?rest_route=\/wp\/v2\/types\/post"}],"author":[{"embeddable":true,"href":"https:\/\/informateesquina.com\/index.php?rest_route=\/wp\/v2\/users\/3"}],"replies":[{"embeddable":true,"href":"https:\/\/informateesquina.com\/index.php?rest_route=%2Fwp%2Fv2%2Fcomments&post=61117"}],"version-history":[{"count":1,"href":"https:\/\/informateesquina.com\/index.php?rest_route=\/wp\/v2\/posts\/61117\/revisions"}],"predecessor-version":[{"id":61119,"href":"https:\/\/informateesquina.com\/index.php?rest_route=\/wp\/v2\/posts\/61117\/revisions\/61119"}],"wp:featuredmedia":[{"embeddable":true,"href":"https:\/\/informateesquina.com\/index.php?rest_route=\/wp\/v2\/media\/61118"}],"wp:attachment":[{"href":"https:\/\/informateesquina.com\/index.php?rest_route=%2Fwp%2Fv2%2Fmedia&parent=61117"}],"wp:term":[{"taxonomy":"category","embeddable":true,"href":"https:\/\/informateesquina.com\/index.php?rest_route=%2Fwp%2Fv2%2Fcategories&post=61117"},{"taxonomy":"post_tag","embeddable":true,"href":"https:\/\/informateesquina.com\/index.php?rest_route=%2Fwp%2Fv2%2Ftags&post=61117"}],"curies":[{"name":"wp","href":"https:\/\/api.w.org\/{rel}","templated":true}]}}