{"id":61120,"date":"2025-01-20T19:09:15","date_gmt":"2025-01-20T22:09:15","guid":{"rendered":"https:\/\/informateesquina.com\/?p=61120"},"modified":"2025-01-20T19:09:15","modified_gmt":"2025-01-20T22:09:15","slug":"elevan-a-juicio-la-causa-por-pedofilia-contra-los-hermanos-kizcka","status":"publish","type":"post","link":"https:\/\/informateesquina.com\/?p=61120","title":{"rendered":"Elevan a juicio la causa por pedofilia contra los hermanos Kizcka"},"content":{"rendered":"<div>\n<p class=\"copete\">El Juzgado de Instrucci\u00f3n 4 de Ap\u00f3stoles, a cargo del magistrado Miguel \u00c1ngel Far\u00eda, resolvi\u00f3 elevar a juicio la causa por pedofilia contra el exlegislador Germ\u00e1n Kiczka y su hermano Sebasti\u00e1n.<\/p>\n<div class=\"fotos-y-videos\">\n<div class=\"tab-content\">\n<div id=\"fotos\" class=\"tab-pane fade in active\" role=\"tabpanel\"><a class=\"fotos-desarrollo unlink\" title=\"Elevan a juicio la causa por pedofilia contra los hermanos Kizcka\" href=\"https:\/\/www.radiosudamericana.com\/notix\/multimedia\/imagenes\/fotos\/2025-01-20\/295475.png\"><img loading=\"lazy\" decoding=\"async\" class=\"img-responsive lazyload center-block\" src=\"https:\/\/www.radiosudamericana.com\/notix\/multimedia\/imagenes\/fotos\/2025-01-20\/295475.png_nota.png\" alt=\"Elevan a juicio la causa por pedofilia contra los hermanos Kizcka\" width=\"700\" height=\"393\" \/><\/a><\/div>\n<\/div>\n<\/div>\n<p>&nbsp;<\/p>\n<div class=\"cuerpo\">\n<p>Los acusados no presentaron oposici\u00f3n a trav\u00e9s de sus defensores a este avance en la causa, lo que permiti\u00f3 que la fiscal Silvia Barronis, representante del Ministerio P\u00fablico, confirmara los cargos inicialmente planteados, permitiendo la continuaci\u00f3n del proceso.<\/p>\n<p>Germ\u00e1n Kiczka, exdiputado provincial por el partido Activar \u2014liderado por Pedro Puerta, hijo del exgobernador misionero Federico Ram\u00f3n Puerta\u2014, y su hermano Sebasti\u00e1n permanecen detenidos desde agosto de 2024.\u00a0<strong>Ambos est\u00e1n acusados de tenencia y distribuci\u00f3n de material de abuso sexual infantil, delitos que contemplan penas de hasta 25 a\u00f1os de prisi\u00f3n.<\/strong><\/p>\n<p>Una investigaci\u00f3n internacional<\/p>\n<p>La causa se origin\u00f3 tras una operaci\u00f3n internacional denominada \u201cGuardianes Digitales de la Ni\u00f1ez\u201d, que expuso una red de explotaci\u00f3n sexual infantil con conexiones en diversos pa\u00edses. En Argentina, la fiscal especializada Daniela Dupuy encabez\u00f3 las pesquisas, las cuales vincularon a los hermanos Kiczka con la distribuci\u00f3n de material de abuso infantil.<\/p>\n<p><a class=\"fotos-desarrollo unlink\" title=\"Elevan a juicio la causa por pedofilia contra los hermanos Kizcka\" href=\"https:\/\/www.radiosudamericana.com\/notix\/multimedia\/imagenes\/fotos\/2025-01-20\/194834.png\"><img decoding=\"async\" class=\"img-responsive\" src=\"https:\/\/www.radiosudamericana.com\/notix\/multimedia\/imagenes\/fotos\/2025-01-20\/194834.png_nota.png\" \/><\/a><\/p>\n<p>En agosto de 2024, una serie de allanamientos en distintas localidades, incluyendo la casa paterna de los Kiczka en Ap\u00f3stoles, result\u00f3 clave. Las autoridades confiscaron computadoras, celulares y otros dispositivos electr\u00f3nicos, que posteriormente revelaron evidencia decisiva.<\/p>\n<p>Las pericias iniciales detectaron 603 archivos de contenido de explotaci\u00f3n sexual infantil en una computadora de Germ\u00e1n Kiczka. El informe judicial detall\u00f3 la presencia de material expl\u00edcito que involucraba a menores de 13 a\u00f1os. En operativos subsiguientes, se hallaron otros 913 archivos en dispositivos adicionales, muchos obtenidos mediante la red peer-to-peer eMule, conocida por ser utilizada en este tipo de delitos.<\/p>\n<h2><strong>Fuga, detenciones y destituci\u00f3n<\/strong><\/h2>\n<p>El 6 de agosto de 2024, nuevos allanamientos fueron ordenados, y cuando se orden\u00f3 su detenci\u00f3n, los hermanos ya hab\u00edan desaparecido. Tras ello, Interpol emiti\u00f3 el 26 de agosto una alerta roja internacional para su captura y el gobernador Hugo Passalacqua ofreci\u00f3 una recompensa de 5 millones de pesos por informaci\u00f3n sobre el paradero de los hermanos.<\/p>\n<p><a class=\"fotos-desarrollo unlink\" title=\"Elevan a juicio la causa por pedofilia contra los hermanos Kizcka\" href=\"https:\/\/www.radiosudamericana.com\/notix\/multimedia\/imagenes\/fotos\/2025-01-20\/311189.png\"><img decoding=\"async\" class=\"img-responsive\" src=\"https:\/\/www.radiosudamericana.com\/notix\/multimedia\/imagenes\/fotos\/2025-01-20\/311189.png_nota.png\" \/><\/a><\/p>\n<p>&nbsp;<\/p>\n<div id=\"leermas\"><\/div>\n<p>&nbsp;<\/p>\n<p>La b\u00fasqueda culmin\u00f3 r\u00e1pidamente. Germ\u00e1n Kiczka fue detenido el 28 de agosto en Loreto, Corrientes, mientras que Sebasti\u00e1n fue capturado el 29 de agosto en San Juan de la Sierra, Misiones.<strong>\u00a0Ambos fueron trasladados a la Unidad Penal de Cerro Azul,<\/strong>\u00a0donde permanecen bajo prisi\u00f3n preventiva tras su paso inicial por la Comisar\u00eda Seccional Segunda de Ap\u00f3stoles.<\/p>\n<p>El caso tambi\u00e9n tuvo consecuencias pol\u00edticas. El 31 de agosto, Germ\u00e1n Kiczka fue destituido de su cargo como diputado provincial por unanimidad en la Legislatura misionera.<\/p>\n<p>Radio Sudamericana<\/p>\n<\/div>\n<\/div>\n","protected":false},"excerpt":{"rendered":"<p>El Juzgado de Instrucci\u00f3n 4 de Ap\u00f3stoles, a cargo del magistrado Miguel \u00c1ngel Far\u00eda, resolvi\u00f3 elevar a juicio la causa por pedofilia contra el exlegislador Germ\u00e1n Kiczka y su hermano Sebasti\u00e1n. &nbsp; Los acusados no presentaron oposici\u00f3n a trav\u00e9s de sus defensores a este avance en la causa, lo que permiti\u00f3 que la fiscal Silvia [&hellip;]<\/p>\n","protected":false},"author":3,"featured_media":61121,"comment_status":"open","ping_status":"open","sticky":false,"template":"","format":"standard","meta":{"footnotes":""},"categories":[8],"tags":[],"class_list":["post-61120","post","type-post","status-publish","format-standard","has-post-thumbnail","hentry","category-policiales"],"_links":{"self":[{"href":"https:\/\/informateesquina.com\/index.php?rest_route=\/wp\/v2\/posts\/61120","targetHints":{"allow":["GET"]}}],"collection":[{"href":"https:\/\/informateesquina.com\/index.php?rest_route=\/wp\/v2\/posts"}],"about":[{"href":"https:\/\/informateesquina.com\/index.php?rest_route=\/wp\/v2\/types\/post"}],"author":[{"embeddable":true,"href":"https:\/\/informateesquina.com\/index.php?rest_route=\/wp\/v2\/users\/3"}],"replies":[{"embeddable":true,"href":"https:\/\/informateesquina.com\/index.php?rest_route=%2Fwp%2Fv2%2Fcomments&post=61120"}],"version-history":[{"count":1,"href":"https:\/\/informateesquina.com\/index.php?rest_route=\/wp\/v2\/posts\/61120\/revisions"}],"predecessor-version":[{"id":61122,"href":"https:\/\/informateesquina.com\/index.php?rest_route=\/wp\/v2\/posts\/61120\/revisions\/61122"}],"wp:featuredmedia":[{"embeddable":true,"href":"https:\/\/informateesquina.com\/index.php?rest_route=\/wp\/v2\/media\/61121"}],"wp:attachment":[{"href":"https:\/\/informateesquina.com\/index.php?rest_route=%2Fwp%2Fv2%2Fmedia&parent=61120"}],"wp:term":[{"taxonomy":"category","embeddable":true,"href":"https:\/\/informateesquina.com\/index.php?rest_route=%2Fwp%2Fv2%2Fcategories&post=61120"},{"taxonomy":"post_tag","embeddable":true,"href":"https:\/\/informateesquina.com\/index.php?rest_route=%2Fwp%2Fv2%2Ftags&post=61120"}],"curies":[{"name":"wp","href":"https:\/\/api.w.org\/{rel}","templated":true}]}}