{"id":62058,"date":"2025-03-19T09:28:55","date_gmt":"2025-03-19T12:28:55","guid":{"rendered":"https:\/\/informateesquina.com\/?p=62058"},"modified":"2025-03-19T09:28:55","modified_gmt":"2025-03-19T12:28:55","slug":"denunciaron-al-pastor-de-una-comunidad-religiosa-por-abusar-de-sus-nietas","status":"publish","type":"post","link":"https:\/\/informateesquina.com\/?p=62058","title":{"rendered":"Denunciaron al pastor de una comunidad religiosa por abusar de sus nietas"},"content":{"rendered":"<div>\n<p class=\"copete\">Ordenaron la captura internacional de Antonio Daniel Villamea, quien se encuentra\u00a0pr\u00f3fugo. Los padres de las v\u00edctimas denuncian que otros familiares lo est\u00e1n refugiando. La primera denunciante tiene actualmente 15 a\u00f1os, aunque las agresiones comenzaron a suceder en 2017, cuando ten\u00eda aproximadamente 7 a\u00f1os.<\/p>\n<div>\n<div class=\"fotos-y-videos\">\n<div class=\"tab-content\">\n<div id=\"fotos\" class=\"tab-pane fade in active\" role=\"tabpanel\"><a class=\"fotos-desarrollo unlink\" title=\"Denunciaron al pastor de una comunidad religiosa por abusar de sus nietas\" href=\"https:\/\/www.radiosudamericana.com\/notix\/multimedia\/imagenes\/fotos\/2025-03-19\/372102.jpg\"><img loading=\"lazy\" decoding=\"async\" class=\"img-responsive lazyload center-block\" src=\"https:\/\/www.radiosudamericana.com\/notix\/multimedia\/imagenes\/fotos\/2025-03-19\/372102.jpg_nota.jpg\" alt=\"Denunciaron al pastor de una comunidad religiosa por abusar de sus nietas\" width=\"700\" height=\"467\" \/><\/a><\/div>\n<\/div>\n<\/div>\n<div class=\"cuerpo\">\n<p>Antonio Daniel Villamea\u00a0(59) era un\u00a0pastor evangelista\u00a0de la localidad bonaerense de\u00a0Merlo. Ahora\u00a0se encuentra pr\u00f3fugo de la Justicia luego de que el juez de Garant\u00edas N\u00ba2 de Mor\u00f3n,\u00a0Ricardo Fraga, ordenara su\u00a0captura nacional e internacional\u00a0porque est\u00e1\u00a0acusado de abusar sexualmente de sus dos nietas en reiteradas oportunidades.<\/p>\n<p>&nbsp;<\/p>\n<p>La primer denunciante tiene actualmente 15 a\u00f1os, pero desde 2017 &#8211;cuando ten\u00eda 7&#8211; empez\u00f3 a sufrir abusos de su abuelo cuando quedaba a su cuidado.\u00a0Reci\u00e9n al mudarse de la vivienda que compart\u00edan con el abusador en septiembre del a\u00f1o pasado, la ni\u00f1a pudo contar\u00a0lo que hab\u00eda pasado.\u00a0Daiana, mam\u00e1 de la v\u00edctima e hija del imputado, hizo la denuncia luego de escuchar su relato y\u00a0ver que su hija estaba angustiada.<\/p>\n<p><strong><em>\u201cElla lo \u00fanico que nos dec\u00eda es \u2018quiero morir, no quiero vivir m\u00e1s\u2019; ah\u00ed est\u00e1bamos junto a mi esposo siendo fuertes, s\u00f3lo por ella a pesar de que nuestros corazones estaban destrozados en mil pedazos\u201d<\/em><\/strong>, cont\u00f3 Daiana y repas\u00f3 todas las entrevistas y pericias psiqui\u00e1tricas que pas\u00f3 su hija en los meses posteriores a la denuncia. Ella reiteraba sus deseos suicidas: tuvo p\u00e1nico de que nadie le creyera e intent\u00f3 suicidarse dos veces.<\/p>\n<p>El 18 de diciembre declar\u00f3 durante dos horas en una C\u00e1mara Gesell, donde volvi\u00f3 a poner en palabras los abusos.\u00a0<strong><em>\u201cR\u00e1pidamente, sali\u00f3 la fiscal y la jueza llorando a abrazarla y a decirle que es muy valiente, que ya no era necesario que vuelva a contar; que para ellas fue m\u00e1s que suficiente\u201d<\/em><\/strong>, agreg\u00f3 la mam\u00e1 de la v\u00edctima.<\/p>\n<p>La investigaci\u00f3n de la fiscal\u00a0Mar\u00eda Laura Cristini\u00a0permiti\u00f3 que a fines de febrero se emitiera el pedido de detenci\u00f3n.\u00a0<strong><em>&#8220;Despu\u00e9s de seis meses exigiendo, yendo todos los d\u00edas a la Fiscal\u00eda 12 de Mor\u00f3n, no descans\u00e9 un segundo. En estos meses pasamos por diferentes procedimientos&#8221;<\/em><\/strong>, cont\u00f3 en su perfil de Facebook Daiana y agreg\u00f3:\u00a0<strong><em>&#8220;Ahora s\u00ed Daniel Villamea vas a pagar por todo lo que hiciste!!\u00a0Y a esa gente que te rode\u00f3, haci\u00e9ndose la v\u00edctima de la historia, que se quede con vos, porque esos se encargaron de decir que todo es mentira, que inventamos todas estas cosas. Todo para cubrirte. Toda esa gente cosechar\u00e1 lo que sembr\u00f3&#8221;<\/em><\/strong>.<\/p>\n<p>Al denunciar, el c\u00edrculo familiar del pastor desestim\u00f3 el relato de la menor de edad y lo protegi\u00f3, seg\u00fan relat\u00f3 la madre. Ahora, luego de la \u00faltima entrevista de C\u00e1mara Gesell, Daiana no esper\u00f3 la justicia divina:\u00a0<strong><em>\u201cDios quiera que te encuentren ya y pagues todo lo que hiciste!!!!\u00a0Dios y la Justicia hablaron\u201d<\/em><\/strong>.<\/p>\n<p><a class=\"fotos-desarrollo unlink\" title=\"Denunciaron al pastor de una comunidad religiosa por abusar de sus nietas\" href=\"https:\/\/www.radiosudamericana.com\/notix\/multimedia\/imagenes\/fotos\/2025-03-19\/456546.jpg\"><img decoding=\"async\" class=\"img-responsive\" src=\"https:\/\/www.radiosudamericana.com\/notix\/multimedia\/imagenes\/fotos\/2025-03-19\/456546.jpg_nota.jpg\" \/><\/a><\/p>\n<p>En el barrio Libertad, siete de los hijos del pastor se pelearon en la calle este martes porque est\u00e1n dividos: tres de ellos quieren que vaya preso y ahora le creen a la v\u00edctima. El conflicto inici\u00f3 porque algunos de ellos quer\u00edan hablar con la prensa.\u00a0<strong><em>&#8220;Llegaron mis hermanos a querer defender a una persona indefendible&#8221;<\/em><\/strong>, critic\u00f3 Daiana luego de que la agarraran y la amenazaran.<\/p>\n<p>Villamea\u00a0est\u00e1 acusado de los delitos de abuso sexual con acceso carnal agravado por ser familiar y cuidador de una menor de 13 a\u00f1os reiterado en al menos dos oportunidades y por corrupci\u00f3n de menores agravada por la misma calidad de su autor.<\/p>\n<p>Tambi\u00e9n est\u00e1 imputado por\u00a0abuso sexual gravemente ultrajante\u00a0para la v\u00edctima por su duraci\u00f3n y por las circunstancias de su realizaci\u00f3n por otra nieta suya, tambi\u00e9n menor de edad que sum\u00f3 su testimonio recientemente. Esta \u00faltima est\u00e1 siendo sometida a pericias psicol\u00f3gicas.\u00a0Ambas menores est\u00e1n haciendo tratamiento psicol\u00f3gico.<\/p>\n<p>El lunes Daiana cont\u00f3 que llam\u00f3 10 veces para informar que el pastor abusador estaba en su domicilio y la polic\u00eda nunca lleg\u00f3. Los hermanos de Daiana lo estar\u00edan &#8220;refugiando&#8221;. Mat\u00edas, hijo del pastor y padre de la otra ni\u00f1a abusada, y su pareja, tambi\u00e9n denunciaron esto.<\/p>\n<\/div>\n<\/div>\n<\/div>\n","protected":false},"excerpt":{"rendered":"<p>Ordenaron la captura internacional de Antonio Daniel Villamea, quien se encuentra\u00a0pr\u00f3fugo. Los padres de las v\u00edctimas denuncian que otros familiares lo est\u00e1n refugiando. La primera denunciante tiene actualmente 15 a\u00f1os, aunque las agresiones comenzaron a suceder en 2017, cuando ten\u00eda aproximadamente 7 a\u00f1os. Antonio Daniel Villamea\u00a0(59) era un\u00a0pastor evangelista\u00a0de la localidad bonaerense de\u00a0Merlo. Ahora\u00a0se encuentra [&hellip;]<\/p>\n","protected":false},"author":3,"featured_media":62059,"comment_status":"open","ping_status":"open","sticky":false,"template":"","format":"standard","meta":{"footnotes":""},"categories":[8],"tags":[],"class_list":["post-62058","post","type-post","status-publish","format-standard","has-post-thumbnail","hentry","category-policiales"],"_links":{"self":[{"href":"https:\/\/informateesquina.com\/index.php?rest_route=\/wp\/v2\/posts\/62058","targetHints":{"allow":["GET"]}}],"collection":[{"href":"https:\/\/informateesquina.com\/index.php?rest_route=\/wp\/v2\/posts"}],"about":[{"href":"https:\/\/informateesquina.com\/index.php?rest_route=\/wp\/v2\/types\/post"}],"author":[{"embeddable":true,"href":"https:\/\/informateesquina.com\/index.php?rest_route=\/wp\/v2\/users\/3"}],"replies":[{"embeddable":true,"href":"https:\/\/informateesquina.com\/index.php?rest_route=%2Fwp%2Fv2%2Fcomments&post=62058"}],"version-history":[{"count":1,"href":"https:\/\/informateesquina.com\/index.php?rest_route=\/wp\/v2\/posts\/62058\/revisions"}],"predecessor-version":[{"id":62060,"href":"https:\/\/informateesquina.com\/index.php?rest_route=\/wp\/v2\/posts\/62058\/revisions\/62060"}],"wp:featuredmedia":[{"embeddable":true,"href":"https:\/\/informateesquina.com\/index.php?rest_route=\/wp\/v2\/media\/62059"}],"wp:attachment":[{"href":"https:\/\/informateesquina.com\/index.php?rest_route=%2Fwp%2Fv2%2Fmedia&parent=62058"}],"wp:term":[{"taxonomy":"category","embeddable":true,"href":"https:\/\/informateesquina.com\/index.php?rest_route=%2Fwp%2Fv2%2Fcategories&post=62058"},{"taxonomy":"post_tag","embeddable":true,"href":"https:\/\/informateesquina.com\/index.php?rest_route=%2Fwp%2Fv2%2Ftags&post=62058"}],"curies":[{"name":"wp","href":"https:\/\/api.w.org\/{rel}","templated":true}]}}