{"id":62097,"date":"2025-03-20T22:29:00","date_gmt":"2025-03-21T01:29:00","guid":{"rendered":"https:\/\/informateesquina.com\/?p=62097"},"modified":"2025-03-20T22:29:07","modified_gmt":"2025-03-21T01:29:07","slug":"alexis-mac-allister-y-ailen-cova-anunciaron-que-esperan-a-su-primer-hijo","status":"publish","type":"post","link":"https:\/\/informateesquina.com\/?p=62097","title":{"rendered":"Alexis Mac Allister y Ail\u00e9n Cova anunciaron que esperan a su primer hijo"},"content":{"rendered":"<div>\n<p class=\"copete\"><a class=\"fotos-desarrollo unlink\" title=\"Alexis Mac Allister y Ail\u00e9n Cova anunciaron que esperan a su primer hijo\" href=\"https:\/\/www.radiosudamericana.com\/notix\/multimedia\/imagenes\/fotos\/2025-03-20\/646767.jpg\"><img loading=\"lazy\" decoding=\"async\" class=\"img-responsive lazyload center-block\" src=\"https:\/\/www.radiosudamericana.com\/notix\/multimedia\/imagenes\/fotos\/2025-03-20\/646767.jpg_nota.jpg\" alt=\"Alexis Mac Allister y Ail\u00e9n Cova anunciaron que esperan a su primer hijo\" width=\"700\" height=\"626\" \/><\/a><\/p>\n<\/div>\n<p>&nbsp;<\/p>\n<div class=\"cuerpo\">\n<p>Alexis Mac Allister\u00a0y\u00a0Ail\u00e9n Cova\u00a0anunciaron que esperan a su primer hijo.\u00a0La novia del campe\u00f3n del mundo est\u00e1 en el tercer mes de gestaci\u00f3n y comparti\u00f3 un tierno video en el que mostr\u00f3 c\u00f3mo atraviesan este momento. Adem\u00e1s, mostraron la primera ecograf\u00eda del beb\u00e9.<\/p>\n<p>\u201cTe deseamos y amamos con todo nuestro coraz\u00f3n. Nos vemos prontito\u201c, asegur\u00f3 la influencer.<\/p>\n<p>&nbsp;<\/p>\n<p>Simult\u00e1neamente a su posteo, \u00c1ngel de Brito dio a conocer detalles del embarazo. \u201cEsta pareja tuvo un esc\u00e1ndalo, que persiste y persistir\u00e1. Son j\u00f3venes. El esc\u00e1ndalo involucra a ellos y a otros. Tienen familia famosa y ex famosos\u201d, precis\u00f3 el conductor al aire de\u00a0LAM (Am\u00e9rica).<\/p>\n<p>&nbsp;<\/p>\n<p>Seg\u00fan cont\u00f3 la periodista Julieta Argenta, el grupo de la selecci\u00f3n argentina recibi\u00f3 muy bien la noticia y se alegraron por su compa\u00f1ero y su pareja. Tras darse a conocer la informaci\u00f3n, el nombre de Cami Mayan, ex del mediocampista del Liverpool, se convirti\u00f3 en tendencia en X.<\/p>\n<p>De acuerdo con lo que informaron en el programa de chimentos, todav\u00eda no hab\u00edan hecho p\u00fablica la noticia del embarazo porque a\u00fan no lo sab\u00eda la abuela de la influencer y amiga de toda la vida de Alexis.<\/p>\n<p><a class=\"fotos-desarrollo unlink\" title=\"Alexis Mac Allister y Ail\u00e9n Cova anunciaron que esperan a su primer hijo\" href=\"https:\/\/www.radiosudamericana.com\/notix\/multimedia\/imagenes\/fotos\/2025-03-20\/950338.jpg\"><img decoding=\"async\" class=\"img-responsive\" src=\"https:\/\/www.radiosudamericana.com\/notix\/multimedia\/imagenes\/fotos\/2025-03-20\/950338.jpg_nota.jpg\" \/><\/a><\/p>\n<p><strong>C\u00f3mo naci\u00f3 el romance entre Alexis Mac Allister y Ail\u00e9n Cova, su amiga de toda la vida<\/strong><\/p>\n<p>El jugador de Liverpool\u00a0Alexis Mac Allister\u00a0se encuentra viviendo\u00a0un romance\u00a0que cuando naci\u00f3 gener\u00f3\u00a0esc\u00e1ndalo\u00a0porque en ese momento el futbolista llevaba 5 a\u00f1os de noviazgo con la que ahora es su ex pareja. Pero el campe\u00f3n del mundo en Qatar\u00a0se enamor\u00f3 de\u00a0Ail\u00e9n Cova, una amiga de toda la vida,\u00a0y apost\u00f3 por esa relaci\u00f3n.<\/p>\n<p>En el transcurso del Mundial,\u00a0Camila Mayan, ex novia de Alexis,\u00a0lo acompa\u00f1\u00f3\u00a0y estuvo junto a las otras parejas de los futbolistas siguiendo el torneo en el que el hijo del Colorado Mac Allister se consagr\u00f3 definitivamente.<\/p>\n<p>\u201cLo not\u00e9 muy fr\u00edo conmigo. Estaba como distante, pero lo atribu\u00ed a que necesitaba concentrarse en el Mundial y pens\u00e9 que era una situaci\u00f3n normal\u201d, confes\u00f3 despu\u00e9s de la ruptura la propia Camila, que\u00a0hab\u00eda iniciado su romance con Alexis en 2017.<\/p>\n<p>&nbsp;<\/p>\n<p>Sin embargo, para ese entonces\u00a0el jugador ya hab\u00eda iniciado una historia con Ail\u00e9n,\u00a0su gran amiga desde la adolescencia.\u00a0Durante a\u00f1os se hab\u00edan\u00a0contado todo, pero la joven siempre sinti\u00f3 algo m\u00e1s por el futbolista. A punto tal que hace poco\u00a0trascendieron mensajes de 2011 y de 2012 en los que le confesaba su amor a Alexis.<\/p>\n<p>Hace 10 a\u00f1os, en un mensaje por el d\u00eda del amigo, Ail\u00e9n escribi\u00f3\u00a0\u201cAlexis, te amo\u201d\u00a0y el volante surgido de Argentinos Juniors y con un fugaz paso por Boca Juniors (antes de partir a la Premier League para sumarse al Brighton)\u00a0siempre le contest\u00f3 con cari\u00f1o, en el marco de una relaci\u00f3n que\u00a0hasta ah\u00ed era solo de amistad.<\/p>\n<\/div>\n","protected":false},"excerpt":{"rendered":"<p>&nbsp; Alexis Mac Allister\u00a0y\u00a0Ail\u00e9n Cova\u00a0anunciaron que esperan a su primer hijo.\u00a0La novia del campe\u00f3n del mundo est\u00e1 en el tercer mes de gestaci\u00f3n y comparti\u00f3 un tierno video en el que mostr\u00f3 c\u00f3mo atraviesan este momento. Adem\u00e1s, mostraron la primera ecograf\u00eda del beb\u00e9. \u201cTe deseamos y amamos con todo nuestro coraz\u00f3n. Nos vemos prontito\u201c, asegur\u00f3 [&hellip;]<\/p>\n","protected":false},"author":3,"featured_media":62098,"comment_status":"open","ping_status":"open","sticky":false,"template":"","format":"standard","meta":{"footnotes":""},"categories":[4,1],"tags":[],"class_list":["post-62097","post","type-post","status-publish","format-standard","has-post-thumbnail","hentry","category-espectaculos","category-sin-categoria"],"_links":{"self":[{"href":"https:\/\/informateesquina.com\/index.php?rest_route=\/wp\/v2\/posts\/62097","targetHints":{"allow":["GET"]}}],"collection":[{"href":"https:\/\/informateesquina.com\/index.php?rest_route=\/wp\/v2\/posts"}],"about":[{"href":"https:\/\/informateesquina.com\/index.php?rest_route=\/wp\/v2\/types\/post"}],"author":[{"embeddable":true,"href":"https:\/\/informateesquina.com\/index.php?rest_route=\/wp\/v2\/users\/3"}],"replies":[{"embeddable":true,"href":"https:\/\/informateesquina.com\/index.php?rest_route=%2Fwp%2Fv2%2Fcomments&post=62097"}],"version-history":[{"count":1,"href":"https:\/\/informateesquina.com\/index.php?rest_route=\/wp\/v2\/posts\/62097\/revisions"}],"predecessor-version":[{"id":62099,"href":"https:\/\/informateesquina.com\/index.php?rest_route=\/wp\/v2\/posts\/62097\/revisions\/62099"}],"wp:featuredmedia":[{"embeddable":true,"href":"https:\/\/informateesquina.com\/index.php?rest_route=\/wp\/v2\/media\/62098"}],"wp:attachment":[{"href":"https:\/\/informateesquina.com\/index.php?rest_route=%2Fwp%2Fv2%2Fmedia&parent=62097"}],"wp:term":[{"taxonomy":"category","embeddable":true,"href":"https:\/\/informateesquina.com\/index.php?rest_route=%2Fwp%2Fv2%2Fcategories&post=62097"},{"taxonomy":"post_tag","embeddable":true,"href":"https:\/\/informateesquina.com\/index.php?rest_route=%2Fwp%2Fv2%2Ftags&post=62097"}],"curies":[{"name":"wp","href":"https:\/\/api.w.org\/{rel}","templated":true}]}}