{"id":62105,"date":"2025-03-20T22:44:22","date_gmt":"2025-03-21T01:44:22","guid":{"rendered":"https:\/\/informateesquina.com\/?p=62105"},"modified":"2025-03-20T22:45:02","modified_gmt":"2025-03-21T01:45:02","slug":"con-aumento-el-martes-25-iniciaria-el-pago-de-sueldos-para-estatales","status":"publish","type":"post","link":"https:\/\/informateesquina.com\/?p=62105","title":{"rendered":"Con aumento el martes 25 iniciar\u00eda el pago de sueldos para estatales"},"content":{"rendered":"<div>\n<p class=\"copete\">De acuerdo a la informaci\u00f3n a la que accedi\u00f3 Sudamericana, el pago de sueldos para los empleados de la Administraci\u00f3n P\u00fablica de la provincia de Corrientes comenzar\u00eda el pr\u00f3ximo martes 25 de marzo.<\/p>\n<\/div>\n<div class=\"cuerpo\">\n<p>&nbsp;<\/p>\n<p>El cronograma iniciar\u00eda con los DNI terminados en 0 y 1, hasta el lunes 31 inclusive. Cabe aclarar que los sueldos de marzo tendr\u00e1 un incremento del 13%, tal como lo hab\u00eda anunciado el Gobierno de Corrientes el pasado 11 de marzo.<\/p>\n<\/div>\n","protected":false},"excerpt":{"rendered":"<p>De acuerdo a la informaci\u00f3n a la que accedi\u00f3 Sudamericana, el pago de sueldos para los empleados de la Administraci\u00f3n P\u00fablica de la provincia de Corrientes comenzar\u00eda el pr\u00f3ximo martes 25 de marzo. &nbsp; El cronograma iniciar\u00eda con los DNI terminados en 0 y 1, hasta el lunes 31 inclusive. Cabe aclarar que los sueldos [&hellip;]<\/p>\n","protected":false},"author":3,"featured_media":61903,"comment_status":"open","ping_status":"open","sticky":false,"template":"","format":"standard","meta":{"footnotes":""},"categories":[10],"tags":[],"class_list":["post-62105","post","type-post","status-publish","format-standard","has-post-thumbnail","hentry","category-provinciales"],"_links":{"self":[{"href":"https:\/\/informateesquina.com\/index.php?rest_route=\/wp\/v2\/posts\/62105","targetHints":{"allow":["GET"]}}],"collection":[{"href":"https:\/\/informateesquina.com\/index.php?rest_route=\/wp\/v2\/posts"}],"about":[{"href":"https:\/\/informateesquina.com\/index.php?rest_route=\/wp\/v2\/types\/post"}],"author":[{"embeddable":true,"href":"https:\/\/informateesquina.com\/index.php?rest_route=\/wp\/v2\/users\/3"}],"replies":[{"embeddable":true,"href":"https:\/\/informateesquina.com\/index.php?rest_route=%2Fwp%2Fv2%2Fcomments&post=62105"}],"version-history":[{"count":1,"href":"https:\/\/informateesquina.com\/index.php?rest_route=\/wp\/v2\/posts\/62105\/revisions"}],"predecessor-version":[{"id":62106,"href":"https:\/\/informateesquina.com\/index.php?rest_route=\/wp\/v2\/posts\/62105\/revisions\/62106"}],"wp:featuredmedia":[{"embeddable":true,"href":"https:\/\/informateesquina.com\/index.php?rest_route=\/wp\/v2\/media\/61903"}],"wp:attachment":[{"href":"https:\/\/informateesquina.com\/index.php?rest_route=%2Fwp%2Fv2%2Fmedia&parent=62105"}],"wp:term":[{"taxonomy":"category","embeddable":true,"href":"https:\/\/informateesquina.com\/index.php?rest_route=%2Fwp%2Fv2%2Fcategories&post=62105"},{"taxonomy":"post_tag","embeddable":true,"href":"https:\/\/informateesquina.com\/index.php?rest_route=%2Fwp%2Fv2%2Ftags&post=62105"}],"curies":[{"name":"wp","href":"https:\/\/api.w.org\/{rel}","templated":true}]}}