{"id":62107,"date":"2025-03-21T09:30:25","date_gmt":"2025-03-21T12:30:25","guid":{"rendered":"https:\/\/informateesquina.com\/?p=62107"},"modified":"2025-03-21T09:30:25","modified_gmt":"2025-03-21T12:30:25","slug":"valdes-anuncio-la-reactivacion-de-la-obra-de-la-autovia-sobre-ruta-12","status":"publish","type":"post","link":"https:\/\/informateesquina.com\/?p=62107","title":{"rendered":"Vald\u00e9s anunci\u00f3 la reactivaci\u00f3n de la obra de la autov\u00eda sobre ruta 12"},"content":{"rendered":"<p class=\"copete\">A trav\u00e9s de sus redes sociales, el gobernador Gustavo\u00a0Vald\u00e9s comparti\u00f3 la noticia y destac\u00f3 la importancia de esta obra para mejorar la conectividad y la seguridad vial en la regi\u00f3n.<\/p>\n<div>\n<div>\n<div class=\"fotos-y-videos\">\n<div class=\"tab-content\">\n<div id=\"fotos\" class=\"tab-pane fade in active\" role=\"tabpanel\"><a class=\"fotos-desarrollo unlink\" title=\"Vald\u00e9s anunci\u00f3 la reactivaci\u00f3n de la obra de la autov\u00eda sobre ruta 12\" href=\"https:\/\/www.radiosudamericana.com\/notix\/multimedia\/imagenes\/fotos\/2025-03-20\/190209.jpg\"><img loading=\"lazy\" decoding=\"async\" class=\"img-responsive lazyload center-block\" src=\"https:\/\/www.radiosudamericana.com\/notix\/multimedia\/imagenes\/fotos\/2025-03-20\/190209.jpg_nota.jpg\" alt=\"Vald\u00e9s anunci\u00f3 la reactivaci\u00f3n de la obra de la autov\u00eda sobre ruta 12\" width=\"700\" height=\"393\" \/><\/a><\/div>\n<\/div>\n<\/div>\n<div class=\"cuerpo\">\n<p>El gobernador Gustavo Vald\u00e9s anunci\u00f3 la reactivaci\u00f3n de las obras en la autov\u00eda de la Ruta Nacional 12, en el ingreso a la ciudad de Corrientes. Tras una reuni\u00f3n en Buenos Aires con el secretario de Finanzas de la Naci\u00f3n, Pablo Quirno, se logr\u00f3 destrabar los fondos necesarios para continuar con el proyecto.<\/p>\n<p><a class=\"fotos-desarrollo unlink\" title=\"Vald\u00e9s anunci\u00f3 la reactivaci\u00f3n de la obra de la autov\u00eda sobre ruta 12\" href=\"https:\/\/www.radiosudamericana.com\/notix\/multimedia\/imagenes\/fotos\/2025-03-20\/743487.jpeg\"><img decoding=\"async\" class=\"img-responsive\" src=\"https:\/\/www.radiosudamericana.com\/notix\/multimedia\/imagenes\/fotos\/2025-03-20\/743487.jpeg_nota.jpeg\" \/><\/a><\/p>\n<\/div>\n<\/div>\n<div id=\"Native-MultiPlex\" data-google-query-id=\"CIaimaWWm4wDFYdJuAQdeBYBrQ\">\n<div id=\"google_ads_iframe_\/21849154601,21669678094\/Ad.Plus-MultiPlex_0__container__\">Radio Sudamericana<\/div>\n<\/div>\n<\/div>\n","protected":false},"excerpt":{"rendered":"<p>A trav\u00e9s de sus redes sociales, el gobernador Gustavo\u00a0Vald\u00e9s comparti\u00f3 la noticia y destac\u00f3 la importancia de esta obra para mejorar la conectividad y la seguridad vial en la regi\u00f3n. El gobernador Gustavo Vald\u00e9s anunci\u00f3 la reactivaci\u00f3n de las obras en la autov\u00eda de la Ruta Nacional 12, en el ingreso a la ciudad de [&hellip;]<\/p>\n","protected":false},"author":3,"featured_media":62108,"comment_status":"open","ping_status":"open","sticky":false,"template":"","format":"standard","meta":{"footnotes":""},"categories":[9],"tags":[],"class_list":["post-62107","post","type-post","status-publish","format-standard","has-post-thumbnail","hentry","category-politica"],"_links":{"self":[{"href":"https:\/\/informateesquina.com\/index.php?rest_route=\/wp\/v2\/posts\/62107","targetHints":{"allow":["GET"]}}],"collection":[{"href":"https:\/\/informateesquina.com\/index.php?rest_route=\/wp\/v2\/posts"}],"about":[{"href":"https:\/\/informateesquina.com\/index.php?rest_route=\/wp\/v2\/types\/post"}],"author":[{"embeddable":true,"href":"https:\/\/informateesquina.com\/index.php?rest_route=\/wp\/v2\/users\/3"}],"replies":[{"embeddable":true,"href":"https:\/\/informateesquina.com\/index.php?rest_route=%2Fwp%2Fv2%2Fcomments&post=62107"}],"version-history":[{"count":1,"href":"https:\/\/informateesquina.com\/index.php?rest_route=\/wp\/v2\/posts\/62107\/revisions"}],"predecessor-version":[{"id":62109,"href":"https:\/\/informateesquina.com\/index.php?rest_route=\/wp\/v2\/posts\/62107\/revisions\/62109"}],"wp:featuredmedia":[{"embeddable":true,"href":"https:\/\/informateesquina.com\/index.php?rest_route=\/wp\/v2\/media\/62108"}],"wp:attachment":[{"href":"https:\/\/informateesquina.com\/index.php?rest_route=%2Fwp%2Fv2%2Fmedia&parent=62107"}],"wp:term":[{"taxonomy":"category","embeddable":true,"href":"https:\/\/informateesquina.com\/index.php?rest_route=%2Fwp%2Fv2%2Fcategories&post=62107"},{"taxonomy":"post_tag","embeddable":true,"href":"https:\/\/informateesquina.com\/index.php?rest_route=%2Fwp%2Fv2%2Ftags&post=62107"}],"curies":[{"name":"wp","href":"https:\/\/api.w.org\/{rel}","templated":true}]}}