{"id":62110,"date":"2025-03-21T09:37:42","date_gmt":"2025-03-21T12:37:42","guid":{"rendered":"https:\/\/informateesquina.com\/?p=62110"},"modified":"2025-03-21T09:37:42","modified_gmt":"2025-03-21T12:37:42","slug":"detuvieron-a-un-hombre-que-era-buscado-por-un-robo-en-la-pampa","status":"publish","type":"post","link":"https:\/\/informateesquina.com\/?p=62110","title":{"rendered":"Detuvieron a un hombre que era buscado por un robo en La Pampa"},"content":{"rendered":"<div>\n<p class=\"copete\">El operativo se realiz\u00f3 en la noche del jueves en la zona del Parque Mitre de la ciudad de Corrientes. El detenido era buscado por estar vinculado a un importante robo en la provincia de La Pampa. El procedimiento lo realizaron en un trabajo en conjunto entre la Polic\u00eda de Corrientes y Chaco.<\/p>\n<div>\n<div class=\"fotos-y-videos\">\n<div class=\"tab-content\">\n<div id=\"fotos\" class=\"tab-pane fade in active\" role=\"tabpanel\"><a class=\"fotos-desarrollo unlink\" title=\"Detuvieron a un hombre que era buscado por un robo en La Pampa\" href=\"https:\/\/www.radiosudamericana.com\/notix\/multimedia\/imagenes\/fotos\/2025-03-21\/592148.jpg\"><img loading=\"lazy\" decoding=\"async\" class=\"img-responsive lazyload center-block\" src=\"https:\/\/www.radiosudamericana.com\/notix\/multimedia\/imagenes\/fotos\/2025-03-21\/592148.jpg_nota.jpg\" alt=\"Detuvieron a un hombre que era buscado por un robo en La Pampa\" width=\"700\" height=\"525\" \/><\/a><\/div>\n<\/div>\n<\/div>\n<div class=\"cuerpo\">\n<p>De acuerdo a la informaci\u00f3n a la que accedi\u00f3 Radio Sudamericana en la noche del jueves detuvieron en cercan\u00edas del Parque Mitre de la ciudad de Corrientes, a un sujeto que era intensamente buscado por estar vinculado a un robo en la zona rural de la provincia de La Pampa.<\/p>\n<p><a class=\"fotos-desarrollo unlink\" title=\"Detuvieron a un hombre que era buscado por un robo en La Pampa\" href=\"https:\/\/www.radiosudamericana.com\/notix\/multimedia\/imagenes\/fotos\/2025-03-21\/939810.jpg\"><img decoding=\"async\" class=\"img-responsive\" src=\"https:\/\/www.radiosudamericana.com\/notix\/multimedia\/imagenes\/fotos\/2025-03-21\/939810.jpg_nota.jpg\" \/><\/a><\/p>\n<p>El operativo fue realizado por personal de la Polic\u00eda de Corrientes y Chaco que tras una investigaci\u00f3n lograron encontrar en esta provincia al hombre el cual fue identificado como J. A. Machado, oriundo de Buenos Aires.<\/p>\n<p>&nbsp;<\/p>\n<div id=\"leermas\"><\/div>\n<p>&nbsp;<\/p>\n<p>Los uniformados lograron contactarse con Machado, haci\u00e9ndose pasar por potenciales compradores de un autom\u00f3vil que estaba vendiendo Marketplace de la red social Facebook. El detenido estaba viviendo en una propiedad ubicada en el paraje El Perichon, hasta donde llegaron los investigadores para constatar el domicilio.<\/p>\n<p><a class=\"fotos-desarrollo unlink\" title=\"Detuvieron a un hombre que era buscado por un robo en La Pampa\" href=\"https:\/\/www.radiosudamericana.com\/notix\/multimedia\/imagenes\/fotos\/2025-03-21\/796175.jpg\"><img decoding=\"async\" class=\"img-responsive\" src=\"https:\/\/www.radiosudamericana.com\/notix\/multimedia\/imagenes\/fotos\/2025-03-21\/796175.jpg_nota.jpg\" \/><\/a><\/p>\n<p>Con el trascurrir de las horas la comunicaci\u00f3n entre los polic\u00edas (supuesto interesado en el veh\u00edculo) y Machado, este \u00faltimo indic\u00f3 que estaba llegando a inmediaciones del Parque Mitre lugar donde finalmente fue aprehendido y trasladado a la Comisar\u00eda Cuarta.<\/p>\n<p><a class=\"fotos-desarrollo unlink\" title=\"Detuvieron a un hombre que era buscado por un robo en La Pampa\" href=\"https:\/\/www.radiosudamericana.com\/notix\/multimedia\/imagenes\/fotos\/2025-03-21\/988722.jpg\"><img decoding=\"async\" class=\"img-responsive\" src=\"https:\/\/www.radiosudamericana.com\/notix\/multimedia\/imagenes\/fotos\/2025-03-21\/988722.jpg_nota.jpg\" \/><\/a><\/p>\n<p>Cabe destacar que el hombre de 40 a\u00f1os est\u00e1 imputado en un robo cometido en enero de este a\u00f1o, en la provincia de La Pampa, donde en zona rural, junto a sus c\u00f3mplices, armados, con capuchas colocadas y luego de maniatar a una pareja de adultos mayores, robaron elevada suma de miles de d\u00f3lares, millonaria suma de pesos argentinos joyas y alhajas, y otros elementos, por lo que es considerado de gran peligrosidad.<\/p>\n<\/div>\n<p>Radio Sudamericana<\/p>\n<\/div>\n<\/div>\n","protected":false},"excerpt":{"rendered":"<p>El operativo se realiz\u00f3 en la noche del jueves en la zona del Parque Mitre de la ciudad de Corrientes. El detenido era buscado por estar vinculado a un importante robo en la provincia de La Pampa. El procedimiento lo realizaron en un trabajo en conjunto entre la Polic\u00eda de Corrientes y Chaco. De acuerdo [&hellip;]<\/p>\n","protected":false},"author":3,"featured_media":62111,"comment_status":"open","ping_status":"open","sticky":false,"template":"","format":"standard","meta":{"footnotes":""},"categories":[1],"tags":[],"class_list":["post-62110","post","type-post","status-publish","format-standard","has-post-thumbnail","hentry","category-sin-categoria"],"_links":{"self":[{"href":"https:\/\/informateesquina.com\/index.php?rest_route=\/wp\/v2\/posts\/62110","targetHints":{"allow":["GET"]}}],"collection":[{"href":"https:\/\/informateesquina.com\/index.php?rest_route=\/wp\/v2\/posts"}],"about":[{"href":"https:\/\/informateesquina.com\/index.php?rest_route=\/wp\/v2\/types\/post"}],"author":[{"embeddable":true,"href":"https:\/\/informateesquina.com\/index.php?rest_route=\/wp\/v2\/users\/3"}],"replies":[{"embeddable":true,"href":"https:\/\/informateesquina.com\/index.php?rest_route=%2Fwp%2Fv2%2Fcomments&post=62110"}],"version-history":[{"count":1,"href":"https:\/\/informateesquina.com\/index.php?rest_route=\/wp\/v2\/posts\/62110\/revisions"}],"predecessor-version":[{"id":62112,"href":"https:\/\/informateesquina.com\/index.php?rest_route=\/wp\/v2\/posts\/62110\/revisions\/62112"}],"wp:featuredmedia":[{"embeddable":true,"href":"https:\/\/informateesquina.com\/index.php?rest_route=\/wp\/v2\/media\/62111"}],"wp:attachment":[{"href":"https:\/\/informateesquina.com\/index.php?rest_route=%2Fwp%2Fv2%2Fmedia&parent=62110"}],"wp:term":[{"taxonomy":"category","embeddable":true,"href":"https:\/\/informateesquina.com\/index.php?rest_route=%2Fwp%2Fv2%2Fcategories&post=62110"},{"taxonomy":"post_tag","embeddable":true,"href":"https:\/\/informateesquina.com\/index.php?rest_route=%2Fwp%2Fv2%2Ftags&post=62110"}],"curies":[{"name":"wp","href":"https:\/\/api.w.org\/{rel}","templated":true}]}}