{"id":62113,"date":"2025-03-21T17:08:52","date_gmt":"2025-03-21T20:08:52","guid":{"rendered":"https:\/\/informateesquina.com\/?p=62113"},"modified":"2025-03-21T17:08:52","modified_gmt":"2025-03-21T20:08:52","slug":"murio-un-motociclista-tras-chocar-contra-un-tractor-sobre-ruta-12","status":"publish","type":"post","link":"https:\/\/informateesquina.com\/?p=62113","title":{"rendered":"Muri\u00f3 un motociclista tras chocar contra un tractor sobre Ruta 12"},"content":{"rendered":"<div>\n<p class=\"copete\">El siniestro ocurri\u00f3 en la zona del monumento \u201cEl \u00c1guila\u201d e involucr\u00f3 a dos hombres. Seg\u00fan las primeras averiguaciones, el otro conductor est\u00e1 grave.<\/p>\n<div>\n<div class=\"fotos-y-videos\">\n<div class=\"tab-content\">\n<div id=\"fotos\" class=\"tab-pane fade in active\" role=\"tabpanel\"><a class=\"fotos-desarrollo unlink\" title=\"Muri\u00f3 un motociclista tras chocar contra un tractor sobre Ruta 12\" href=\"https:\/\/www.radiosudamericana.com\/notix\/multimedia\/imagenes\/fotos\/2025-03-21\/730570.jpg\"><img loading=\"lazy\" decoding=\"async\" class=\"img-responsive lazyload center-block\" src=\"https:\/\/www.radiosudamericana.com\/notix\/multimedia\/imagenes\/fotos\/2025-03-21\/730570.jpg_nota.jpg\" alt=\"Muri\u00f3 un motociclista tras chocar contra un tractor sobre Ruta 12\" width=\"700\" height=\"424\" \/><\/a><\/div>\n<\/div>\n<\/div>\n<div class=\"cuerpo\">\n<p>Un fatal accidente de tr\u00e1nsito ocurri\u00f3 este viernes al mediod\u00eda sobre la Ruta Nacional N\u00b012, a la altura del barrio Merceditas Collantes, en la zona del monumento \u201cEl \u00c1guila\u201d. En el siniestro estuvieron involucrados un tractor y dos motocicletas, dejando como saldo la muerte de uno de los conductores y otro gravemente herido.<\/p>\n<p>&nbsp;<\/p>\n<div id=\"leermas\"><\/div>\n<p>&nbsp;<\/p>\n<p>Seg\u00fan las primeras investigaciones a la que accedi\u00f3 la redacci\u00f3n de Radio Sudamericana, el choque se produjo entre un tractor manejado por un hombre mayor de edad y dos motocicletas: una Honda Wave y una Honda Titan. El conductor de esta \u00faltima perdi\u00f3 la vida en el lugar, mientras que el joven que manejaba el otro rodado fue trasladado de urgencia al Hospital Escuela con lesiones de gravedad.<\/p>\n<p><a class=\"fotos-desarrollo unlink\" title=\"Muri\u00f3 un motociclista tras chocar contra un tractor sobre Ruta 12\" href=\"https:\/\/www.radiosudamericana.com\/notix\/multimedia\/imagenes\/fotos\/2025-03-21\/983942.jpg\"><img decoding=\"async\" class=\"img-responsive\" src=\"https:\/\/www.radiosudamericana.com\/notix\/multimedia\/imagenes\/fotos\/2025-03-21\/983942.jpg_nota.jpg\" \/><\/a><\/p>\n<p>Las autoridades policiales trabajan en el lugar para realizar las pericias correspondientes y determinar la mec\u00e1nica del accidente. La Comisar\u00eda 16\u00aa Urbana interviene en el caso por cuestiones de jurisdicci\u00f3n.<\/p>\n<p>Radio Sudamericana<\/p>\n<\/div>\n<\/div>\n<\/div>\n","protected":false},"excerpt":{"rendered":"<p>El siniestro ocurri\u00f3 en la zona del monumento \u201cEl \u00c1guila\u201d e involucr\u00f3 a dos hombres. Seg\u00fan las primeras averiguaciones, el otro conductor est\u00e1 grave. Un fatal accidente de tr\u00e1nsito ocurri\u00f3 este viernes al mediod\u00eda sobre la Ruta Nacional N\u00b012, a la altura del barrio Merceditas Collantes, en la zona del monumento \u201cEl \u00c1guila\u201d. En el [&hellip;]<\/p>\n","protected":false},"author":3,"featured_media":62114,"comment_status":"open","ping_status":"open","sticky":false,"template":"","format":"standard","meta":{"footnotes":""},"categories":[8],"tags":[],"class_list":["post-62113","post","type-post","status-publish","format-standard","has-post-thumbnail","hentry","category-policiales"],"_links":{"self":[{"href":"https:\/\/informateesquina.com\/index.php?rest_route=\/wp\/v2\/posts\/62113","targetHints":{"allow":["GET"]}}],"collection":[{"href":"https:\/\/informateesquina.com\/index.php?rest_route=\/wp\/v2\/posts"}],"about":[{"href":"https:\/\/informateesquina.com\/index.php?rest_route=\/wp\/v2\/types\/post"}],"author":[{"embeddable":true,"href":"https:\/\/informateesquina.com\/index.php?rest_route=\/wp\/v2\/users\/3"}],"replies":[{"embeddable":true,"href":"https:\/\/informateesquina.com\/index.php?rest_route=%2Fwp%2Fv2%2Fcomments&post=62113"}],"version-history":[{"count":1,"href":"https:\/\/informateesquina.com\/index.php?rest_route=\/wp\/v2\/posts\/62113\/revisions"}],"predecessor-version":[{"id":62115,"href":"https:\/\/informateesquina.com\/index.php?rest_route=\/wp\/v2\/posts\/62113\/revisions\/62115"}],"wp:featuredmedia":[{"embeddable":true,"href":"https:\/\/informateesquina.com\/index.php?rest_route=\/wp\/v2\/media\/62114"}],"wp:attachment":[{"href":"https:\/\/informateesquina.com\/index.php?rest_route=%2Fwp%2Fv2%2Fmedia&parent=62113"}],"wp:term":[{"taxonomy":"category","embeddable":true,"href":"https:\/\/informateesquina.com\/index.php?rest_route=%2Fwp%2Fv2%2Fcategories&post=62113"},{"taxonomy":"post_tag","embeddable":true,"href":"https:\/\/informateesquina.com\/index.php?rest_route=%2Fwp%2Fv2%2Ftags&post=62113"}],"curies":[{"name":"wp","href":"https:\/\/api.w.org\/{rel}","templated":true}]}}