{"id":62116,"date":"2025-03-21T17:10:13","date_gmt":"2025-03-21T20:10:13","guid":{"rendered":"https:\/\/informateesquina.com\/?p=62116"},"modified":"2025-03-21T17:10:13","modified_gmt":"2025-03-21T20:10:13","slug":"cristina-kirchner-no-podra-ingresar-a-ee-uu-por-sus-causas-de-corrupcion","status":"publish","type":"post","link":"https:\/\/informateesquina.com\/?p=62116","title":{"rendered":"Cristina Kirchner no podr\u00e1 ingresar a EE.UU por sus causas de corrupci\u00f3n"},"content":{"rendered":"<div>\n<p class=\"copete\">Lo anunciar\u00e1 el secretario de Estado, Marco Rubio. Las sanciones tambi\u00e9n ser\u00e1n para Julio de Vido y los familiares directos de ambos<\/p>\n<div class=\"fotos-y-videos\">\n<div class=\"tab-content\">\n<div id=\"fotos\" class=\"tab-pane fade in active\" role=\"tabpanel\"><a class=\"fotos-desarrollo unlink\" title=\"Cristina Kirchner no podr\u00e1 ingresar a EE.UU por sus causas de corrupci\u00f3n\" href=\"https:\/\/www.radiosudamericana.com\/notix\/multimedia\/imagenes\/fotos\/2025-03-21\/587430.png\"><img loading=\"lazy\" decoding=\"async\" class=\"img-responsive lazyload center-block\" src=\"https:\/\/www.radiosudamericana.com\/notix\/multimedia\/imagenes\/fotos\/2025-03-21\/587430.png_nota.png\" alt=\"Cristina Kirchner no podr\u00e1 ingresar a EE.UU por sus causas de corrupci\u00f3n\" width=\"700\" height=\"466\" \/><\/a><\/div>\n<\/div>\n<\/div>\n<p>&nbsp;<\/p>\n<div class=\"cuerpo\">\n<p>El gobierno de\u00a0<strong>Donald Trump<\/strong>\u00a0anunciar\u00e1 sanciones contra\u00a0<strong>Cristina Kirchner<\/strong>\u00a0y\u00a0<strong>Julio de Vido<\/strong>\u00a0debido a las causas de corrupci\u00f3n que ambos enfrentan en la Argentina. La medida ser\u00e1 anunciada por el secretario de Estado,\u00a0<strong>Marco Rubio<\/strong>, e\u00a0incluir\u00e1 la\u00a0<strong>prohibici\u00f3n para entrar a<\/strong>\u00a0<strong>Estados Unidos<\/strong>.<\/p>\n<p>Para el Secretario de Estado del gobierno norteamericano la ex presidenta y su ministro de Planificaci\u00f3n Federal\u00a0<strong>\u201cabusaron de sus cargos al orquestar y beneficiarse econ\u00f3micamente de m\u00faltiples tramas de soborno\u00a0relacionadas con contratos de obras p\u00fablicas, lo que result\u00f3 en el\u00a0robo de millones\u00a0de d\u00f3lares al gobierno argentino\u201d<\/strong>.<\/p>\n<p>&nbsp;<\/p>\n<div id=\"leermas\"><\/div>\n<p>&nbsp;<\/p>\n<p>En ese sentido, destacaron que\u00a0<strong>\u201cm\u00faltiples tribunales los han condenado por corrupci\u00f3n, socavando la confianza del pueblo argentino y de los inversores en el futuro de Argentina\u201d<\/strong>.<\/p>\n<p>La sanci\u00f3n tambi\u00e9n incluir\u00e1 a sus familiares directos, como el diputado nacional M\u00e1ximo Kirchner y su hermana\u00a0Florencia, y\u00a0la esposa de De Vido,\u00a0Alessandra Minnicelli.<\/p>\n<p><strong>\u201cEstados Unidos seguir\u00e1 promoviendo la rendici\u00f3n de cuentas de quienes\u00a0abusan del poder p\u00fablico\u00a0para beneficio propio\u201d<\/strong>, destacaron en un comunicado oficial del Departamento de Estado. Y agregaron: \u201cEstas designaciones reafirman nuestro\u00a0compromiso de combatir la corrupci\u00f3n global, incluso en los m\u00e1s altos niveles de gobierno\u201d.<\/p>\n<p>Radio Sudamericana<\/p>\n<\/div>\n<\/div>\n","protected":false},"excerpt":{"rendered":"<p>Lo anunciar\u00e1 el secretario de Estado, Marco Rubio. Las sanciones tambi\u00e9n ser\u00e1n para Julio de Vido y los familiares directos de ambos &nbsp; El gobierno de\u00a0Donald Trump\u00a0anunciar\u00e1 sanciones contra\u00a0Cristina Kirchner\u00a0y\u00a0Julio de Vido\u00a0debido a las causas de corrupci\u00f3n que ambos enfrentan en la Argentina. La medida ser\u00e1 anunciada por el secretario de Estado,\u00a0Marco Rubio, e\u00a0incluir\u00e1 la\u00a0prohibici\u00f3n [&hellip;]<\/p>\n","protected":false},"author":3,"featured_media":62117,"comment_status":"open","ping_status":"open","sticky":false,"template":"","format":"standard","meta":{"footnotes":""},"categories":[9],"tags":[],"class_list":["post-62116","post","type-post","status-publish","format-standard","has-post-thumbnail","hentry","category-politica"],"_links":{"self":[{"href":"https:\/\/informateesquina.com\/index.php?rest_route=\/wp\/v2\/posts\/62116","targetHints":{"allow":["GET"]}}],"collection":[{"href":"https:\/\/informateesquina.com\/index.php?rest_route=\/wp\/v2\/posts"}],"about":[{"href":"https:\/\/informateesquina.com\/index.php?rest_route=\/wp\/v2\/types\/post"}],"author":[{"embeddable":true,"href":"https:\/\/informateesquina.com\/index.php?rest_route=\/wp\/v2\/users\/3"}],"replies":[{"embeddable":true,"href":"https:\/\/informateesquina.com\/index.php?rest_route=%2Fwp%2Fv2%2Fcomments&post=62116"}],"version-history":[{"count":1,"href":"https:\/\/informateesquina.com\/index.php?rest_route=\/wp\/v2\/posts\/62116\/revisions"}],"predecessor-version":[{"id":62118,"href":"https:\/\/informateesquina.com\/index.php?rest_route=\/wp\/v2\/posts\/62116\/revisions\/62118"}],"wp:featuredmedia":[{"embeddable":true,"href":"https:\/\/informateesquina.com\/index.php?rest_route=\/wp\/v2\/media\/62117"}],"wp:attachment":[{"href":"https:\/\/informateesquina.com\/index.php?rest_route=%2Fwp%2Fv2%2Fmedia&parent=62116"}],"wp:term":[{"taxonomy":"category","embeddable":true,"href":"https:\/\/informateesquina.com\/index.php?rest_route=%2Fwp%2Fv2%2Fcategories&post=62116"},{"taxonomy":"post_tag","embeddable":true,"href":"https:\/\/informateesquina.com\/index.php?rest_route=%2Fwp%2Fv2%2Ftags&post=62116"}],"curies":[{"name":"wp","href":"https:\/\/api.w.org\/{rel}","templated":true}]}}