{"id":62119,"date":"2025-03-21T21:18:16","date_gmt":"2025-03-22T00:18:16","guid":{"rendered":"https:\/\/informateesquina.com\/?p=62119"},"modified":"2025-03-21T21:42:32","modified_gmt":"2025-03-22T00:42:32","slug":"afirman-que-el-directorio-del-fmi-evaluara-un-prestamo-de-us20-000-millones-para-la-argentina","status":"publish","type":"post","link":"https:\/\/informateesquina.com\/?p=62119","title":{"rendered":"Afirman que el directorio del FMI evaluar\u00e1 un pr\u00e9stamo de US$20.000 millones para la Argentina"},"content":{"rendered":"<div class=\"content-article-title\">\n<div class=\"wrapper-layout center-content center_story max-width\">\n<div class=\"col-content\"><\/div>\n<\/div>\n<\/div>\n<div class=\"common-layout wrapper-layout center-content center_story max-width story article\">\n<div class=\"col-content\"><main class=\"col-content\"><\/p>\n<div class=\"article__header article__story article__article\">\n<div class=\"article__head\">\n<div class=\"article__lead-art article__lead-art-photo\" data-testid=\"LeadArtPhoto\">\n<figure class=\"\" data-testid=\"figure-testid\">\n<div class=\"aspect_ratio__container\"><picture class=\"responsive-image\"><img decoding=\"async\" class=\"width_full height_full article__lead-art-photo image_placeholder\" src=\"https:\/\/tn.com.ar\/resizer\/v2\/javier-milei-junto-a-la-directora-gerente-del-fmi-kristalina-georgieva-foto-ap-andrew-medichini-JS5WOKWTYFABNLC5ABECYGG7RI.jpg?auth=47e8d5fbbc0111bfa4cb6c30e11f354945c4fcae39f5d434b2d0649981538b20&amp;width=767\" alt=\"Javier Milei junto a la directora gerente del FMI, Kristalina Georgieva. (Foto: AP\/ Andrew Medichini).\" \/><\/picture><\/div><figcaption class=\"caption_image\" data-testid=\"figcaption-testid\">\n<div class=\"image_caption font__body\">Javier Milei junto a la directora gerente del FMI, Kristalina Georgieva. (Foto: AP\/ Andrew Medichini).<\/div>\n<\/figcaption><\/figure>\n<\/div>\n<\/div>\n<div class=\"horizontal-share\" data-testid=\"share-toolbar\"><\/div>\n<\/div>\n<div class=\"default-article-color article__body article__article\">\n<p class=\"paragraph font__body-regular\">El\u00a0<b>FMI<\/b>\u00a0podr\u00eda discutir la pr\u00f3xima semana el monto del nuevo acuerdo con la Argentina. As\u00ed lo public\u00f3 la agencia\u00a0<i>Bloomberg<\/i>, y agreg\u00f3 que el organismo analiza\u00a0<b>prestarle US$20.000 millones<\/b>\u00a0al Gobierno de<b>\u00a0Javier Milei<\/b>.<\/p>\n<div id=\"ad-slot-infeed\" class=\"infeed-container\"><\/div>\n<p class=\"paragraph font__body-regular\">Seg\u00fan la informaci\u00f3n difundida por la agencia internacional, el FMI planea discutir el nuevo pr\u00e9stamo para la\u00a0<b>Argentina<\/b>\u00a0durante una reuni\u00f3n informal que se realizar\u00e1 el martes entre su equipo t\u00e9cnico y el directorio ejecutivo. El encuentro ser\u00e1 en\u00a0<b>Washington.<\/b><\/p>\n<p class=\"paragraph font__body-regular\">De acuerdo con las fuentes citadas, el monto estimado del pr\u00e9stamo ser\u00eda de unos 15.000 millones de derechos especiales de giro (DEG), la moneda del FMI. Esa cifra equivale a unos\u00a0<b>US$20.000 millones<\/b>, aunque podr\u00eda modificarse luego de la discusi\u00f3n con el directorio de la entidad.<\/p>\n<figure class=\"\" data-testid=\"figure-testid\">\n<div class=\"aspect_ratio__container\"><picture class=\"responsive-image\"><source srcset=\"https:\/\/tn.com.ar\/resizer\/v2\/el-gobierno-define-los-ultimos-detalles-para-cerrar-un-nuevo-acuerdo-con-el-fmi-foto-presidencia-J6KVHE6M7JGV5D4AQC335KQQIM.jpg?auth=588ccf4fff1c7a3e2bbc7aae2f84f85caba19865621f43d26860ce8a65448ed3&amp;width=767\" type=\"image\/jpg\" media=\"(max-width: 728px)\" \/><source srcset=\"https:\/\/tn.com.ar\/resizer\/v2\/el-gobierno-define-los-ultimos-detalles-para-cerrar-un-nuevo-acuerdo-con-el-fmi-foto-presidencia-J6KVHE6M7JGV5D4AQC335KQQIM.jpg?auth=588ccf4fff1c7a3e2bbc7aae2f84f85caba19865621f43d26860ce8a65448ed3&amp;width=1023\" type=\"image\/jpg\" media=\"(max-width: 1023px)\" \/><source srcset=\"https:\/\/tn.com.ar\/resizer\/v2\/el-gobierno-define-los-ultimos-detalles-para-cerrar-un-nuevo-acuerdo-con-el-fmi-foto-presidencia-J6KVHE6M7JGV5D4AQC335KQQIM.jpg?auth=588ccf4fff1c7a3e2bbc7aae2f84f85caba19865621f43d26860ce8a65448ed3&amp;width=1440\" type=\"image\/jpg\" \/><img loading=\"lazy\" decoding=\"async\" class=\"image content-image image_placeholder\" src=\"https:\/\/tn.com.ar\/resizer\/v2\/el-gobierno-define-los-ultimos-detalles-para-cerrar-un-nuevo-acuerdo-con-el-fmi-foto-presidencia-J6KVHE6M7JGV5D4AQC335KQQIM.jpg?auth=588ccf4fff1c7a3e2bbc7aae2f84f85caba19865621f43d26860ce8a65448ed3&amp;width=767\" alt=\"El Gobierno define los \u00faltimos detalles para cerrar un nuevo acuerdo con el FMI. (Foto: Presidencia)\" width=\"767\" height=\"430\" data-testid=\"loading-testid\" \/><\/picture><\/div><figcaption class=\"caption_image\" data-testid=\"figcaption-testid\">\n<div class=\"image_caption \">El Gobierno define los \u00faltimos detalles para cerrar un nuevo acuerdo con el FMI. (Foto: Presidencia)<\/div>\n<\/figcaption><\/figure>\n<p class=\"paragraph font__body-regular\">La novedad llega pocos d\u00edas despu\u00e9s de\u00a0la aprobaci\u00f3n en Diputados del DNU\u00a0que el Ejecutivo mand\u00f3 al Congreso para buscar aval en la negociaci\u00f3n con el FMI. El texto de esa norma\u00a0<b>no tiene detalles sobre el monto\u00a0<\/b>y el propio ministro de Econom\u00eda,\u00a0<b>Luis Caputo<\/b>, afirm\u00f3 en una entrevista que la cifra ser\u00e1 definida por el directorio del organismo multilateral.<\/p>\n<p class=\"paragraph font__body-regular\">Por el contrario, el DNU aclar\u00f3 que los d\u00f3lares que lleguen ser\u00e1n usados para<b>\u00a0cancelar deuda con el propio FMI<\/b>\u00a0as\u00ed como para<b>\u00a0recapitalizar al BCRA\u00a0<\/b>con el objetivo de poder levantar el cepo cambiario en alg\u00fan momento. Por su parte, el secretario de Finanzas,\u00a0<b>Pablo Quirno<\/b>, dijo en el Congreso que la\u00a0<b>tasa del pr\u00e9stamo rondar\u00e1 el 5,63%.<\/b><\/p>\n<h2 class=\"font--primary font__display\">Qu\u00e9 le falta a la Argentina para cerrar el acuerdo con el FMI<\/h2>\n<p class=\"paragraph font__body-regular\"><b>Javier Milei<\/b>\u00a0anticip\u00f3 que el acuerdo con el FMI estar\u00e1 firmado a\u00a0<b>mediados de abril<\/b>. Sin embargo, para que el nuevo programa de Facilidades Extendidas, junto con sus\u00a0<b>metas<\/b>, se ponga en marcha efectivamente, hay una serie de pasos que se deben cumplir.<\/p>\n<p class=\"paragraph font__body-regular\">M\u00e1s all\u00e1 de la aprobaci\u00f3n del DNU, se deber\u00e1 informar que se alcanz\u00f3 un\u00a0<b>acuerdo t\u00e9cnico<\/b>\u00a0preliminar o\u00a0<i>staff level agreement<\/i>\u00a0entre los t\u00e9cnicos del FMI y la Argentina. Este punto a\u00fan no fue oficializado.<\/p>\n<figure class=\"\" data-testid=\"figure-testid\">\n<div class=\"aspect_ratio__container\"><picture class=\"responsive-image\"><source srcset=\"https:\/\/tn.com.ar\/resizer\/v2\/javier-milei-festejo-la-votacion-del-congreso-que-aprobo-el-dnu-del-acuerdo-con-el-fondo-monetario-internacional-fmi-foto-instagramjaviermilei-TKWARVWHWZDINNKEVTLC4TTX3Q.jpg?auth=ebabeb3ffe9649be362e99bebf84985de5b2513ac06f6bb90ee7067e126c2e7d&amp;width=767\" type=\"image\/jpg\" media=\"(max-width: 728px)\" \/><source srcset=\"https:\/\/tn.com.ar\/resizer\/v2\/javier-milei-festejo-la-votacion-del-congreso-que-aprobo-el-dnu-del-acuerdo-con-el-fondo-monetario-internacional-fmi-foto-instagramjaviermilei-TKWARVWHWZDINNKEVTLC4TTX3Q.jpg?auth=ebabeb3ffe9649be362e99bebf84985de5b2513ac06f6bb90ee7067e126c2e7d&amp;width=1023\" type=\"image\/jpg\" media=\"(max-width: 1023px)\" \/><source srcset=\"https:\/\/tn.com.ar\/resizer\/v2\/javier-milei-festejo-la-votacion-del-congreso-que-aprobo-el-dnu-del-acuerdo-con-el-fondo-monetario-internacional-fmi-foto-instagramjaviermilei-TKWARVWHWZDINNKEVTLC4TTX3Q.jpg?auth=ebabeb3ffe9649be362e99bebf84985de5b2513ac06f6bb90ee7067e126c2e7d&amp;width=1440\" type=\"image\/jpg\" \/><img loading=\"lazy\" decoding=\"async\" class=\"image content-image image_placeholder\" src=\"https:\/\/tn.com.ar\/resizer\/v2\/javier-milei-festejo-la-votacion-del-congreso-que-aprobo-el-dnu-del-acuerdo-con-el-fondo-monetario-internacional-fmi-foto-instagramjaviermilei-TKWARVWHWZDINNKEVTLC4TTX3Q.jpg?auth=ebabeb3ffe9649be362e99bebf84985de5b2513ac06f6bb90ee7067e126c2e7d&amp;width=767\" alt=\"Javier Milei festej\u00f3 la votaci\u00f3n del Congreso que aprob\u00f3 el DNU del acuerdo con el Fondo Monetario Internacional (FMI). (Foto: Instagram\/@javiermilei).\" width=\"767\" height=\"430\" data-testid=\"loading-testid\" \/><\/picture><\/div><figcaption class=\"caption_image\" data-testid=\"figcaption-testid\">\n<div class=\"image_caption \">Javier Milei festej\u00f3 la votaci\u00f3n del Congreso que aprob\u00f3 el DNU del acuerdo con el Fondo Monetario Internacional (FMI). (Foto: Instagram\/@javiermilei).<\/div>\n<\/figcaption><\/figure>\n<p class=\"paragraph font__body-regular\">Luego se avanzar\u00e1 en la elaboraci\u00f3n y firma del\u00a0<b>Memor\u00e1ndum de Pol\u00edticas Econ\u00f3micas y Financieras<\/b>, que describe las pol\u00edticas o compromisos -fiscales, cambiarios, monetarios- que se pretenden implementar. Y se firmar\u00e1 el\u00a0<b>Memor\u00e1ndum T\u00e9cnico de Entendimiento<\/b>, que plasma aspectos tales como los mecanismos de medici\u00f3n del d\u00e9ficit fiscal o la acumulaci\u00f3n de reservas.<\/p>\n<p class=\"paragraph font__body-regular\">Por \u00faltimo, esos documentos deber\u00e1n ser enviados al\u00a0<b>Directorio del FMI<\/b>, que deber\u00e1 aprobarlo para su finalizaci\u00f3n. En el calendario del organismo a\u00fan no hay fecha para tratar el caso argentino, sin embargo, el cable de\u00a0<i>Bloomberg<\/i>\u00a0hace referencia a una reuni\u00f3n informal para empezar a evaluar el monto que se le prestar\u00e1 a la Argentina.<\/p>\n<\/div>\n<p><\/main><\/div>\n<\/div>\n","protected":false},"excerpt":{"rendered":"<p>Javier Milei junto a la directora gerente del FMI, Kristalina Georgieva. (Foto: AP\/ Andrew Medichini). El\u00a0FMI\u00a0podr\u00eda discutir la pr\u00f3xima semana el monto del nuevo acuerdo con la Argentina. As\u00ed lo public\u00f3 la agencia\u00a0Bloomberg, y agreg\u00f3 que el organismo analiza\u00a0prestarle US$20.000 millones\u00a0al Gobierno de\u00a0Javier Milei. Seg\u00fan la informaci\u00f3n difundida por la agencia internacional, el FMI planea [&hellip;]<\/p>\n","protected":false},"author":3,"featured_media":62120,"comment_status":"open","ping_status":"open","sticky":false,"template":"","format":"standard","meta":{"footnotes":""},"categories":[7],"tags":[],"class_list":["post-62119","post","type-post","status-publish","format-standard","has-post-thumbnail","hentry","category-nacionales"],"_links":{"self":[{"href":"https:\/\/informateesquina.com\/index.php?rest_route=\/wp\/v2\/posts\/62119","targetHints":{"allow":["GET"]}}],"collection":[{"href":"https:\/\/informateesquina.com\/index.php?rest_route=\/wp\/v2\/posts"}],"about":[{"href":"https:\/\/informateesquina.com\/index.php?rest_route=\/wp\/v2\/types\/post"}],"author":[{"embeddable":true,"href":"https:\/\/informateesquina.com\/index.php?rest_route=\/wp\/v2\/users\/3"}],"replies":[{"embeddable":true,"href":"https:\/\/informateesquina.com\/index.php?rest_route=%2Fwp%2Fv2%2Fcomments&post=62119"}],"version-history":[{"count":1,"href":"https:\/\/informateesquina.com\/index.php?rest_route=\/wp\/v2\/posts\/62119\/revisions"}],"predecessor-version":[{"id":62121,"href":"https:\/\/informateesquina.com\/index.php?rest_route=\/wp\/v2\/posts\/62119\/revisions\/62121"}],"wp:featuredmedia":[{"embeddable":true,"href":"https:\/\/informateesquina.com\/index.php?rest_route=\/wp\/v2\/media\/62120"}],"wp:attachment":[{"href":"https:\/\/informateesquina.com\/index.php?rest_route=%2Fwp%2Fv2%2Fmedia&parent=62119"}],"wp:term":[{"taxonomy":"category","embeddable":true,"href":"https:\/\/informateesquina.com\/index.php?rest_route=%2Fwp%2Fv2%2Fcategories&post=62119"},{"taxonomy":"post_tag","embeddable":true,"href":"https:\/\/informateesquina.com\/index.php?rest_route=%2Fwp%2Fv2%2Ftags&post=62119"}],"curies":[{"name":"wp","href":"https:\/\/api.w.org\/{rel}","templated":true}]}}