{"id":62123,"date":"2025-03-22T20:51:26","date_gmt":"2025-03-22T23:51:26","guid":{"rendered":"https:\/\/informateesquina.com\/?p=62123"},"modified":"2025-03-22T20:51:26","modified_gmt":"2025-03-22T23:51:26","slug":"tragedia-cuatro-muertos-por-un-choque-multiple","status":"publish","type":"post","link":"https:\/\/informateesquina.com\/?p=62123","title":{"rendered":"Tragedia: cuatro muertos por un choque m\u00faltiple"},"content":{"rendered":"<div>\n<p class=\"copete\">El hecho ocurri\u00f3 en la ma\u00f1ana de este s\u00e1bado. Las v\u00edctimas a\u00fan no fueron identificada<\/p>\n<div>\n<div class=\"fotos-y-videos\">\n<div class=\"tab-content\">\n<div id=\"fotos\" class=\"tab-pane fade in active\" role=\"tabpanel\"><a class=\"fotos-desarrollo unlink\" title=\"Tragedia: cuatro muertos por un choque m\u00faltiple\" href=\"https:\/\/www.radiosudamericana.com\/notix\/multimedia\/imagenes\/fotos\/2025-03-22\/223259.png\"><img loading=\"lazy\" decoding=\"async\" class=\"img-responsive lazyload center-block\" src=\"https:\/\/www.radiosudamericana.com\/notix\/multimedia\/imagenes\/fotos\/2025-03-22\/223259.png_nota.png\" alt=\"Tragedia: cuatro muertos por un choque m\u00faltiple\" width=\"700\" height=\"508\" \/><\/a><\/div>\n<\/div>\n<\/div>\n<div class=\"cuerpo\">\n<p>Un\u00a0<strong>impactante accidente<\/strong>\u00a0de tr\u00e1nsito ocurrido en la\u00a0<strong>Ruta 2<\/strong>\u00a0cerca del kil\u00f3metro 50, en la localidad de Abasto, dej\u00f3 como saldo la\u00a0<strong>muerte de cuatro personas<\/strong>. a. Las v\u00edctimas, cuya identidad a\u00fan no fue confirmada,\u00a0<strong>son un hombre y tres mujeres<\/strong>:\u00a0<strong>todos\u00a0viajaban a bordo de la misma moto<\/strong>, la cual ten\u00eda un\u00a0pedido de captura activo.<\/p>\n<p>El episodio ocurri\u00f3 pasadas las 6 de la ma\u00f1ana y sus causas todav\u00eda est\u00e1n siendo investigadas. Seg\u00fan indicaron fuentes policiales, todo se desencaden\u00f3 cuando el veh\u00edculo de dos ruedas, marca Rouser 160 de color gris, impact\u00f3 contra la parte trasera de un cami\u00f3n\u00a0Scania, cuyo conductor fue identificado como P.C., un camionero de 30 a\u00f1os oriundo de Coronel Vidal.<\/p>\n<p>&nbsp;<\/p>\n<p>El saldo del choque fue devastador: el conductor de la motocicleta y sus dos acompa\u00f1antes femeninas fallecieron en el acto. La cuarta v\u00edctima, otra mujer, fue encontrada sin vida debajo de la Ford Ranger.<\/p>\n<p>El fatal accidente fue denunciado a emergencias por los propios sobrevivientes del choque. Apenas unos minutos despu\u00e9s, se hizo presente en el lugar personal policial, como as\u00ed tambi\u00e9n una ambulancia que constat\u00f3 el fallecimiento de las cuatro personas.<\/p>\n<p>Las autoridades informaron que la motocicleta ten\u00eda un pedido de secuestro activo por hurto agravado, emitido el 2 de marzo por la Comisar\u00eda 1\u00b0 de Lan\u00fas.<\/p>\n<p>El caso est\u00e1 a cargo de la Fiscal\u00eda N\u00b014 de Delitos Culposos de La Plata, a cargo de Ana Mar\u00eda Scarpino, con la car\u00e1tula de cu\u00e1druple homicidio culposo. Los cuerpos fueron trasladados a la morgue policial para la realizaci\u00f3n de las autopsias correspondientes.<\/p>\n<p>Mientras tanto, personal policial contin\u00faa trabajando en la escena para recolectar pruebas y esclarecer las circunstancias exactas del siniestro. Se espera que en las pr\u00f3ximas horas haya nuevas precisiones sobre la identidad de las v\u00edctimas y las causas del impacto.<\/p>\n<h2><strong>La moto de las v\u00edctimas ten\u00eda pedido de secuestro<\/strong><\/h2>\n<p>A partir de las tareas de relevamiento en el lugar, las autoridades policiales determinaron que la motocicleta involucrada en el accidente ten\u00eda un pedido de secuestro activo desde el 2 de marzo de 2025. El requerimiento hab\u00eda sido emitido por la Comisar\u00eda 1\u00aa de Lan\u00fas bajo la car\u00e1tula de\u00a0\u201churto agravado de motoveh\u00edculo\u201d.<\/p>\n<p>No obstante, se desconoce si las v\u00edctimas -que todav\u00eda no fueron identificadas-\u00a0ten\u00edan relaci\u00f3n con el delito\u00a0o si el veh\u00edculo hab\u00eda cambiado de manos desde entonces.<\/p>\n<p>Debido a la magnitud del impacto contra el cami\u00f3n\u00a0Scania, que llevaba un acoplado, las cuatro personas que perdieron la vida en el acto quedaron esparcidos en el lugar. Por eso, en el marco de las tareas en la zona, personal policial se vio obligado a preservar la escena para realizar las pericias correspondientes.<\/p>\n<p>Radio Sudamericana<\/p>\n<\/div>\n<\/div>\n<\/div>\n","protected":false},"excerpt":{"rendered":"<p>El hecho ocurri\u00f3 en la ma\u00f1ana de este s\u00e1bado. Las v\u00edctimas a\u00fan no fueron identificada Un\u00a0impactante accidente\u00a0de tr\u00e1nsito ocurrido en la\u00a0Ruta 2\u00a0cerca del kil\u00f3metro 50, en la localidad de Abasto, dej\u00f3 como saldo la\u00a0muerte de cuatro personas. a. Las v\u00edctimas, cuya identidad a\u00fan no fue confirmada,\u00a0son un hombre y tres mujeres:\u00a0todos\u00a0viajaban a bordo de la [&hellip;]<\/p>\n","protected":false},"author":3,"featured_media":62124,"comment_status":"open","ping_status":"open","sticky":false,"template":"","format":"standard","meta":{"footnotes":""},"categories":[8],"tags":[],"class_list":["post-62123","post","type-post","status-publish","format-standard","has-post-thumbnail","hentry","category-policiales"],"_links":{"self":[{"href":"https:\/\/informateesquina.com\/index.php?rest_route=\/wp\/v2\/posts\/62123","targetHints":{"allow":["GET"]}}],"collection":[{"href":"https:\/\/informateesquina.com\/index.php?rest_route=\/wp\/v2\/posts"}],"about":[{"href":"https:\/\/informateesquina.com\/index.php?rest_route=\/wp\/v2\/types\/post"}],"author":[{"embeddable":true,"href":"https:\/\/informateesquina.com\/index.php?rest_route=\/wp\/v2\/users\/3"}],"replies":[{"embeddable":true,"href":"https:\/\/informateesquina.com\/index.php?rest_route=%2Fwp%2Fv2%2Fcomments&post=62123"}],"version-history":[{"count":1,"href":"https:\/\/informateesquina.com\/index.php?rest_route=\/wp\/v2\/posts\/62123\/revisions"}],"predecessor-version":[{"id":62125,"href":"https:\/\/informateesquina.com\/index.php?rest_route=\/wp\/v2\/posts\/62123\/revisions\/62125"}],"wp:featuredmedia":[{"embeddable":true,"href":"https:\/\/informateesquina.com\/index.php?rest_route=\/wp\/v2\/media\/62124"}],"wp:attachment":[{"href":"https:\/\/informateesquina.com\/index.php?rest_route=%2Fwp%2Fv2%2Fmedia&parent=62123"}],"wp:term":[{"taxonomy":"category","embeddable":true,"href":"https:\/\/informateesquina.com\/index.php?rest_route=%2Fwp%2Fv2%2Fcategories&post=62123"},{"taxonomy":"post_tag","embeddable":true,"href":"https:\/\/informateesquina.com\/index.php?rest_route=%2Fwp%2Fv2%2Ftags&post=62123"}],"curies":[{"name":"wp","href":"https:\/\/api.w.org\/{rel}","templated":true}]}}