{"id":62129,"date":"2025-03-22T20:54:17","date_gmt":"2025-03-22T23:54:17","guid":{"rendered":"https:\/\/informateesquina.com\/?p=62129"},"modified":"2025-03-22T20:54:17","modified_gmt":"2025-03-22T23:54:17","slug":"milei-rebautizo-a-san-martin-como-juan-jose-de-san-martin","status":"publish","type":"post","link":"https:\/\/informateesquina.com\/?p=62129","title":{"rendered":"Milei rebautiz\u00f3 a San Mart\u00edn como &#8220;Juan Jos\u00e9 de San Mart\u00edn&#8221;"},"content":{"rendered":"<div>\n<p class=\"copete\">El presidente se equivoc\u00f3 al nombrar al pr\u00f3cer en el Regimiento de Granaderos a Caballo y en las redes sociales no se lo perdonaron.<\/p>\n<div>\n<div class=\"fotos-y-videos\">\n<div class=\"tab-content\">\n<div id=\"fotos\" class=\"tab-pane fade in active\" role=\"tabpanel\"><a class=\"fotos-desarrollo unlink\" title=\"Milei rebautiz\u00f3 a San Mart\u00edn como Juan Jos\u00e9 de San Mart\u00edn\" href=\"https:\/\/www.radiosudamericana.com\/notix\/multimedia\/imagenes\/fotos\/2025-03-22\/187376.png\"><img loading=\"lazy\" decoding=\"async\" class=\"img-responsive lazyload center-block\" src=\"https:\/\/www.radiosudamericana.com\/notix\/multimedia\/imagenes\/fotos\/2025-03-22\/187376.png_nota.png\" alt=\"Milei rebautiz\u00f3 a San Mart\u00edn como Juan Jos\u00e9 de San Mart\u00edn\" width=\"700\" height=\"368\" \/><\/a><\/div>\n<\/div>\n<\/div>\n<div class=\"cuerpo\">\n<p>El presidente\u00a0<strong>Javier Milei\u00a0<\/strong>protagoniz\u00f3 este viernes un\u00a0furcio p\u00fablico, al rebautizar al Libertador como\u00a0<strong>&#8220;Juan Jos\u00e9 de San Mart\u00edn&#8221;<\/strong>\u00a0durante un acto en conmemoraci\u00f3n del\u00a0<strong>213\u00b0 aniversario de la creaci\u00f3n del\u00a0Regimiento de Granaderos a Caballo<\/strong>.<\/p>\n<p>&nbsp;<\/p>\n<div id=\"leermas\">\n<div><b>Seguir Leyendo:<\/b><\/div>\n<div class=\"mitad\"><a class=\"leermas\" href=\"https:\/\/www.radiosudamericana.com\/nota\/politica\/323932-Gustavo-Valdes--El-Instituto-Oncologico-va-a-ser-algo-impresionante.htm\" target=\"_blank\" rel=\"noopener\"><img decoding=\"async\" src=\"https:\/\/www.radiosudamericana.com\/multimedia\/imagenes\/fotos\/2025-03-17\/413757.jpg_crop.jpg_tb.jpg\" align=\"left\" \/>Gustavo Vald\u00e9s: &#8220;El Instituto Oncol\u00f3gico va a ser algo impresionante&#8221;<\/a><\/div>\n<div class=\"mitad\"><a class=\"leermas\" href=\"https:\/\/www.radiosudamericana.com\/nota\/politica\/323942-Exigen-la-renuncia-de-Patricia-Bullrich-por-el-caso-Pablo-Grillo.htm\" target=\"_blank\" rel=\"noopener\"><img decoding=\"async\" src=\"https:\/\/www.radiosudamericana.com\/multimedia\/imagenes\/fotos\/2025-03-17\/415843.png_crop.jpg_tb.jpg\" align=\"left\" \/>Exigen la renuncia de Patricia Bullrich por el caso Pablo Grillo<\/a><\/div>\n<\/div>\n<p>&nbsp;<\/p>\n<p>El evento, realizado en el Regimiento de Infanter\u00eda 1 de Patricios, en el barrio porte\u00f1o de Palermo, cont\u00f3 con la participaci\u00f3n del ministro de Defensa,\u00a0Luis Petri, y del jefe del Ej\u00e9rcito Argentino,\u00a0Carlos Alberto Presti. Pero fue el\u00a0error en la menci\u00f3n del pr\u00f3cer\u00a0lo que se rob\u00f3 la atenci\u00f3n y desat\u00f3 una ola de comentarios y burlas en redes sociales.<\/p>\n<p><strong>&#8220;Don Juan Jos\u00e9 de San Mart\u00edn&#8221;<\/strong>, dijo\u00a0Javier Milei, en un pasaje del discurso que pretend\u00eda ser solemne. La frase no tard\u00f3 en viralizarse, con usuarios que ironizaron sobre su capacidad de oratoria: &#8220;Milei hizo un acto mientras jugaba la Selecci\u00f3n y habl\u00f3 de Don Juan Jos\u00e9 de San Mart\u00edn. Totalmente gag\u00e1&#8221;, coment\u00f3 un usuario en X (ex Twitter).<\/p>\n<p>&nbsp;<\/p>\n<div><video id=\"video-id-30160\" class=\"video-js vjs-default-skin vjs-16-9 vjs-big-play-centered\" poster=\"https:\/\/www.radiosudamericana.com\/notix\/multimedia\/img_videos\/2025032260698159.jpg\" preload=\"auto\" controls=\"controls\" width=\"640\" height=\"150\" data-setup=\"{}\" data-mce-fragment=\"1\"><\/video><\/div>\n<p>&nbsp;<\/p>\n<\/div>\n<\/div>\n<div id=\"Native-MultiPlex\" data-google-query-id=\"CJSUnpXxnowDFcJKuAQdmrIqJA\">\n<div id=\"google_ads_iframe_\/21849154601,21669678094\/Ad.Plus-MultiPlex_0__container__\">Radio Sudamericana<\/div>\n<\/div>\n<\/div>\n","protected":false},"excerpt":{"rendered":"<p>El presidente se equivoc\u00f3 al nombrar al pr\u00f3cer en el Regimiento de Granaderos a Caballo y en las redes sociales no se lo perdonaron. El presidente\u00a0Javier Milei\u00a0protagoniz\u00f3 este viernes un\u00a0furcio p\u00fablico, al rebautizar al Libertador como\u00a0&#8220;Juan Jos\u00e9 de San Mart\u00edn&#8221;\u00a0durante un acto en conmemoraci\u00f3n del\u00a0213\u00b0 aniversario de la creaci\u00f3n del\u00a0Regimiento de Granaderos a Caballo. &nbsp; [&hellip;]<\/p>\n","protected":false},"author":3,"featured_media":62130,"comment_status":"open","ping_status":"open","sticky":false,"template":"","format":"standard","meta":{"footnotes":""},"categories":[1],"tags":[],"class_list":["post-62129","post","type-post","status-publish","format-standard","has-post-thumbnail","hentry","category-sin-categoria"],"_links":{"self":[{"href":"https:\/\/informateesquina.com\/index.php?rest_route=\/wp\/v2\/posts\/62129","targetHints":{"allow":["GET"]}}],"collection":[{"href":"https:\/\/informateesquina.com\/index.php?rest_route=\/wp\/v2\/posts"}],"about":[{"href":"https:\/\/informateesquina.com\/index.php?rest_route=\/wp\/v2\/types\/post"}],"author":[{"embeddable":true,"href":"https:\/\/informateesquina.com\/index.php?rest_route=\/wp\/v2\/users\/3"}],"replies":[{"embeddable":true,"href":"https:\/\/informateesquina.com\/index.php?rest_route=%2Fwp%2Fv2%2Fcomments&post=62129"}],"version-history":[{"count":1,"href":"https:\/\/informateesquina.com\/index.php?rest_route=\/wp\/v2\/posts\/62129\/revisions"}],"predecessor-version":[{"id":62131,"href":"https:\/\/informateesquina.com\/index.php?rest_route=\/wp\/v2\/posts\/62129\/revisions\/62131"}],"wp:featuredmedia":[{"embeddable":true,"href":"https:\/\/informateesquina.com\/index.php?rest_route=\/wp\/v2\/media\/62130"}],"wp:attachment":[{"href":"https:\/\/informateesquina.com\/index.php?rest_route=%2Fwp%2Fv2%2Fmedia&parent=62129"}],"wp:term":[{"taxonomy":"category","embeddable":true,"href":"https:\/\/informateesquina.com\/index.php?rest_route=%2Fwp%2Fv2%2Fcategories&post=62129"},{"taxonomy":"post_tag","embeddable":true,"href":"https:\/\/informateesquina.com\/index.php?rest_route=%2Fwp%2Fv2%2Ftags&post=62129"}],"curies":[{"name":"wp","href":"https:\/\/api.w.org\/{rel}","templated":true}]}}