{"id":62132,"date":"2025-03-22T21:00:52","date_gmt":"2025-03-23T00:00:52","guid":{"rendered":"https:\/\/informateesquina.com\/?p=62132"},"modified":"2025-03-22T21:00:52","modified_gmt":"2025-03-23T00:00:52","slug":"orden-judicial-mauro-icardi-podra-volver-a-ver-a-sus-hijas","status":"publish","type":"post","link":"https:\/\/informateesquina.com\/?p=62132","title":{"rendered":"Orden Judicial: Mauro Icardi podr\u00e1 volver a ver a sus hijas"},"content":{"rendered":"<div>\n<p class=\"copete\">Lo orden\u00f3 la Justicia luego de la escandalosa pelea que protagoniz\u00f3 con su expareja la semana pasada.<\/p>\n<div>\n<div class=\"fotos-y-videos\">\n<div class=\"tab-content\">\n<div id=\"fotos\" class=\"tab-pane fade in active\" role=\"tabpanel\"><a class=\"fotos-desarrollo unlink\" title=\"Orden Judicial: Mauro Icardi podr\u00e1 volver a ver a sus hijas\" href=\"https:\/\/www.radiosudamericana.com\/notix\/multimedia\/imagenes\/fotos\/2025-03-22\/404419.png\"><img loading=\"lazy\" decoding=\"async\" class=\"img-responsive lazyload center-block\" src=\"https:\/\/www.radiosudamericana.com\/notix\/multimedia\/imagenes\/fotos\/2025-03-22\/404419.png_nota.png\" alt=\"Orden Judicial: Mauro Icardi podr\u00e1 volver a ver a sus hijas\" width=\"700\" height=\"522\" \/><\/a><\/div>\n<\/div>\n<\/div>\n<div class=\"cuerpo\">\n<p>Tras el esc\u00e1ndalo que se vivi\u00f3 el viernes pasado entre\u00a0<strong>Mauro Icardi y Wanda Nara<\/strong>\u00a0en el\u00a0<strong>Chateau Libertador,<\/strong>\u00a0la Justicia volvi\u00f3 a tomar cartas en el asunto. Desde entonces a esta parte, uno de los primeros datos fue que las abogadas del futbolista hab\u00edan renunciado tras lo acontecido con las menores presentes.<\/p>\n<p>La decisi\u00f3n judicial se basa en un informe elaborado por el\u00a0equipo t\u00e9cnico infanto juvenil del Ministerio P\u00fablico\u00a0y el\u00a0cuerpo interdisciplinario, en el que se eval\u00faa la situaci\u00f3n familiar.<\/p>\n<p>&nbsp;<\/p>\n<div id=\"leermas\"><\/div>\n<p>&nbsp;<\/p>\n<p>Seg\u00fan lo dictaminado por el\u00a0<strong>defensor de menores<\/strong>\u00a0y las recomendaciones del equipo t\u00e9cnico, se\u00a0<strong>estableci\u00f3 que<\/strong>, como\u00a0medida cautelar,\u00a0<strong>tanto Icardi como Nara deber\u00e1n acreditar<\/strong>, dentro de\u00a0diez d\u00edas,\u00a0<strong>el inicio de los tratamientos psicol\u00f3gicos individuales<\/strong>\u00a0sugeridos.<\/p>\n<p>\u00c1ngel de Brito ley\u00f3 este viernes en\u00a0LAM\u00a0la decisi\u00f3n del Juzgado N\u00b0 106.\u00a0<strong>\u201cConforme a lo que se indica en el informe del Equipo T\u00e9cnico Infanto-Juvenil, h\u00e1gase saber a las partes que en el car\u00e1cter de medida cautelar, deber\u00e1n acreditar\u00a0dentro del plazo de diez d\u00edas, el resultado inicial de los tratamientos psicol\u00f3gicos individuales sugeridos\u201d<\/strong>, se\u00f1al\u00f3, sobre los pedidos que se realizaron para la empresaria, como para Icardi y las menores.<\/p>\n<p>\u201cEn car\u00e1cter cautelar ordeno la intervenci\u00f3n del equipo de Revinculaciones Judiciales del Ministerio P\u00fablico Tutelar, a fin de dar inicio a un dispositivo que permita la eventual revinculaci\u00f3n supervisada de las ni\u00f1as con su padre Mauro Icardi\u201d, puntualiza.<\/p>\n<p><strong>\u201cQuiere decir que a partir de ahora las chicas van a ver a su padre con el control del dispositivo del Ministerio P\u00fablico, o sea, con presencia de psicopedagogas y con todas las pautas pertinentes para que se pueda efectuar esta revinculaci\u00f3n. Por supuesto, siempre y cuando se cumpla la medida anterior, que todos presenten los certificados del psic\u00f3logo\u201d<\/strong>, explic\u00f3 el periodista.<\/p>\n<p>Asimismo,\u00a0se autoriz\u00f3 como medida cautelar que el delantero realice del tratamiento terap\u00e9utico de las ni\u00f1as, seg\u00fan las recomendaciones formuladas por el equipo t\u00e9cnico infanto juvenil del Ministerio P\u00fablico Tutelar. &#8220;Para ello deber\u00e1n las partes previamente proponer el nombre de terapeutas para el inicio del tratamiento psicol\u00f3gico de sus hijas, debiendo dichos profesionales reunir las condiciones indicadas por el Ministerio y asimismo, informar el domicilio de estos y la frecuencia de las sesiones proyectadas. Una vez aportados los datos por ambos progenitores y corridos los traslados respectivos, la elecci\u00f3n de los profesionales tratantes ser\u00e1 trabajada en conjunto con el equipo de Revinculaciones Judiciales del Ministerio P\u00fablico Tutelar\u201d, concluy\u00f3 el conductor sobre la medida judicial.<\/p>\n<p>Anteriormente, la justicia hab\u00eda solicitado que\u00a0Wanda Nara\u00a0continuara con su terapia psicol\u00f3gica y que\u00a0Mauro Icardi\u00a0iniciara un tratamiento. En esta nueva instancia, se exige que ambas partes presenten un certificado que acredite el cumplimiento de estas terapias dentro del plazo establecido.<\/p>\n<p>Radio Sudamericana<\/p>\n<\/div>\n<\/div>\n<\/div>\n","protected":false},"excerpt":{"rendered":"<p>Lo orden\u00f3 la Justicia luego de la escandalosa pelea que protagoniz\u00f3 con su expareja la semana pasada. Tras el esc\u00e1ndalo que se vivi\u00f3 el viernes pasado entre\u00a0Mauro Icardi y Wanda Nara\u00a0en el\u00a0Chateau Libertador,\u00a0la Justicia volvi\u00f3 a tomar cartas en el asunto. Desde entonces a esta parte, uno de los primeros datos fue que las abogadas [&hellip;]<\/p>\n","protected":false},"author":3,"featured_media":62133,"comment_status":"open","ping_status":"open","sticky":false,"template":"","format":"standard","meta":{"footnotes":""},"categories":[4],"tags":[],"class_list":["post-62132","post","type-post","status-publish","format-standard","has-post-thumbnail","hentry","category-espectaculos"],"_links":{"self":[{"href":"https:\/\/informateesquina.com\/index.php?rest_route=\/wp\/v2\/posts\/62132","targetHints":{"allow":["GET"]}}],"collection":[{"href":"https:\/\/informateesquina.com\/index.php?rest_route=\/wp\/v2\/posts"}],"about":[{"href":"https:\/\/informateesquina.com\/index.php?rest_route=\/wp\/v2\/types\/post"}],"author":[{"embeddable":true,"href":"https:\/\/informateesquina.com\/index.php?rest_route=\/wp\/v2\/users\/3"}],"replies":[{"embeddable":true,"href":"https:\/\/informateesquina.com\/index.php?rest_route=%2Fwp%2Fv2%2Fcomments&post=62132"}],"version-history":[{"count":1,"href":"https:\/\/informateesquina.com\/index.php?rest_route=\/wp\/v2\/posts\/62132\/revisions"}],"predecessor-version":[{"id":62134,"href":"https:\/\/informateesquina.com\/index.php?rest_route=\/wp\/v2\/posts\/62132\/revisions\/62134"}],"wp:featuredmedia":[{"embeddable":true,"href":"https:\/\/informateesquina.com\/index.php?rest_route=\/wp\/v2\/media\/62133"}],"wp:attachment":[{"href":"https:\/\/informateesquina.com\/index.php?rest_route=%2Fwp%2Fv2%2Fmedia&parent=62132"}],"wp:term":[{"taxonomy":"category","embeddable":true,"href":"https:\/\/informateesquina.com\/index.php?rest_route=%2Fwp%2Fv2%2Fcategories&post=62132"},{"taxonomy":"post_tag","embeddable":true,"href":"https:\/\/informateesquina.com\/index.php?rest_route=%2Fwp%2Fv2%2Ftags&post=62132"}],"curies":[{"name":"wp","href":"https:\/\/api.w.org\/{rel}","templated":true}]}}