{"id":62474,"date":"2025-04-09T17:26:21","date_gmt":"2025-04-09T20:26:21","guid":{"rendered":"https:\/\/informateesquina.com\/?p=62474"},"modified":"2025-04-09T17:26:21","modified_gmt":"2025-04-09T20:26:21","slug":"milei-cerro-su-visita-a-paraguay-con-un-encuentro-con-santiago-pena","status":"publish","type":"post","link":"https:\/\/informateesquina.com\/?p=62474","title":{"rendered":"Milei cerr\u00f3 su visita a Paraguay con un encuentro con Santiago Pe\u00f1a"},"content":{"rendered":"<div>\n<p class=\"copete\">El presidente argentino se reuni\u00f3 con su par paraguayo para fortalecer la alianza bilateral. Destac\u00f3 la afinidad ideol\u00f3gica entre ambos gobiernos y celebr\u00f3 el modelo econ\u00f3mico liberal aplicado en la regi\u00f3n.<\/p>\n<div>\n<div class=\"fotos-y-videos\">\n<div class=\"tab-content\">\n<div id=\"fotos\" class=\"tab-pane fade in active\" role=\"tabpanel\"><a class=\"fotos-desarrollo unlink\" title=\"Milei cerr\u00f3 su visita a Paraguay con un encuentro con Santiago Pe\u00f1a\" href=\"https:\/\/www.radiosudamericana.com\/notix\/multimedia\/imagenes\/fotos\/2025-04-09\/277067.jpg\"><img loading=\"lazy\" decoding=\"async\" class=\"img-responsive lazyload center-block\" src=\"https:\/\/www.radiosudamericana.com\/notix\/multimedia\/imagenes\/fotos\/2025-04-09\/277067.jpg_nota.jpg\" alt=\"Milei cerr\u00f3 su visita a Paraguay con un encuentro con Santiago Pe\u00f1a\" width=\"700\" height=\"467\" \/><\/a><\/div>\n<\/div>\n<\/div>\n<div class=\"cuerpo\">\n<p>Javier Milei concluy\u00f3 este mi\u00e9rcoles su visita oficial a Paraguay, donde mantuvo un encuentro con su par Santiago Pe\u00f1a. Durante la jornada, ambos mandatarios destacaron los valores compartidos entre sus gobiernos, basados en la defensa de la libertad econ\u00f3mica y el rechazo a los modelos populistas. La visita culmin\u00f3 con un almuerzo en el Sal\u00f3n Libertad y el regreso del jefe de Estado argentino a Buenos Aires.<\/p>\n<p>&nbsp;<\/p>\n<div id=\"leermas\">\n<div class=\"mitad\"><\/div>\n<\/div>\n<p>&nbsp;<\/p>\n<p>En su discurso, Milei agradeci\u00f3 la hospitalidad del gobierno paraguayo y celebr\u00f3 el rumbo econ\u00f3mico del pa\u00eds vecino.\u00a0<strong><em>\u201cEs un placer para m\u00ed estar en Paraguay y poder dirigirme a todos ustedes. Quiero agradecer al gobierno paraguayo y, en especial, al presidente Santiago Pe\u00f1a, con quien me une el amor por las ideas de la libertad&#8221;<\/em><\/strong>, manifest\u00f3.<\/p>\n<p>El mandatario argentino subray\u00f3 los logros econ\u00f3micos de Paraguay, al que calific\u00f3 como un ejemplo regional.<strong><em>\u00a0\u201cHa aplicado diligentemente las ideas de la libertad econ\u00f3mica, lo que le permiti\u00f3 superar la inflaci\u00f3n y mantener un crecimiento sostenido. Gracias a esto, Paraguay atrae inversores y residentes de todo el mundo; evidentemente algo est\u00e1n haciendo bien&#8221;<\/em><\/strong>, afirm\u00f3.<\/p>\n<p>Tambi\u00e9n hizo referencia a la situaci\u00f3n argentina, al asegurar que su gesti\u00f3n logr\u00f3 revertir una grave crisis econ\u00f3mica.\u00a0<strong><em>\u201cHemos evitado una hiperinflaci\u00f3n y una cat\u00e1strofe social sin precedentes. Las pol\u00edticas que estamos aplicando son las que alguna vez hicieron de Argentina una potencia mundial&#8221;<\/em><\/strong>, indic\u00f3.<\/p>\n<p><a class=\"fotos-desarrollo unlink\" title=\"Milei cerr\u00f3 su visita a Paraguay con un encuentro con Santiago Pe\u00f1a\" href=\"https:\/\/www.radiosudamericana.com\/notix\/multimedia\/imagenes\/fotos\/2025-04-09\/755778.jpg\"><img decoding=\"async\" class=\"img-responsive\" src=\"https:\/\/www.radiosudamericana.com\/notix\/multimedia\/imagenes\/fotos\/2025-04-09\/755778.jpg_nota.jpg\" \/><\/a><\/p>\n<p>En ese sentido, defendi\u00f3 medidas como la desregulaci\u00f3n y el ajuste fiscal, al considerar que\u00a0<strong><em>\u201cel bien com\u00fan se alcanza a trav\u00e9s de las ideas de la libertad, no mediante la justicia social y la redistribuci\u00f3n forzosa de la riqueza\u201d<\/em><\/strong>.<\/p>\n<p>Milei destac\u00f3 adem\u00e1s que la alianza con Paraguay se apoya en\u00a0<em><strong>\u201cvalores comunes\u201d<\/strong><\/em>\u00a0que pueden inspirar al resto del continente.\u00a0<strong><em>\u201cUn continente que, durante demasiado tiempo, ha sufrido en tantos lugares los embates del populismo, puede, de una vez por todas, salir adelante\u201d<\/em><\/strong>, sostuvo.<\/p>\n<p><strong><em>\u201cQue Dios bendiga al pueblo argentino, que Dios bendiga al pueblo paraguayo, que las fuerzas del cielo nos acompa\u00f1en y \u00a1viva la libertad!\u201d<\/em><\/strong>, concluy\u00f3 su discurso el presidente argentino.<\/p>\n<p>Pese a la afinidad entre ambos gobiernos, la relaci\u00f3n bilateral atraviesa algunos puntos de tensi\u00f3n, como la gesti\u00f3n compartida de la Entidad Binacional Yacyret\u00e1 (EBY). La reciente resoluci\u00f3n 143\/2025 de la Secretar\u00eda de Energ\u00eda de Argentina, que establece nuevas tarifas, fue cuestionada por Paraguay por haberse definido de manera unilateral, seg\u00fan inform\u00f3 el diario ABC.<\/p>\n<p>En febrero, el presidente argentino firm\u00f3 el decreto 53\/2025 para nombrar a los cuatro consejeros argentinos en la EBY. Entre ellos se encuentran figuras cercanas a aliados pol\u00edticos de Milei, como Facundo Palma y Rodrigo de Arrechea, quienes ocupar\u00e1n un rol clave en la administraci\u00f3n de la represa junto a sus pares paraguayos.<\/p>\n<p>Radio Sudamericana<\/p>\n<\/div>\n<\/div>\n<div id=\"Native-MultiPlex\" data-google-query-id=\"COjtlJzky4wDFZk5uQYdd78sdA\">\n<div id=\"google_ads_iframe_\/21849154601,21669678094\/Ad.Plus-MultiPlex_0__container__\"><\/div>\n<\/div>\n<\/div>\n","protected":false},"excerpt":{"rendered":"<p>El presidente argentino se reuni\u00f3 con su par paraguayo para fortalecer la alianza bilateral. Destac\u00f3 la afinidad ideol\u00f3gica entre ambos gobiernos y celebr\u00f3 el modelo econ\u00f3mico liberal aplicado en la regi\u00f3n. Javier Milei concluy\u00f3 este mi\u00e9rcoles su visita oficial a Paraguay, donde mantuvo un encuentro con su par Santiago Pe\u00f1a. Durante la jornada, ambos mandatarios [&hellip;]<\/p>\n","protected":false},"author":3,"featured_media":62475,"comment_status":"open","ping_status":"open","sticky":false,"template":"","format":"standard","meta":{"footnotes":""},"categories":[9],"tags":[],"class_list":["post-62474","post","type-post","status-publish","format-standard","has-post-thumbnail","hentry","category-politica"],"_links":{"self":[{"href":"https:\/\/informateesquina.com\/index.php?rest_route=\/wp\/v2\/posts\/62474","targetHints":{"allow":["GET"]}}],"collection":[{"href":"https:\/\/informateesquina.com\/index.php?rest_route=\/wp\/v2\/posts"}],"about":[{"href":"https:\/\/informateesquina.com\/index.php?rest_route=\/wp\/v2\/types\/post"}],"author":[{"embeddable":true,"href":"https:\/\/informateesquina.com\/index.php?rest_route=\/wp\/v2\/users\/3"}],"replies":[{"embeddable":true,"href":"https:\/\/informateesquina.com\/index.php?rest_route=%2Fwp%2Fv2%2Fcomments&post=62474"}],"version-history":[{"count":1,"href":"https:\/\/informateesquina.com\/index.php?rest_route=\/wp\/v2\/posts\/62474\/revisions"}],"predecessor-version":[{"id":62476,"href":"https:\/\/informateesquina.com\/index.php?rest_route=\/wp\/v2\/posts\/62474\/revisions\/62476"}],"wp:featuredmedia":[{"embeddable":true,"href":"https:\/\/informateesquina.com\/index.php?rest_route=\/wp\/v2\/media\/62475"}],"wp:attachment":[{"href":"https:\/\/informateesquina.com\/index.php?rest_route=%2Fwp%2Fv2%2Fmedia&parent=62474"}],"wp:term":[{"taxonomy":"category","embeddable":true,"href":"https:\/\/informateesquina.com\/index.php?rest_route=%2Fwp%2Fv2%2Fcategories&post=62474"},{"taxonomy":"post_tag","embeddable":true,"href":"https:\/\/informateesquina.com\/index.php?rest_route=%2Fwp%2Fv2%2Ftags&post=62474"}],"curies":[{"name":"wp","href":"https:\/\/api.w.org\/{rel}","templated":true}]}}