{"id":62743,"date":"2025-04-28T16:32:38","date_gmt":"2025-04-28T19:32:38","guid":{"rendered":"https:\/\/informateesquina.com\/?p=62743"},"modified":"2025-04-28T16:32:38","modified_gmt":"2025-04-28T19:32:38","slug":"una-mujer-se-nego-a-darles-comida-a-dos-personas-y-le-fracturaron-la-nariz-con-una-piedra","status":"publish","type":"post","link":"https:\/\/informateesquina.com\/?p=62743","title":{"rendered":"Una mujer se neg\u00f3 a darles comida a dos personas y le fracturaron la nariz con una piedra"},"content":{"rendered":"<div>\n<p class=\"copete\">El ataque qued\u00f3 registrado por las c\u00e1maras de seguridad de la zona. Micaela denuncia que son constantes los violentos episodios con un grupo de personas que viven en la calle.<\/p>\n<div>\n<div class=\"fotos-y-videos\">\n<div class=\"tab-content\">\n<div id=\"fotos\" class=\"tab-pane fade in active\" role=\"tabpanel\"><a class=\"fotos-desarrollo unlink\" title=\"Una mujer se neg\u00f3 a darles comida a dos personas y le fracturaron la nariz con una piedra\" href=\"https:\/\/www.radiosudamericana.com\/notix\/multimedia\/imagenes\/fotos\/2025-04-28\/125747.jpg\"><img loading=\"lazy\" decoding=\"async\" class=\"img-responsive lazyload center-block\" src=\"https:\/\/www.radiosudamericana.com\/notix\/multimedia\/imagenes\/fotos\/2025-04-28\/125747.jpg_nota.jpg\" alt=\"Una mujer se neg\u00f3 a darles comida a dos personas y le fracturaron la nariz con una piedra\" width=\"700\" height=\"392\" \/><\/a><\/div>\n<\/div>\n<\/div>\n<div class=\"cuerpo\">\n<p>Una joven fue\u00a0brutalmente agredida por dos personas\u00a0que viven en situaci\u00f3n de calle luego de que ella se negara a darles comida. Los atacantes\u00a0le tiraron un piedrazo\u00a0que le cay\u00f3 de lleno en la cara y le fractur\u00f3 la nariz.<\/p>\n<p>El feroz episodio ocurri\u00f3 hace algunos d\u00edas en la zona de la salida de emergencia de un supermercado, ubicado en la calle Falucho, entre Cerrito y Comandante Franco, de la localidad bonaerense de\u00a0Bernal.<\/p>\n<p>&nbsp;<\/p>\n<div><video id=\"video-id-30488\" class=\"video-js vjs-default-skin vjs-16-9 vjs-big-play-centered\" poster=\"https:\/\/www.radiosudamericana.com\/notix\/multimedia\/img_videos\/2025042896498751.jpg\" preload=\"auto\" controls=\"controls\" width=\"640\" height=\"150\" data-setup=\"{}\" data-mce-fragment=\"1\"><\/video><\/div>\n<p>&nbsp;<\/p>\n<p>Micaela, la v\u00edctima, todav\u00eda tiene las marcas en la cara de la brutal agresi\u00f3n. Adem\u00e1s, tuvieron que\u00a0hacerle puntos en la cabeza por los cortes.\u00a0Todo qued\u00f3 registrado por las c\u00e1maras de seguridad de la zona.<\/p>\n<p>En di\u00e1logo con\u00a0Arriba Argentinos (eltrece), la chica cont\u00f3 c\u00f3mo fue la secuencia: \u201cEstaban durmiendo en frente y me pidieron comida de mala manera, rompieron bolsas, sali\u00f3 un vecino dici\u00e9ndoles que se vayan, pero como no les gust\u00f3\u00a0se levantaron y empezaron a tirar piedras para el lado de mi casa\u201d.<\/p>\n<p>Fue en medio de esa situaci\u00f3n cuando ella se llev\u00f3 la peor parte. \u201cUna me cay\u00f3 a m\u00ed, directo en la cara,\u00a0me fractur\u00f3 la nariz y me hicieron puntos en la cabeza\u201d, precis\u00f3.<\/p>\n<p>El ataque qued\u00f3 registrado por las c\u00e1maras de la zona y las im\u00e1genes son fieles al relato de la v\u00edctima: se ve a dos personas tirar piedras desde la vereda de enfrente hacia su casa.<\/p>\n<p>&nbsp;<\/p>\n<p>Micaela asegura que \u201ctodos los d\u00edas es la misma problem\u00e1tica\u201d en la zona, debido a que all\u00ed hay una salida de emergencias del supermercado, que funciona como una suerte de habit\u00e1culo que resguarda del viento.<\/p>\n<p>\u201cNo me molesta que est\u00e9n ah\u00ed, sino que molestan a los vecinos porque son agresivos\u201d, lament\u00f3. \u201cLa polic\u00eda los fue a buscar, hoy tengo identificado a uno porque lo subimos a redes, pero todav\u00eda no recib\u00ed noticias\u201d, agreg\u00f3.<\/p>\n<p>Por otro lado, cont\u00f3 que ya realiz\u00f3 la\u00a0denuncia\u00a0y que est\u00e1n juntando firmas con los vecinos para que haya mayor iluminaci\u00f3n en la zona y se cambie el lugar de la salida de emergencias.<\/p>\n<p>Los vecinos, adem\u00e1s, sostienen que no es la primera vez que sucede una situaci\u00f3n as\u00ed y que temen que sigan ocurriendo ante la falta de vigilancia policial.<\/p>\n<p>Radio Sudamericana<\/p>\n<\/div>\n<\/div>\n<\/div>\n","protected":false},"excerpt":{"rendered":"<p>El ataque qued\u00f3 registrado por las c\u00e1maras de seguridad de la zona. Micaela denuncia que son constantes los violentos episodios con un grupo de personas que viven en la calle. Una joven fue\u00a0brutalmente agredida por dos personas\u00a0que viven en situaci\u00f3n de calle luego de que ella se negara a darles comida. Los atacantes\u00a0le tiraron un [&hellip;]<\/p>\n","protected":false},"author":3,"featured_media":62744,"comment_status":"open","ping_status":"open","sticky":false,"template":"","format":"standard","meta":{"footnotes":""},"categories":[8],"tags":[],"class_list":["post-62743","post","type-post","status-publish","format-standard","has-post-thumbnail","hentry","category-policiales"],"_links":{"self":[{"href":"https:\/\/informateesquina.com\/index.php?rest_route=\/wp\/v2\/posts\/62743","targetHints":{"allow":["GET"]}}],"collection":[{"href":"https:\/\/informateesquina.com\/index.php?rest_route=\/wp\/v2\/posts"}],"about":[{"href":"https:\/\/informateesquina.com\/index.php?rest_route=\/wp\/v2\/types\/post"}],"author":[{"embeddable":true,"href":"https:\/\/informateesquina.com\/index.php?rest_route=\/wp\/v2\/users\/3"}],"replies":[{"embeddable":true,"href":"https:\/\/informateesquina.com\/index.php?rest_route=%2Fwp%2Fv2%2Fcomments&post=62743"}],"version-history":[{"count":1,"href":"https:\/\/informateesquina.com\/index.php?rest_route=\/wp\/v2\/posts\/62743\/revisions"}],"predecessor-version":[{"id":62745,"href":"https:\/\/informateesquina.com\/index.php?rest_route=\/wp\/v2\/posts\/62743\/revisions\/62745"}],"wp:featuredmedia":[{"embeddable":true,"href":"https:\/\/informateesquina.com\/index.php?rest_route=\/wp\/v2\/media\/62744"}],"wp:attachment":[{"href":"https:\/\/informateesquina.com\/index.php?rest_route=%2Fwp%2Fv2%2Fmedia&parent=62743"}],"wp:term":[{"taxonomy":"category","embeddable":true,"href":"https:\/\/informateesquina.com\/index.php?rest_route=%2Fwp%2Fv2%2Fcategories&post=62743"},{"taxonomy":"post_tag","embeddable":true,"href":"https:\/\/informateesquina.com\/index.php?rest_route=%2Fwp%2Fv2%2Ftags&post=62743"}],"curies":[{"name":"wp","href":"https:\/\/api.w.org\/{rel}","templated":true}]}}