{"id":62746,"date":"2025-04-28T16:40:28","date_gmt":"2025-04-28T19:40:28","guid":{"rendered":"https:\/\/informateesquina.com\/?p=62746"},"modified":"2025-04-28T16:40:28","modified_gmt":"2025-04-28T19:40:28","slug":"segundo-puente-chaco-corrientes-falta-la-decision-de-javier-milei","status":"publish","type":"post","link":"https:\/\/informateesquina.com\/?p=62746","title":{"rendered":"Segundo Puente Chaco Corrientes: &#8220;Falta la decisi\u00f3n de Javier Milei&#8221;"},"content":{"rendered":"<div>\n<p class=\"copete\">El gobernador Gustavo Vald\u00e9s dialog\u00f3 con Sudamericana al terminal el encuentro de Gobernadores de la Regi\u00f3n Litoral que se desarroll\u00f3 en Resistencia. El mandatario sostuvo que el desarrollo del nuevo puente depende de la decisi\u00f3n presidencial y, adem\u00e1s, afirm\u00f3 que pidieron una reuni\u00f3n con el presidente de Paraguay Santiago Pe\u00f1a por la cuesti\u00f3n Hidrov\u00eda.<\/p>\n<div>\n<div class=\"fotos-y-videos\">\n<div class=\"tab-content\">\n<div id=\"fotos\" class=\"tab-pane fade in active\" role=\"tabpanel\"><a class=\"fotos-desarrollo unlink\" title=\"Segundo Puente Chaco Corrientes: Falta la decisi\u00f3n de Javier Milei\" href=\"https:\/\/www.radiosudamericana.com\/notix\/multimedia\/imagenes\/fotos\/2025-04-28\/462533.jpg\"><img loading=\"lazy\" decoding=\"async\" class=\"img-responsive lazyload center-block\" src=\"https:\/\/www.radiosudamericana.com\/notix\/multimedia\/imagenes\/fotos\/2025-04-28\/462533.jpg_nota.jpg\" alt=\"Segundo Puente Chaco Corrientes: Falta la decisi\u00f3n de Javier Milei\" width=\"700\" height=\"393\" \/><\/a><\/div>\n<\/div>\n<\/div>\n<div class=\"cuerpo\">\n<p>Este lunes se realiz\u00f3 en Resistencia la reuni\u00f3n de gobernadores del Litoral en la cual participaron los primeros y segundos mandatarios de cinco de las seis provincias de la regi\u00f3n:\u00a0<strong>Corrientes, Chaco, Misiones, Entre R\u00edos y Santa Fe.<\/strong>\u00a0Tras el encuentro, el gobernador Gustavo Vald\u00e9s dialog\u00f3 con los medios presentes sobre distintas cuestiones.<\/p>\n<p>En cuanto a lo que refiere a la licitaci\u00f3n y construcci\u00f3n del segundo puente Chaco Corrientes, el correntino afirm\u00f3: \u201cEst\u00e1 todo OK para habilitarse y la decisi\u00f3n ser\u00e1 de Javier Milei\u201d. Cabe se\u00f1alar que, adem\u00e1s, todo lo que respecta al R\u00edo Paran\u00e1 es clave para la Hidrov\u00eda y las relaciones comerciales en la regi\u00f3n.<\/p>\n<p>&nbsp;<\/p>\n<div class=\"audios-desarrollo encuerpo\">\n<div id=\"audio-0\"><audio src=\"https:\/\/www.radiosudamericana.com\/notix\/multimedia\/audios\/2025-04-28\/163406.mp3\" controls=\"controls\" data-mce-fragment=\"1\"><\/audio><\/div>\n<\/div>\n<p>&nbsp;<\/p>\n<p>Adem\u00e1s, sobre la idea de incorporar a otras regiones a la del Litoral, Vald\u00e9s destac\u00f3 la importancia de debatir cuestiones \u201cde inter\u00e9s\u201d para las todas las provincias, como la energ\u00eda. En cuanto a esto, el mandatario afirm\u00f3: \u201cLos gobernadores del Norte Grande hemos tenido por lo menos dieciocho reuniones y tenemos temas en com\u00fan agenda incluso hicimos una agenda de desarrollo para la rep\u00fablica argentina que la acercamos al CFI, ojal\u00e1 que nosotros podamos juntar todas las zonas y que podamos debatir cuestiones de inter\u00e9s de todo el norte argentino\u201d.<\/p>\n<p>&nbsp;<\/p>\n<div id=\"leermas\"><\/div>\n<p>&nbsp;<\/p>\n<p>Volvi\u00f3 a insistir con la cuesti\u00f3n de los l\u00edmites internacionales sobre Yacyret\u00e1 e Hidrov\u00eda, por lo cual afirm\u00f3:\u00a0<strong>\u201cVamos a pedir una reuni\u00f3n con el presidente de la rep\u00fablica del Paraguay, porque estos di\u00e1logos son fundamentales \u00a0para el desarrollo.<\/strong>\u00a0La Hidrov\u00eda es vital para que nuestros productos lleguen mucho m\u00e1s baratos a las zonas de comercializaci\u00f3n\u201d.<\/p>\n<\/div>\n<\/div>\n<div>Radio Sudamericana<\/div>\n<\/div>\n","protected":false},"excerpt":{"rendered":"<p>El gobernador Gustavo Vald\u00e9s dialog\u00f3 con Sudamericana al terminal el encuentro de Gobernadores de la Regi\u00f3n Litoral que se desarroll\u00f3 en Resistencia. El mandatario sostuvo que el desarrollo del nuevo puente depende de la decisi\u00f3n presidencial y, adem\u00e1s, afirm\u00f3 que pidieron una reuni\u00f3n con el presidente de Paraguay Santiago Pe\u00f1a por la cuesti\u00f3n Hidrov\u00eda. Este [&hellip;]<\/p>\n","protected":false},"author":3,"featured_media":62747,"comment_status":"open","ping_status":"open","sticky":false,"template":"","format":"standard","meta":{"footnotes":""},"categories":[11],"tags":[],"class_list":["post-62746","post","type-post","status-publish","format-standard","has-post-thumbnail","hentry","category-sociedad"],"_links":{"self":[{"href":"https:\/\/informateesquina.com\/index.php?rest_route=\/wp\/v2\/posts\/62746","targetHints":{"allow":["GET"]}}],"collection":[{"href":"https:\/\/informateesquina.com\/index.php?rest_route=\/wp\/v2\/posts"}],"about":[{"href":"https:\/\/informateesquina.com\/index.php?rest_route=\/wp\/v2\/types\/post"}],"author":[{"embeddable":true,"href":"https:\/\/informateesquina.com\/index.php?rest_route=\/wp\/v2\/users\/3"}],"replies":[{"embeddable":true,"href":"https:\/\/informateesquina.com\/index.php?rest_route=%2Fwp%2Fv2%2Fcomments&post=62746"}],"version-history":[{"count":1,"href":"https:\/\/informateesquina.com\/index.php?rest_route=\/wp\/v2\/posts\/62746\/revisions"}],"predecessor-version":[{"id":62748,"href":"https:\/\/informateesquina.com\/index.php?rest_route=\/wp\/v2\/posts\/62746\/revisions\/62748"}],"wp:featuredmedia":[{"embeddable":true,"href":"https:\/\/informateesquina.com\/index.php?rest_route=\/wp\/v2\/media\/62747"}],"wp:attachment":[{"href":"https:\/\/informateesquina.com\/index.php?rest_route=%2Fwp%2Fv2%2Fmedia&parent=62746"}],"wp:term":[{"taxonomy":"category","embeddable":true,"href":"https:\/\/informateesquina.com\/index.php?rest_route=%2Fwp%2Fv2%2Fcategories&post=62746"},{"taxonomy":"post_tag","embeddable":true,"href":"https:\/\/informateesquina.com\/index.php?rest_route=%2Fwp%2Fv2%2Ftags&post=62746"}],"curies":[{"name":"wp","href":"https:\/\/api.w.org\/{rel}","templated":true}]}}