{"id":62758,"date":"2025-04-29T08:33:04","date_gmt":"2025-04-29T11:33:04","guid":{"rendered":"https:\/\/informateesquina.com\/?p=62758"},"modified":"2025-04-29T08:33:04","modified_gmt":"2025-04-29T11:33:04","slug":"adolescente-de-16-anos-murio-tras-ser-apunalado-por-un-chico-de-13","status":"publish","type":"post","link":"https:\/\/informateesquina.com\/?p=62758","title":{"rendered":"Adolescente de 16 a\u00f1os muri\u00f3 tras ser apu\u00f1alado por un chico de 13"},"content":{"rendered":"<div>\n<p class=\"copete\">La familia de Dylan Gaetano exigi\u00f3 Justicia y confirm\u00f3 que don\u00f3 que sus \u00f3rganos. \u201cQue Dios siga iluminando a otros\u201d, expresaron.<\/p>\n<div class=\"fotos-y-videos\">\n<div class=\"tab-content\">\n<div id=\"fotos\" class=\"tab-pane fade in active\" role=\"tabpanel\"><a class=\"fotos-desarrollo unlink\" title=\"Adolescente de 16 a\u00f1os muri\u00f3 tras ser apu\u00f1alado por un chico de 13\" href=\"https:\/\/www.radiosudamericana.com\/notix\/multimedia\/imagenes\/fotos\/2025-04-29\/417849.jpg\"><img loading=\"lazy\" decoding=\"async\" class=\"img-responsive lazyload center-block\" src=\"https:\/\/www.radiosudamericana.com\/notix\/multimedia\/imagenes\/fotos\/2025-04-29\/417849.jpg_nota.jpg\" alt=\"Adolescente de 16 a\u00f1os muri\u00f3 tras ser apu\u00f1alado por un chico de 13\" width=\"700\" height=\"392\" \/><\/a><\/div>\n<\/div>\n<\/div>\n<p>&nbsp;<\/p>\n<div class=\"cuerpo\">\n<p>Un partido de\u00a0f\u00fatbol entre amigos termin\u00f3 en tragedia\u00a0el domingo por la tarde en la ciudad de Resistencia, en Chaco. La v\u00edctima, un adolescente de 16 a\u00f1os llamado Dylan Gaetano, fue asesinado de\u00a0una pu\u00f1alada en el pecho\u00a0por un chico de 13.<\/p>\n<p>Seg\u00fan relat\u00f3\u00a0Brenda Zelaya, una t\u00eda de Dylan, el joven estaba sentado junto a su primo cuando el agresor se acerc\u00f3 y,\u00a0sin mediar palabra, lo atac\u00f3.<\/p>\n<p>Adem\u00e1s, la mujer asegur\u00f3 que su sobrino\u00a0no conoc\u00eda al homicida\u00a0y que el ataque lo tom\u00f3 completamente por sorpresa.<\/p>\n<p><a class=\"fotos-desarrollo unlink\" title=\"Adolescente de 16 a\u00f1os muri\u00f3 tras ser apu\u00f1alado por un chico de 13\" href=\"https:\/\/www.radiosudamericana.com\/notix\/multimedia\/imagenes\/fotos\/2025-04-29\/387372.jpg\"><img decoding=\"async\" class=\"img-responsive\" src=\"https:\/\/www.radiosudamericana.com\/notix\/multimedia\/imagenes\/fotos\/2025-04-29\/387372.jpg_nota.jpg\" \/><\/a><\/p>\n<p>\u201cLamentablemente, mientras despedimos a Dylan, el menor responsable de su muerte\u00a0ya se encuentra de regreso en su hogar, rodeado de su familia.\u00a0No buscamos venganza, ni deseamos m\u00e1s dolor. Solo pedimos justicia\u201d, escribi\u00f3 otra familiar del adolescente asesinado, en su perfil de Facebook.<\/p>\n<h2><strong>La b\u00fasqueda del agresor<\/strong><\/h2>\n<p>Tras el ataque, Dylan fue trasladado de urgencia al hospital con una herida grave en la clav\u00edcula izquierda, cerca del cuello. A pesar del esfuerzo de los m\u00e9dicos, el adolescente muri\u00f3 el lunes a la tarde debido a un shock hipovol\u00e9mico.<\/p>\n<p>Mientras tanto, las autoridades iniciaron la b\u00fasqueda del joven agresor. Finalmente, lo encontraron cerca de la medianoche en su casa, donde secuestraron un cuchillo tipo tramontina, que ser\u00eda el arma homicida.<\/p>\n<h2><strong>El pedido de justicia y un \u00faltimo gesto de amor<\/strong><\/h2>\n<p>En medio del dolor, en las \u00faltimas horas la familia de Dylan comunic\u00f3 su\u00a0decisi\u00f3n de donar sus \u00f3rganos.\u00a0\u201cQueremos que siga iluminando a otros\u201d, expresaron.<\/p>\n<p>Sin embargo, tambi\u00e9n alzaron la voz para\u00a0exigir justicia, criticando que el agresor,\u00a0por ser inimputable, ya se encuentra en su casa.<\/p>\n<p>Por su parte, Mariela Aguirre, otra de las t\u00edas de la v\u00edctima, lo\u00a0despidi\u00f3 con un emotivo mensaje\u00a0en las redes sociales.<\/p>\n<h2><strong>El posteo completo<\/strong><\/h2>\n<p>\u201cEl joven D.G. era Dylan Gaetano.<\/p>\n<p>Era\u00a0hijo, era hermano, era nieto, sobrino y primo.<\/p>\n<p>Ten\u00eda apenas 16 a\u00f1os cuando, el 26 de abril,\u00a0su vida fue arrebatada\u00a0tras ser apu\u00f1alado por un menor de 13 a\u00f1os.<\/p>\n<p>Hoy,\u00a0su familia lo despide con el coraz\u00f3n roto.\u00a0No existe palabra ni gesto que pueda aliviar este dolor, especialmente para sus padres, que jam\u00e1s imaginaron tener que enfrentar la partida tan temprana de su hijo amado.<\/p>\n<p><a class=\"fotos-desarrollo unlink\" title=\"Adolescente de 16 a\u00f1os muri\u00f3 tras ser apu\u00f1alado por un chico de 13\" href=\"https:\/\/www.radiosudamericana.com\/notix\/multimedia\/imagenes\/fotos\/2025-04-29\/161480.jpg\"><img decoding=\"async\" class=\"img-responsive\" src=\"https:\/\/www.radiosudamericana.com\/notix\/multimedia\/imagenes\/fotos\/2025-04-29\/161480.jpg_nota.jpg\" \/><\/a><\/p>\n<p>En medio de tanto sufrimiento, buscando un\u00a0gesto de amor y de sentido ante tanta injusticia, sus padres tomaron una decisi\u00f3n inmensa: donar sus \u00f3rganos, para que la vida de Dylan siga iluminando a otros, incluso en su ausencia.<\/p>\n<p>Sin embargo,\u00a0la tristeza y el vac\u00edo permanecer\u00e1n\u00a0entre nosotros. Lamentablemente, mientras despedimos a Dylan, el menor responsable de su muerte ya se encuentra de regreso en su hogar, rodeado de su familia.<\/p>\n<p>No buscamos venganza, ni deseamos m\u00e1s dolor.\u00a0Solo pedimos justicia.<\/p>\n<p>Quisi\u00e9ramos que esto no hubiera ocurrido.\u00a0Queremos que no vuelva a repetirse.<\/p>\n<p>Exigimos que el gobierno y el sistema judicial\u00a0reflexionen y\u00a0revisen las decisiones y acciones\u00a0que hoy dejan a la sociedad desprotegida.<\/p>\n<p>Queremos vivir en un pa\u00eds y en una provincia donde los ni\u00f1os puedan ser ni\u00f1os.<\/p>\n<p>Donde\u00a0la violencia no sea parte\u00a0de su infancia.<\/p>\n<p>Donde\u00a0la vida y su fragilidad\u00a0se respete siempre.<\/p>\n<p>Por Dylan&#8221;.<\/p>\n<p>Radio Sudamericana<\/p>\n<\/div>\n<\/div>\n","protected":false},"excerpt":{"rendered":"<p>La familia de Dylan Gaetano exigi\u00f3 Justicia y confirm\u00f3 que don\u00f3 que sus \u00f3rganos. \u201cQue Dios siga iluminando a otros\u201d, expresaron. &nbsp; Un partido de\u00a0f\u00fatbol entre amigos termin\u00f3 en tragedia\u00a0el domingo por la tarde en la ciudad de Resistencia, en Chaco. La v\u00edctima, un adolescente de 16 a\u00f1os llamado Dylan Gaetano, fue asesinado de\u00a0una pu\u00f1alada [&hellip;]<\/p>\n","protected":false},"author":3,"featured_media":62759,"comment_status":"open","ping_status":"open","sticky":false,"template":"","format":"standard","meta":{"footnotes":""},"categories":[8],"tags":[],"class_list":["post-62758","post","type-post","status-publish","format-standard","has-post-thumbnail","hentry","category-policiales"],"_links":{"self":[{"href":"https:\/\/informateesquina.com\/index.php?rest_route=\/wp\/v2\/posts\/62758","targetHints":{"allow":["GET"]}}],"collection":[{"href":"https:\/\/informateesquina.com\/index.php?rest_route=\/wp\/v2\/posts"}],"about":[{"href":"https:\/\/informateesquina.com\/index.php?rest_route=\/wp\/v2\/types\/post"}],"author":[{"embeddable":true,"href":"https:\/\/informateesquina.com\/index.php?rest_route=\/wp\/v2\/users\/3"}],"replies":[{"embeddable":true,"href":"https:\/\/informateesquina.com\/index.php?rest_route=%2Fwp%2Fv2%2Fcomments&post=62758"}],"version-history":[{"count":1,"href":"https:\/\/informateesquina.com\/index.php?rest_route=\/wp\/v2\/posts\/62758\/revisions"}],"predecessor-version":[{"id":62760,"href":"https:\/\/informateesquina.com\/index.php?rest_route=\/wp\/v2\/posts\/62758\/revisions\/62760"}],"wp:featuredmedia":[{"embeddable":true,"href":"https:\/\/informateesquina.com\/index.php?rest_route=\/wp\/v2\/media\/62759"}],"wp:attachment":[{"href":"https:\/\/informateesquina.com\/index.php?rest_route=%2Fwp%2Fv2%2Fmedia&parent=62758"}],"wp:term":[{"taxonomy":"category","embeddable":true,"href":"https:\/\/informateesquina.com\/index.php?rest_route=%2Fwp%2Fv2%2Fcategories&post=62758"},{"taxonomy":"post_tag","embeddable":true,"href":"https:\/\/informateesquina.com\/index.php?rest_route=%2Fwp%2Fv2%2Ftags&post=62758"}],"curies":[{"name":"wp","href":"https:\/\/api.w.org\/{rel}","templated":true}]}}