{"id":62761,"date":"2025-04-29T08:47:04","date_gmt":"2025-04-29T11:47:04","guid":{"rendered":"https:\/\/informateesquina.com\/?p=62761"},"modified":"2025-04-29T08:47:04","modified_gmt":"2025-04-29T11:47:04","slug":"que-significa-la-fumata-blanca-en-la-eleccion-de-un-nuevo-papa","status":"publish","type":"post","link":"https:\/\/informateesquina.com\/?p=62761","title":{"rendered":"Qu\u00e9 significa la fumata blanca en la elecci\u00f3n de un nuevo papa"},"content":{"rendered":"<div>\n<p class=\"copete\">La antigua tradici\u00f3n de los humos es un pilar del c\u00f3nclave. Se utilizan qu\u00edmicos para emitir se\u00f1ales decisivas que informan sobre el desarrollo del proceso de elecci\u00f3n.<\/p>\n<div class=\"fotos-y-videos\">\n<div class=\"tab-content\">\n<div id=\"fotos\" class=\"tab-pane fade in active\" role=\"tabpanel\"><a class=\"fotos-desarrollo unlink\" title=\"Qu\u00e9 significa la fumata blanca en la elecci\u00f3n de un nuevo papa\" href=\"https:\/\/www.radiosudamericana.com\/notix\/multimedia\/imagenes\/fotos\/2025-04-29\/317090.jpg\"><img loading=\"lazy\" decoding=\"async\" class=\"img-responsive lazyload center-block\" src=\"https:\/\/www.radiosudamericana.com\/notix\/multimedia\/imagenes\/fotos\/2025-04-29\/317090.jpg_nota.jpg\" alt=\"Qu\u00e9 significa la fumata blanca en la elecci\u00f3n de un nuevo papa\" width=\"700\" height=\"461\" \/><\/a><\/div>\n<\/div>\n<\/div>\n<p>&nbsp;<\/p>\n<div class=\"cuerpo\">\n<p>El\u00a0c\u00f3nclave\u00a0para designar al sucesor del papa Francisco\u00a0comenzar\u00e1 el 7 de mayo, seg\u00fan anunciaron los cardenales de la Iglesia Cat\u00f3lica, en medio de la expectativa por la elecci\u00f3n del nuevo l\u00edder espiritual de 1.300 millones de fieles en todo el mundo.<\/p>\n<p>La fecha fue confirmada por el portavoz del\u00a0Vaticano, mientras que el Museo Vaticano comunic\u00f3\u00a0el cierre de la Capilla Sixtina, el recinto decorado con los frescos de Miguel \u00c1ngel donde se desarrollar\u00e1n las votaciones. La ceremonia tendr\u00e1 lugar en el Palacio Apost\u00f3lico.<\/p>\n<p>Antes del inicio del c\u00f3nclave, los cardenales participar\u00e1n en una misa solemne en la Bas\u00edlica de San Pedro. Luego, aquellos\u00a0menores de 80 a\u00f1os, que tienen derecho a voto, se encerrar\u00e1n en la Capilla Sixtina para iniciar un proceso de votaci\u00f3n secreto que podr\u00eda prolongarse durante varios d\u00edas.<\/p>\n<p>El colegio electoral est\u00e1 compuesto por\u00a0135 cardenales, de los cuales el 80% fueron nombrados por Bergoglio. Los electores provienen de distintas regiones del mundo y, en muchos casos, no se conocen entre s\u00ed, lo que a\u00f1ade incertidumbre al desarrollo del c\u00f3nclave.<\/p>\n<p><a class=\"fotos-desarrollo unlink\" title=\"Qu\u00e9 significa la fumata blanca en la elecci\u00f3n de un nuevo papa\" href=\"https:\/\/www.radiosudamericana.com\/notix\/multimedia\/imagenes\/fotos\/2025-04-29\/243282.png\"><img decoding=\"async\" class=\"img-responsive\" src=\"https:\/\/www.radiosudamericana.com\/notix\/multimedia\/imagenes\/fotos\/2025-04-29\/243282.png_nota.png\" \/><\/a><\/p>\n<p><strong>Qu\u00e9 diferencia hay entre fumata blanca y fumata negra<\/strong><\/p>\n<p>En el Vaticano, la elecci\u00f3n de\u00a0un nuevo papa se anuncia al mundo mediante la tradicional fumata blanca. El humo blanco se produce al quemar las papeletas de votaci\u00f3n combinadas con sustancias qu\u00edmicas especiales en una estufa instalada dentro de la Capilla Sixtina.<\/p>\n<p>Este ritual marca el consenso alcanzado entre los cardenales electores. Por el contrario,\u00a0cuando no se logra un acuerdo, se genera humo negro\u00a0al quemar los votos, lo que indica que el proceso de votaci\u00f3n contin\u00faa.<\/p>\n<p><strong>C\u00f3mo se genera el humo y qu\u00e9 compuestos se utilizan<\/strong><\/p>\n<p>Para asegurarse de que las decisiones se informen de forma clara, los colores del humo tienen que ser bien notorios. Es por eso que, al quemar las papeletas,\u00a0en la estufa se agregan qu\u00edmicos\u00a0que dan el color blanco o negro, dependiendo la ocasi\u00f3n.<\/p>\n<p>Para anunciar la elecci\u00f3n del nuevo pont\u00edfice, se utilizan\u00a0perclorato de potasio, lactosa y colofonia\u00a0para que el humo sea blanco. Cuando la elecci\u00f3n debe continuar y el humo debe ser negro, se usan\u00a0perclorato de potasio, antraceno y azufre.<\/p>\n<p><a class=\"fotos-desarrollo unlink\" title=\"Qu\u00e9 significa la fumata blanca en la elecci\u00f3n de un nuevo papa\" href=\"https:\/\/www.radiosudamericana.com\/notix\/multimedia\/imagenes\/fotos\/2025-04-29\/838658.png\"><img decoding=\"async\" class=\"img-responsive\" src=\"https:\/\/www.radiosudamericana.com\/notix\/multimedia\/imagenes\/fotos\/2025-04-29\/838658.png_nota.png\" \/><\/a><\/p>\n<p><strong>Qu\u00e9 momento exacto marca la elecci\u00f3n del nuevo pont\u00edfice<\/strong><\/p>\n<p>El momento exacto en el que se comunica y queda definida la elecci\u00f3n del nuevo papa es\u00a0cuando se ve la fumata blanca\u00a0de la Capilla Sixtina, mientras que\u00a0al mismo tiempo suenan las campanas de San Pedro.<\/p>\n<p>Tras la elecci\u00f3n de un nuevo papa,\u00a0el anuncio oficial se realiza desde la logia central de la bas\u00edlica de San Pedro. El encargado de comunicarlo es el protodi\u00e1cono del Colegio de Cardenales, actualmente el cardenal\u00a0Dominique Mamberti.<\/p>\n<p>Desde el balc\u00f3n, pronuncia\u00a0la f\u00f3rmula tradicional \u201cHabemus papam\u201d, que en lat\u00edn significa \u201ctenemos papa\u201d. Luego de la conocida frase, se informa al p\u00fablico sobre el nombre de nacimiento del nuevo pont\u00edfice y el nombre que escogi\u00f3 para su pontificado.<\/p>\n<p><strong>Por qu\u00e9 se cambia el nombre el religioso elegido<\/strong><\/p>\n<p>Una vez concluido el c\u00f3nclave y tras todas las votaciones necesarias, el cardenal decano\u00a0consulta al candidato elegido si acepta\u00a0asumir el cargo de Sumo Pont\u00edfice de la Iglesia Cat\u00f3lica\u00a0y bajo qu\u00e9 nombre desea ser conocido.<\/p>\n<p>Esta pr\u00e1ctica\u00a0se remonta al siglo VI, cuando el papa Juan II decidi\u00f3 adoptar un nuevo nombre para evitar ser confundido con su predecesor, tambi\u00e9n llamado Juan.<\/p>\n<p>El cambio de nombre\u00a0tiene ra\u00edces simb\u00f3licas en los evangelios, donde se relata c\u00f3mo Dios otorga nuevos nombres a sus elegidos, como cuando Jes\u00fas renombr\u00f3 a Sim\u00f3n como Pedro, el primer l\u00edder de la Iglesia cristiana.<\/p>\n<p>Para el nuevo papa, la adopci\u00f3n de un nombre distinto\u00a0representa el abandono de su vida anterior y el inicio de una nueva etapa\u00a0como m\u00e1xima autoridad del catolicismo.<\/p>\n<p>Aunque esta costumbre no fue uniforme en sus or\u00edgenes, comenz\u00f3 a consolidarse a partir del siglo XI. Desde entonces, solo dos pont\u00edfices mantuvieron su nombre de nacimiento:\u00a0Adriano VI y Marcelo II.<\/p>\n<p>Entre los nombres m\u00e1s elegidos se destaca Juan, utilizado en 23 ocasiones. Luego le siguen Gregorio y Benedicto, ambos en 16; Clemente en 14 e Inocencio y Le\u00f3n en 13. P\u00edo fue elegido 12 veces. Hasta la actualidad, ning\u00fan pont\u00edfice opt\u00f3 por llamarse Pedro,\u00a0en respeto al primer papa de la historia cristiana.<\/p>\n<p>Radio Sudamericana<\/p>\n<\/div>\n<\/div>\n","protected":false},"excerpt":{"rendered":"<p>La antigua tradici\u00f3n de los humos es un pilar del c\u00f3nclave. Se utilizan qu\u00edmicos para emitir se\u00f1ales decisivas que informan sobre el desarrollo del proceso de elecci\u00f3n. &nbsp; El\u00a0c\u00f3nclave\u00a0para designar al sucesor del papa Francisco\u00a0comenzar\u00e1 el 7 de mayo, seg\u00fan anunciaron los cardenales de la Iglesia Cat\u00f3lica, en medio de la expectativa por la elecci\u00f3n [&hellip;]<\/p>\n","protected":false},"author":3,"featured_media":62762,"comment_status":"open","ping_status":"open","sticky":false,"template":"","format":"standard","meta":{"footnotes":""},"categories":[11],"tags":[],"class_list":["post-62761","post","type-post","status-publish","format-standard","has-post-thumbnail","hentry","category-sociedad"],"_links":{"self":[{"href":"https:\/\/informateesquina.com\/index.php?rest_route=\/wp\/v2\/posts\/62761","targetHints":{"allow":["GET"]}}],"collection":[{"href":"https:\/\/informateesquina.com\/index.php?rest_route=\/wp\/v2\/posts"}],"about":[{"href":"https:\/\/informateesquina.com\/index.php?rest_route=\/wp\/v2\/types\/post"}],"author":[{"embeddable":true,"href":"https:\/\/informateesquina.com\/index.php?rest_route=\/wp\/v2\/users\/3"}],"replies":[{"embeddable":true,"href":"https:\/\/informateesquina.com\/index.php?rest_route=%2Fwp%2Fv2%2Fcomments&post=62761"}],"version-history":[{"count":1,"href":"https:\/\/informateesquina.com\/index.php?rest_route=\/wp\/v2\/posts\/62761\/revisions"}],"predecessor-version":[{"id":62763,"href":"https:\/\/informateesquina.com\/index.php?rest_route=\/wp\/v2\/posts\/62761\/revisions\/62763"}],"wp:featuredmedia":[{"embeddable":true,"href":"https:\/\/informateesquina.com\/index.php?rest_route=\/wp\/v2\/media\/62762"}],"wp:attachment":[{"href":"https:\/\/informateesquina.com\/index.php?rest_route=%2Fwp%2Fv2%2Fmedia&parent=62761"}],"wp:term":[{"taxonomy":"category","embeddable":true,"href":"https:\/\/informateesquina.com\/index.php?rest_route=%2Fwp%2Fv2%2Fcategories&post=62761"},{"taxonomy":"post_tag","embeddable":true,"href":"https:\/\/informateesquina.com\/index.php?rest_route=%2Fwp%2Fv2%2Ftags&post=62761"}],"curies":[{"name":"wp","href":"https:\/\/api.w.org\/{rel}","templated":true}]}}