{"id":62764,"date":"2025-04-29T11:28:12","date_gmt":"2025-04-29T14:28:12","guid":{"rendered":"https:\/\/informateesquina.com\/?p=62764"},"modified":"2025-04-29T11:28:12","modified_gmt":"2025-04-29T14:28:12","slug":"tragico-choque-entre-un-auto-y-un-camion-habria-dejado-al-menos-dos-fallecidos-en-zona-de-la-eragia","status":"publish","type":"post","link":"https:\/\/informateesquina.com\/?p=62764","title":{"rendered":"Tr\u00e1gico choque entre un auto y un cami\u00f3n habr\u00eda dejado al menos dos fallecidos en zona de la Eragia"},"content":{"rendered":"<div>\n<p class=\"copete\">El tr\u00e1gico accidente ocurri\u00f3 en la ma\u00f1ana del martes entre la Eragia y El \u00c1guila, sobre Ruta Nacional 12, en Corrientes Capital. Habr\u00eda al menos dos personas fallecidas. ESTAMOS AMPLIANDO&#8230;<\/p>\n<div>\n<div class=\"fotos-y-videos\">\n<div class=\"tab-content\">\n<div id=\"fotos\" class=\"tab-pane fade in active\" role=\"tabpanel\"><a class=\"fotos-desarrollo unlink\" title=\"Tr\u00e1gico choque entre un auto y un cami\u00f3n habr\u00eda dejado al menos dos fallecidos en zona de la Eragia\" href=\"https:\/\/www.radiosudamericana.com\/notix\/multimedia\/imagenes\/fotos\/2025-04-29\/948966.jpeg\"><img loading=\"lazy\" decoding=\"async\" class=\"img-responsive lazyload center-block\" src=\"https:\/\/www.radiosudamericana.com\/notix\/multimedia\/imagenes\/fotos\/2025-04-29\/948966.jpeg_nota.jpeg\" alt=\"Tr\u00e1gico choque entre un auto y un cami\u00f3n habr\u00eda dejado al menos dos fallecidos en zona de la Eragia\" width=\"700\" height=\"393\" \/><\/a><\/div>\n<\/div>\n<\/div>\n<div class=\"audios-desarrollo\">\n<div id=\"audio-1\"><audio src=\"https:\/\/www.radiosudamericana.com\/notix\/multimedia\/audios\/2025-04-29\/344292.mp3\" controls=\"controls\" data-mce-fragment=\"1\"><\/audio><\/div>\n<\/div>\n<div class=\"cuerpo\">\n<p>Estamos ampliando&#8230;<\/p>\n<p><a class=\"fotos-desarrollo unlink\" title=\"Tr\u00e1gico choque entre un auto y un cami\u00f3n habr\u00eda dejado al menos dos fallecidos en zona de la Eragia\" href=\"https:\/\/www.radiosudamericana.com\/notix\/multimedia\/imagenes\/fotos\/2025-04-29\/665626.jpeg\"><img decoding=\"async\" class=\"img-responsive\" src=\"https:\/\/www.radiosudamericana.com\/notix\/multimedia\/imagenes\/fotos\/2025-04-29\/665626.jpeg_nota.jpeg\" \/><\/a><\/p>\n<p>Radio Sudamericana<\/p>\n<\/div>\n<\/div>\n<\/div>\n","protected":false},"excerpt":{"rendered":"<p>El tr\u00e1gico accidente ocurri\u00f3 en la ma\u00f1ana del martes entre la Eragia y El \u00c1guila, sobre Ruta Nacional 12, en Corrientes Capital. Habr\u00eda al menos dos personas fallecidas. ESTAMOS AMPLIANDO&#8230; Estamos ampliando&#8230; Radio Sudamericana<\/p>\n","protected":false},"author":3,"featured_media":62765,"comment_status":"open","ping_status":"open","sticky":false,"template":"","format":"standard","meta":{"footnotes":""},"categories":[8],"tags":[],"class_list":["post-62764","post","type-post","status-publish","format-standard","has-post-thumbnail","hentry","category-policiales"],"_links":{"self":[{"href":"https:\/\/informateesquina.com\/index.php?rest_route=\/wp\/v2\/posts\/62764","targetHints":{"allow":["GET"]}}],"collection":[{"href":"https:\/\/informateesquina.com\/index.php?rest_route=\/wp\/v2\/posts"}],"about":[{"href":"https:\/\/informateesquina.com\/index.php?rest_route=\/wp\/v2\/types\/post"}],"author":[{"embeddable":true,"href":"https:\/\/informateesquina.com\/index.php?rest_route=\/wp\/v2\/users\/3"}],"replies":[{"embeddable":true,"href":"https:\/\/informateesquina.com\/index.php?rest_route=%2Fwp%2Fv2%2Fcomments&post=62764"}],"version-history":[{"count":1,"href":"https:\/\/informateesquina.com\/index.php?rest_route=\/wp\/v2\/posts\/62764\/revisions"}],"predecessor-version":[{"id":62766,"href":"https:\/\/informateesquina.com\/index.php?rest_route=\/wp\/v2\/posts\/62764\/revisions\/62766"}],"wp:featuredmedia":[{"embeddable":true,"href":"https:\/\/informateesquina.com\/index.php?rest_route=\/wp\/v2\/media\/62765"}],"wp:attachment":[{"href":"https:\/\/informateesquina.com\/index.php?rest_route=%2Fwp%2Fv2%2Fmedia&parent=62764"}],"wp:term":[{"taxonomy":"category","embeddable":true,"href":"https:\/\/informateesquina.com\/index.php?rest_route=%2Fwp%2Fv2%2Fcategories&post=62764"},{"taxonomy":"post_tag","embeddable":true,"href":"https:\/\/informateesquina.com\/index.php?rest_route=%2Fwp%2Fv2%2Ftags&post=62764"}],"curies":[{"name":"wp","href":"https:\/\/api.w.org\/{rel}","templated":true}]}}