{"id":62768,"date":"2025-04-29T17:22:41","date_gmt":"2025-04-29T20:22:41","guid":{"rendered":"https:\/\/informateesquina.com\/?p=62768"},"modified":"2025-04-29T17:22:41","modified_gmt":"2025-04-29T20:22:41","slug":"narcomenudeo-en-que-consiste-el-proyecto-presentado-por-valdes","status":"publish","type":"post","link":"https:\/\/informateesquina.com\/?p=62768","title":{"rendered":"Narcomenudeo: en qu\u00e9 consiste el proyecto presentado por Vald\u00e9s"},"content":{"rendered":"<div>\n<p class=\"copete\">El senador provincial por la Uni\u00f3n C\u00edvica Radical de Corrientes Di\u00f3genes Gonz\u00e1lez, en contacto con Sudamericana, explic\u00f3 algunos detalles del proyecto que se encuentra en la Legislatura de la Provincia para hacer frente al narcotr\u00e1fico. El plan fue presentado por el Gobernador Gustavo Vald\u00e9s tomando como modelo al aplicado en Santa Fe.<\/p>\n<div>\n<div class=\"fotos-y-videos\">\n<div class=\"tab-content\">\n<div id=\"fotos\" class=\"tab-pane fade in active\" role=\"tabpanel\"><a class=\"fotos-desarrollo unlink\" title=\"Narcomenudeo: en qu\u00e9 consiste el proyecto presentado por Vald\u00e9s\" href=\"https:\/\/www.radiosudamericana.com\/notix\/multimedia\/imagenes\/fotos\/2025-04-29\/209520.jpg\"><img loading=\"lazy\" decoding=\"async\" class=\"img-responsive lazyload center-block\" src=\"https:\/\/www.radiosudamericana.com\/notix\/multimedia\/imagenes\/fotos\/2025-04-29\/209520.jpg_nota.jpg\" alt=\"Narcomenudeo: en qu\u00e9 consiste el proyecto presentado por Vald\u00e9s\" width=\"700\" height=\"393\" \/><\/a><\/div>\n<\/div>\n<\/div>\n<div class=\"audios-desarrollo\">\n<div id=\"audio-1\"><audio src=\"https:\/\/www.radiosudamericana.com\/notix\/multimedia\/audios\/2025-04-29\/442108.mp3\" controls=\"controls\" data-mce-fragment=\"1\"><\/audio><\/div>\n<\/div>\n<div class=\"cuerpo\">\n<p>El legislador correntino Di\u00f3genes Gonz\u00e1lez, desde Goya, explic\u00f3 los detalles del proyecto de ley presentado por el Ejecutivo contra el narcomenudeo. El mismo se encuentra vigente en provincias argentinas como\u00a0<em><strong>Buenos Aires, Santa Fe, Entre R\u00edos, Jujuy, Santiago del Estero y C\u00f3rdoba\u00a0<\/strong><\/em>y fue presentado a la Legislatura de Corrientes a fines del 2024 por el gobernador Gustavo Vald\u00e9s.<\/p>\n<p>En este sentido, Gonz\u00e1lez explic\u00f3 que, de adherir a la medida del Congreso, la provincia \u201ctendr\u00e1 capacidad y jurisdicci\u00f3n para juzgar y condenar delitos de narcomenudeo\u201d. Se aplicar\u00eda, de este modo, a los kioscos de drogas en barrios correntinos, donde la Polic\u00eda y los juzgados provinciales podr\u00edan intervenir ante\u00a0<strong>delitos de tipo federal como es el narcotr\u00e1fico.<\/strong><\/p>\n<p>Dado que Corrientes y Salta son dos provincias que tienen l\u00edmite directo con tres pa\u00edses, para Di\u00f3genes Gonz\u00e1lez se trata de \u201cun comercio ilegal donde las fuerzas de Seguridad y la Justicia Federal trabajan fuertemente\u201d.<\/p>\n<p>Cont\u00f3 que el modelo para la redacci\u00f3n del proyecto se tom\u00f3 de la provincia de Santa Fe con otros aditamentos, \u201ccomo el caso de Jujuy que prev\u00e9 la creaci\u00f3n de un Consejo de Seguridad provincial con el trabajo coordinado entre jueces provinciales y federales\u201d. Adem\u00e1s, est\u00e1n entrevistando a otros fiscales de otras provincias para definir\u00a0<strong>la estructura de la propuesta legal<\/strong>, adem\u00e1s del respaldo presupuestario.<\/p>\n<p>Asimismo, se prev\u00e9n encuentros con ministros de Seguridad del Litoral y la regi\u00f3n para observar de qu\u00e9 manera se aplica la norma en esas jurisdicciones. \u201cC\u00f3rdoba por ejemplo tiene una Polic\u00eda Especializada, Santa Fe una Central de Inteligencia\u201d, entre otras cuestiones.<\/p>\n<p>&nbsp;<\/p>\n<div id=\"leermas\"><\/div>\n<p>&nbsp;<\/p>\n<p>Por lo tanto, el proyecto presentado contiene:<\/p>\n<ul>\n<li>Una Fiscal\u00eda especializada en narcomenudeo, con el correspondiente llamado concurso para designar a sus integrantes.<\/li>\n<li>Un \u00c1rea de Inteligencia dependiente del Ministerio de Seguridad, destinada a reforzar las investigaciones.<\/li>\n<li>Un Consejo de Seguridad Provincial que integra a las fuerzas de seguridad y el \u00e1mbito judicial para coordinar estrategias conjuntas.\u00a0 \u00a0 \u00a0 \u00a0 \u00a0 \u00a0 \u00a0 \u00a0 \u00a0 \u00a0 \u00a0 \u00a0 \u00a0 \u00a0 \u00a0 \u00a0 \u00a0 \u00a0 \u00a0 \u00a0 \u00a0 \u00a0 \u00a0 \u00a0 \u00a0 \u00a0 \u00a0 \u00a0 \u00a0 \u00a0 \u00a0 \u00a0 \u00a0 \u00a0 \u00a0 \u00a0 \u00a0 \u00a0 \u00a0 \u00a0 \u00a0 \u00a0 \u00a0 \u00a0 \u00a0 \u00a0 \u00a0 \u00a0 \u00a0 \u00a0 \u00a0 \u00a0 \u00a0 \u00a0 \u00a0 \u00a0 \u00a0 \u00a0 \u00a0 \u00a0 \u00a0 \u00a0 Radio Sudamericana<\/li>\n<\/ul>\n<\/div>\n<\/div>\n<\/div>\n","protected":false},"excerpt":{"rendered":"<p>El senador provincial por la Uni\u00f3n C\u00edvica Radical de Corrientes Di\u00f3genes Gonz\u00e1lez, en contacto con Sudamericana, explic\u00f3 algunos detalles del proyecto que se encuentra en la Legislatura de la Provincia para hacer frente al narcotr\u00e1fico. El plan fue presentado por el Gobernador Gustavo Vald\u00e9s tomando como modelo al aplicado en Santa Fe. El legislador correntino [&hellip;]<\/p>\n","protected":false},"author":3,"featured_media":62769,"comment_status":"open","ping_status":"open","sticky":false,"template":"","format":"standard","meta":{"footnotes":""},"categories":[9],"tags":[],"class_list":["post-62768","post","type-post","status-publish","format-standard","has-post-thumbnail","hentry","category-politica"],"_links":{"self":[{"href":"https:\/\/informateesquina.com\/index.php?rest_route=\/wp\/v2\/posts\/62768","targetHints":{"allow":["GET"]}}],"collection":[{"href":"https:\/\/informateesquina.com\/index.php?rest_route=\/wp\/v2\/posts"}],"about":[{"href":"https:\/\/informateesquina.com\/index.php?rest_route=\/wp\/v2\/types\/post"}],"author":[{"embeddable":true,"href":"https:\/\/informateesquina.com\/index.php?rest_route=\/wp\/v2\/users\/3"}],"replies":[{"embeddable":true,"href":"https:\/\/informateesquina.com\/index.php?rest_route=%2Fwp%2Fv2%2Fcomments&post=62768"}],"version-history":[{"count":1,"href":"https:\/\/informateesquina.com\/index.php?rest_route=\/wp\/v2\/posts\/62768\/revisions"}],"predecessor-version":[{"id":62770,"href":"https:\/\/informateesquina.com\/index.php?rest_route=\/wp\/v2\/posts\/62768\/revisions\/62770"}],"wp:featuredmedia":[{"embeddable":true,"href":"https:\/\/informateesquina.com\/index.php?rest_route=\/wp\/v2\/media\/62769"}],"wp:attachment":[{"href":"https:\/\/informateesquina.com\/index.php?rest_route=%2Fwp%2Fv2%2Fmedia&parent=62768"}],"wp:term":[{"taxonomy":"category","embeddable":true,"href":"https:\/\/informateesquina.com\/index.php?rest_route=%2Fwp%2Fv2%2Fcategories&post=62768"},{"taxonomy":"post_tag","embeddable":true,"href":"https:\/\/informateesquina.com\/index.php?rest_route=%2Fwp%2Fv2%2Ftags&post=62768"}],"curies":[{"name":"wp","href":"https:\/\/api.w.org\/{rel}","templated":true}]}}