{"id":62776,"date":"2025-04-30T08:34:38","date_gmt":"2025-04-30T11:34:38","guid":{"rendered":"https:\/\/informateesquina.com\/?p=62776"},"modified":"2025-04-30T08:34:38","modified_gmt":"2025-04-30T11:34:38","slug":"el-comunicado-oficial-de-boca-tras-el-despido-de-fernando-gago","status":"publish","type":"post","link":"https:\/\/informateesquina.com\/?p=62776","title":{"rendered":"El comunicado oficial de Boca tras el despido de Fernando Gago"},"content":{"rendered":"<div>\n<p class=\"copete\">Con un breve texto en redes sociales, el conjunto xeneize le dijo adi\u00f3s a \u201cPintita\u201d<\/p>\n<div>\n<div class=\"fotos-y-videos\">\n<div class=\"tab-content\">\n<div id=\"fotos\" class=\"tab-pane fade in active\" role=\"tabpanel\"><a class=\"fotos-desarrollo unlink\" title=\"El comunicado oficial de Boca tras el despido de Fernando Gago\" href=\"https:\/\/www.radiosudamericana.com\/notix\/multimedia\/imagenes\/fotos\/2025-04-30\/650879.jpg\"><img loading=\"lazy\" decoding=\"async\" class=\"img-responsive lazyload center-block\" src=\"https:\/\/www.radiosudamericana.com\/notix\/multimedia\/imagenes\/fotos\/2025-04-30\/650879.jpg_nota.jpg\" alt=\"El comunicado oficial de Boca tras el despido de Fernando Gago\" width=\"700\" height=\"513\" \/><\/a><\/div>\n<\/div>\n<\/div>\n<div class=\"cuerpo\">\n<p>Luego de que Boca despidiera a Fernando Gago del cargo de entrenador tras la derrota en el Supercl\u00e1sico ante River por 2-1, el club sac\u00f3 un comunicado oficial para informar la decisi\u00f3n que se conoc\u00eda desde la ma\u00f1ana del martes.<\/p>\n<p>A trav\u00e9s de redes sociales, el elenco xeneize le dijo adi\u00f3s a \u201cPintita\u201d con un breve texto despu\u00e9s del anuncio de Mauricio Serna, miembro del Consejo de F\u00fatbol, en declaraciones televisivas.<\/p>\n<p><strong>\u201cEl Club Atl\u00e9tico Boca Juniors comunica que Fernando Gago ha dejado de ser el entrenador del primer equipo. Agradecemos a Fernando y a su cuerpo t\u00e9cnico por su profesionalismo y les deseamos el mayor de los \u00e9xitos en sus pr\u00f3ximos desaf\u00edos\u201d<\/strong>, escribi\u00f3 el conjunto azul y oro en sus cuentas oficiales.<\/p>\n<p>En la madrugada del martes comenz\u00f3 a circular la informaci\u00f3n de que los de La Ribera podr\u00edan dejar ir a su DT, producto de la ca\u00edda ante el \u201cMillonario\u201d por la decimoquinta fecha del Torneo Apertura y la temprana eliminaci\u00f3n de la Copa Libertadores en la Fase 2 del repechaje.<\/p>\n<p>Finalmente, a primera hora \u201cChicho\u201d termin\u00f3 por confirmar la decisi\u00f3n de la dirigencia comandada por Juan Rom\u00e1n Riquelme para darle comienzo al interinato de Mariano Herr\u00f3n, quien podr\u00eda mantener su cargo hasta la culminaci\u00f3n de los Playoffs de la Liga Profesional de F\u00fatbol, y pensar en un reemplazante definitivo de cara al Mundial de Clubes 2025.<\/p>\n<p>&nbsp;<\/p>\n<p>Una vez anunciada la noticia, r\u00e1pidamente comenzaron a circular los posibles apuntados por la Comisi\u00f3n Directiva xeneize para ocupar el cargo de DT.<\/p>\n<p>Entre esos nombres se encontrar\u00edan Gustavo Quinteros, Cristian Gonz\u00e1lez y Gabriel Milito, como los principales, mientras que Jos\u00e9 N\u00e9stor P\u00e9kerman, Gerardo Martino, Rodolfo Arruabarrena y Gabriel Heinze aparecen en segunda l\u00ednea.<\/p>\n<p>Por \u00faltimo, Herr\u00f3n tendr\u00e1 su prueba ante Tigre, el pr\u00f3ximo domingo desde las 18:00, donde el cuadro azul y oro buscar\u00e1 sumar de a tres para asegurar la primera posici\u00f3n de la Zona A y definir de local en los Playoffs hasta la final.<\/p>\n<\/div>\n<\/div>\n<div>Radio Sudamericana<\/div>\n<\/div>\n","protected":false},"excerpt":{"rendered":"<p>Con un breve texto en redes sociales, el conjunto xeneize le dijo adi\u00f3s a \u201cPintita\u201d Luego de que Boca despidiera a Fernando Gago del cargo de entrenador tras la derrota en el Supercl\u00e1sico ante River por 2-1, el club sac\u00f3 un comunicado oficial para informar la decisi\u00f3n que se conoc\u00eda desde la ma\u00f1ana del martes. [&hellip;]<\/p>\n","protected":false},"author":3,"featured_media":62777,"comment_status":"open","ping_status":"open","sticky":false,"template":"","format":"standard","meta":{"footnotes":""},"categories":[11],"tags":[],"class_list":["post-62776","post","type-post","status-publish","format-standard","has-post-thumbnail","hentry","category-sociedad"],"_links":{"self":[{"href":"https:\/\/informateesquina.com\/index.php?rest_route=\/wp\/v2\/posts\/62776","targetHints":{"allow":["GET"]}}],"collection":[{"href":"https:\/\/informateesquina.com\/index.php?rest_route=\/wp\/v2\/posts"}],"about":[{"href":"https:\/\/informateesquina.com\/index.php?rest_route=\/wp\/v2\/types\/post"}],"author":[{"embeddable":true,"href":"https:\/\/informateesquina.com\/index.php?rest_route=\/wp\/v2\/users\/3"}],"replies":[{"embeddable":true,"href":"https:\/\/informateesquina.com\/index.php?rest_route=%2Fwp%2Fv2%2Fcomments&post=62776"}],"version-history":[{"count":1,"href":"https:\/\/informateesquina.com\/index.php?rest_route=\/wp\/v2\/posts\/62776\/revisions"}],"predecessor-version":[{"id":62778,"href":"https:\/\/informateesquina.com\/index.php?rest_route=\/wp\/v2\/posts\/62776\/revisions\/62778"}],"wp:featuredmedia":[{"embeddable":true,"href":"https:\/\/informateesquina.com\/index.php?rest_route=\/wp\/v2\/media\/62777"}],"wp:attachment":[{"href":"https:\/\/informateesquina.com\/index.php?rest_route=%2Fwp%2Fv2%2Fmedia&parent=62776"}],"wp:term":[{"taxonomy":"category","embeddable":true,"href":"https:\/\/informateesquina.com\/index.php?rest_route=%2Fwp%2Fv2%2Fcategories&post=62776"},{"taxonomy":"post_tag","embeddable":true,"href":"https:\/\/informateesquina.com\/index.php?rest_route=%2Fwp%2Fv2%2Ftags&post=62776"}],"curies":[{"name":"wp","href":"https:\/\/api.w.org\/{rel}","templated":true}]}}