{"id":62779,"date":"2025-04-30T08:38:04","date_gmt":"2025-04-30T11:38:04","guid":{"rendered":"https:\/\/informateesquina.com\/?p=62779"},"modified":"2025-04-30T08:38:04","modified_gmt":"2025-04-30T11:38:04","slug":"chaco-detuvieron-a-un-pastor-tras-ser-acusado-de-abuso-sexual","status":"publish","type":"post","link":"https:\/\/informateesquina.com\/?p=62779","title":{"rendered":"Chaco: detuvieron a un pastor tras ser acusado de abuso sexual"},"content":{"rendered":"<div>\n<p class=\"copete\">El pastor Ledesma, de 31 a\u00f1os, fue detenido luego de que una mujer lo haya denunciado por abuso sexual en Resistencia, Chaco.<\/p>\n<div>\n<div class=\"fotos-y-videos\">\n<div class=\"tab-content\">\n<div id=\"fotos\" class=\"tab-pane fade in active\" role=\"tabpanel\"><a class=\"fotos-desarrollo unlink\" title=\"Chaco: detuvieron a un pastor tras ser acusado de abuso sexual\" href=\"https:\/\/www.radiosudamericana.com\/notix\/multimedia\/imagenes\/fotos\/2025-04-29\/135717.jpeg\"><img loading=\"lazy\" decoding=\"async\" class=\"img-responsive lazyload center-block\" src=\"https:\/\/www.radiosudamericana.com\/notix\/multimedia\/imagenes\/fotos\/2025-04-29\/135717.jpeg_nota.jpeg\" alt=\"Chaco: detuvieron a un pastor tras ser acusado de abuso sexual\" width=\"700\" height=\"601\" \/><\/a><\/div>\n<\/div>\n<\/div>\n<div class=\"cuerpo\">\n<p>Este martes por la noche, alrededor de las 20, personal de la comisar\u00eda Octava de Resistencia detuvo este lunes por la noche a<strong>\u00a0un pastor, de apellido Ledesma (31 a\u00f1os) acusado en una causa por \u201cSupuesto Abuso Sexual Simple\u201d.<\/strong>\u00a0El procedimiento se llev\u00f3 a cabo por orden de la Fiscal\u00eda Penal N\u00b015.<\/p>\n<p>&nbsp;<\/p>\n<div id=\"leermas\">\n<div class=\"mitad\"><\/div>\n<\/div>\n<p>&nbsp;<\/p>\n<p>La medida fue iniciada tras\u00a0<strong>la denuncia de una joven de 23 a\u00f1os\u00a0<\/strong>y conforme lo ordenado por la Fiscal\u00eda, personal del Servicio Externo de la unidad logr\u00f3 la localizaci\u00f3n y aprehensi\u00f3n del presunto autor en avenida Sarmiento al 1000.<\/p>\n<p>Una vez detenido, se dispuso que el ciudadano sea identificado y contin\u00fae alojado en la unidad policial a disposici\u00f3n de la Justicia.<\/p>\n<p>Radio Sudamericana<\/p>\n<\/div>\n<\/div>\n<\/div>\n","protected":false},"excerpt":{"rendered":"<p>El pastor Ledesma, de 31 a\u00f1os, fue detenido luego de que una mujer lo haya denunciado por abuso sexual en Resistencia, Chaco. Este martes por la noche, alrededor de las 20, personal de la comisar\u00eda Octava de Resistencia detuvo este lunes por la noche a\u00a0un pastor, de apellido Ledesma (31 a\u00f1os) acusado en una causa [&hellip;]<\/p>\n","protected":false},"author":3,"featured_media":62780,"comment_status":"open","ping_status":"open","sticky":false,"template":"","format":"standard","meta":{"footnotes":""},"categories":[8],"tags":[],"class_list":["post-62779","post","type-post","status-publish","format-standard","has-post-thumbnail","hentry","category-policiales"],"_links":{"self":[{"href":"https:\/\/informateesquina.com\/index.php?rest_route=\/wp\/v2\/posts\/62779","targetHints":{"allow":["GET"]}}],"collection":[{"href":"https:\/\/informateesquina.com\/index.php?rest_route=\/wp\/v2\/posts"}],"about":[{"href":"https:\/\/informateesquina.com\/index.php?rest_route=\/wp\/v2\/types\/post"}],"author":[{"embeddable":true,"href":"https:\/\/informateesquina.com\/index.php?rest_route=\/wp\/v2\/users\/3"}],"replies":[{"embeddable":true,"href":"https:\/\/informateesquina.com\/index.php?rest_route=%2Fwp%2Fv2%2Fcomments&post=62779"}],"version-history":[{"count":1,"href":"https:\/\/informateesquina.com\/index.php?rest_route=\/wp\/v2\/posts\/62779\/revisions"}],"predecessor-version":[{"id":62781,"href":"https:\/\/informateesquina.com\/index.php?rest_route=\/wp\/v2\/posts\/62779\/revisions\/62781"}],"wp:featuredmedia":[{"embeddable":true,"href":"https:\/\/informateesquina.com\/index.php?rest_route=\/wp\/v2\/media\/62780"}],"wp:attachment":[{"href":"https:\/\/informateesquina.com\/index.php?rest_route=%2Fwp%2Fv2%2Fmedia&parent=62779"}],"wp:term":[{"taxonomy":"category","embeddable":true,"href":"https:\/\/informateesquina.com\/index.php?rest_route=%2Fwp%2Fv2%2Fcategories&post=62779"},{"taxonomy":"post_tag","embeddable":true,"href":"https:\/\/informateesquina.com\/index.php?rest_route=%2Fwp%2Fv2%2Ftags&post=62779"}],"curies":[{"name":"wp","href":"https:\/\/api.w.org\/{rel}","templated":true}]}}