{"id":62785,"date":"2025-04-30T13:37:32","date_gmt":"2025-04-30T16:37:32","guid":{"rendered":"https:\/\/informateesquina.com\/?p=62785"},"modified":"2025-04-30T13:37:32","modified_gmt":"2025-04-30T16:37:32","slug":"crimen-de-paloma-y-josue-un-abogado-cree-que-los-mataron-por-ser-lindos","status":"publish","type":"post","link":"https:\/\/informateesquina.com\/?p=62785","title":{"rendered":"Crimen de Paloma y Josu\u00e9: un abogado cree que &#8220;los mataron por ser lindos&#8221;"},"content":{"rendered":"<div>\n<p class=\"copete\">El representante la familia de una de las v\u00edctimas tambi\u00e9n asegur\u00f3 que en dos meses estar\u00edan detenidos los autores del brutal asesinato.<\/p>\n<div class=\"fotos-y-videos\">\n<div class=\"tab-content\">\n<div id=\"fotos\" class=\"tab-pane fade in active\" role=\"tabpanel\"><a class=\"fotos-desarrollo unlink\" title=\"Crimen de Paloma y Josu\u00e9: un abogado cree que los mataron por ser lindos\" href=\"https:\/\/www.radiosudamericana.com\/notix\/multimedia\/imagenes\/fotos\/2025-04-30\/854601.jpg\"><img loading=\"lazy\" decoding=\"async\" class=\"img-responsive lazyload center-block\" src=\"https:\/\/www.radiosudamericana.com\/notix\/multimedia\/imagenes\/fotos\/2025-04-30\/854601.jpg_nota.jpg\" alt=\"Crimen de Paloma y Josu\u00e9: un abogado cree que los mataron por ser lindos\" width=\"700\" height=\"391\" \/><\/a><\/div>\n<\/div>\n<\/div>\n<p>&nbsp;<\/p>\n<div class=\"cuerpo\">\n<p>El\u00a0asesinato de Paloma Gallardo y su amigo Josu\u00e9 Salvatierra\u00a0conmocion\u00f3 a Florencio Varela el 1 de febrero pasado, cuando encontraron sus cuerpos en un\u00a0descampado de Florencio Varela.\u00a0Seg\u00fan el abogado An\u00edbal Osorio, que representa a la familia de la adolescente, la\u00a0brutalidad del ataque\u00a0sugiere que los chicos podr\u00edan haber sido v\u00edctimas de un \u201ccrimen de odio\u201d.<\/p>\n<p>\u201cFue un doble asesinato muy violento, que pudo tener un tinte de odio, de\u00a0ensa\u00f1amiento por c\u00f3mo estaban\u00a0las v\u00edctimas,\u00a0principalmente Paloma, que recibi\u00f3 m\u00e1s agresiones\u201d, explic\u00f3 el letrado, en di\u00e1logo con\u00a0ATP Radio.<\/p>\n<p>En este sentido, Osorio sostuvo que no descarta que el\u00a0odio del homicidio\u00a0se haya dado por el hecho\u00a0de ser lindos.<\/p>\n<p>Por otro lado, el abogado se mostr\u00f3 confiado por el avance de la causa y dijo que en que en los pr\u00f3ximos dos meses podr\u00edan\u00a0detener a \u201clos dos autores\u201d\u00a0de los cr\u00edmenes.<\/p>\n<p><a class=\"fotos-desarrollo unlink\" title=\"Crimen de Paloma y Josu\u00e9: un abogado cree que los mataron por ser lindos\" href=\"https:\/\/www.radiosudamericana.com\/notix\/multimedia\/imagenes\/fotos\/2025-04-30\/433067.jpg\"><img decoding=\"async\" class=\"img-responsive\" src=\"https:\/\/www.radiosudamericana.com\/notix\/multimedia\/imagenes\/fotos\/2025-04-30\/433067.jpg_nota.jpg\" \/><\/a><\/p>\n<p><strong>Avances en la investigaci\u00f3n<\/strong><\/p>\n<p>El letrado confirm\u00f3 que el doble crimen fue cometido por m\u00e1s de una persona\u00a0y especul\u00f3 con que haya todav\u00eda m\u00e1s involucrados. \u201cDe ac\u00e1 a los\u00a0pr\u00f3ximos dos meses puede haber novedades\u201d, estim\u00f3 Osorio, quien vincul\u00f3 los avances en la investigaci\u00f3n con la llegada el nuevo fiscal, Dar\u00edo Provisionato.<\/p>\n<p>\u201cEstamos esperando los\u00a0resultados de las pericias qu\u00edmicas\u00a0de muestras de sangre y de ADN\u201d, detall\u00f3 el letrado.<\/p>\n<p>La Fiscal\u00eda est\u00e1 reuniendo\u00a0pruebas testimoniales, documentales e informativas, adem\u00e1s de\u00a0revisar c\u00e1maras de seguridad\u00a0para avanzar en la causa.<\/p>\n<p><strong>Un doble crimen complejo y sin huellas claras<\/strong><\/p>\n<p>El doble crimen ocurri\u00f3 en un descampado, un lugar con\u00a0pocas c\u00e1maras de seguridad\u00a0y lejos de la vista de los vecinos, lo que complica la investigaci\u00f3n.<\/p>\n<p>Osorio asegur\u00f3 que tienen\u00a0identificados a sospechosos\u00a0que estuvieron en el lugar y horario de los asesinatos, pero a\u00fan no se orden\u00f3 ninguna detenci\u00f3n.<\/p>\n<p>El abogado tambi\u00e9n desminti\u00f3 una de las primeras versiones que se instalaron en el caso. \u201cNo advierto\u00a0ninguna huella de zapatillas ni en la ropa ni en el cuerpo\u00a0de los chicos\u201d, aclar\u00f3.<\/p>\n<p><strong>Descartan el narcomenudeo como m\u00f3vil<\/strong><\/p>\n<p>Otra hip\u00f3tesis que se baraj\u00f3 al principio de la investigaci\u00f3n era que el doble crimen estuviera\u00a0relacionado con el narcomenudeo\u00a0en la zona, pero esta versi\u00f3n tambi\u00e9n fue descartada.<\/p>\n<p>\u201cLos vecinos dijeron que es un lugar en el que hab\u00eda\u00a0gente que consum\u00eda drogas, pero nadie habl\u00f3 de venta\u201d, concluy\u00f3 Osorio.<\/p>\n<p><strong>El doble crimen de Paloma y Josu\u00e9<\/strong><\/p>\n<p>Paloma y Josu\u00e9, de\u00a016 y 14 a\u00f1os\u00a0respectivamente, desaparecieron el 30 de enero cuando iban al gimnasio, pero nunca llegaron. Sus cuerpos fueron\u00a0encontrados 48 horas despu\u00e9s\u00a0en un descampado.<\/p>\n<p>El informe forense revel\u00f3 que la chica muri\u00f3 a causa de una\u00a0\u201clesi\u00f3n cerebral\u201d\u00a0provocada por una\u00a0\u201cfractura de cr\u00e1neo\u201d\u00a0y un\u00a0\u201ctraumatismo encefalocraneal grave\u201d.<\/p>\n<p>Por su parte, el adolescente muri\u00f3 como consecuencia de una\u00a0\u201chemorragia cerebral\u201d, tambi\u00e9n con\u00a0\u201cfractura de cr\u00e1neo\u201d\u00a0y\u00a0\u201ctraumatismo encefalocraneal grave\u201d.<\/p>\n<p>Radio Sudamericana<\/p>\n<\/div>\n<\/div>\n","protected":false},"excerpt":{"rendered":"<p>El representante la familia de una de las v\u00edctimas tambi\u00e9n asegur\u00f3 que en dos meses estar\u00edan detenidos los autores del brutal asesinato. &nbsp; El\u00a0asesinato de Paloma Gallardo y su amigo Josu\u00e9 Salvatierra\u00a0conmocion\u00f3 a Florencio Varela el 1 de febrero pasado, cuando encontraron sus cuerpos en un\u00a0descampado de Florencio Varela.\u00a0Seg\u00fan el abogado An\u00edbal Osorio, que representa [&hellip;]<\/p>\n","protected":false},"author":3,"featured_media":62786,"comment_status":"open","ping_status":"open","sticky":false,"template":"","format":"standard","meta":{"footnotes":""},"categories":[8],"tags":[],"class_list":["post-62785","post","type-post","status-publish","format-standard","has-post-thumbnail","hentry","category-policiales"],"_links":{"self":[{"href":"https:\/\/informateesquina.com\/index.php?rest_route=\/wp\/v2\/posts\/62785","targetHints":{"allow":["GET"]}}],"collection":[{"href":"https:\/\/informateesquina.com\/index.php?rest_route=\/wp\/v2\/posts"}],"about":[{"href":"https:\/\/informateesquina.com\/index.php?rest_route=\/wp\/v2\/types\/post"}],"author":[{"embeddable":true,"href":"https:\/\/informateesquina.com\/index.php?rest_route=\/wp\/v2\/users\/3"}],"replies":[{"embeddable":true,"href":"https:\/\/informateesquina.com\/index.php?rest_route=%2Fwp%2Fv2%2Fcomments&post=62785"}],"version-history":[{"count":1,"href":"https:\/\/informateesquina.com\/index.php?rest_route=\/wp\/v2\/posts\/62785\/revisions"}],"predecessor-version":[{"id":62787,"href":"https:\/\/informateesquina.com\/index.php?rest_route=\/wp\/v2\/posts\/62785\/revisions\/62787"}],"wp:featuredmedia":[{"embeddable":true,"href":"https:\/\/informateesquina.com\/index.php?rest_route=\/wp\/v2\/media\/62786"}],"wp:attachment":[{"href":"https:\/\/informateesquina.com\/index.php?rest_route=%2Fwp%2Fv2%2Fmedia&parent=62785"}],"wp:term":[{"taxonomy":"category","embeddable":true,"href":"https:\/\/informateesquina.com\/index.php?rest_route=%2Fwp%2Fv2%2Fcategories&post=62785"},{"taxonomy":"post_tag","embeddable":true,"href":"https:\/\/informateesquina.com\/index.php?rest_route=%2Fwp%2Fv2%2Ftags&post=62785"}],"curies":[{"name":"wp","href":"https:\/\/api.w.org\/{rel}","templated":true}]}}