{"id":62789,"date":"2025-04-30T13:40:13","date_gmt":"2025-04-30T16:40:13","guid":{"rendered":"https:\/\/informateesquina.com\/?p=62789"},"modified":"2025-04-30T13:40:30","modified_gmt":"2025-04-30T16:40:30","slug":"crimen-de-paloma-y-josue-un-abogado-cree-que-los-mataron-por-ser-lindos-2","status":"publish","type":"post","link":"https:\/\/informateesquina.com\/?p=62789","title":{"rendered":"Empleada del \u00e1rea de la Mujer y el Ni\u00f1o, presa por presunta extorsi\u00f3n"},"content":{"rendered":"<div class=\"social\">\n<div class=\"share\"><\/div>\n<\/div>\n<div class=\" large m_image\">\n<figure><picture><source srcset=\"https:\/\/www.radiodos.com.ar\/content\/bucket\/5\/260735w790h415c.webp.webp\" type=\"image\/webp\" media=\"(min-width: 640px)\" \/><source srcset=\"https:\/\/www.radiodos.com.ar\/content\/bucket\/5\/260735w440h231c.webp.webp\" type=\"image\/webp\" media=\"(min-width: 300px)\" \/><source srcset=\"https:\/\/www.radiodos.com.ar\/content\/bucket\/5\/260735w790h415c.webp\" media=\"(min-width: 300px)\" \/><img loading=\"lazy\" decoding=\"async\" class=\"pic\" src=\"https:\/\/www.radiodos.com.ar\/content\/bucket\/5\/260735w790h415c.webp.webp\" alt=\"\" width=\"790\" height=\"415\" \/><\/picture><\/figure>\n<\/div>\n<p>Una funcionaria municipal perteneciente a la Direcci\u00f3n de la Mujer y el Ni\u00f1o de la ciudad de Esquina fue detenida ayer a la ma\u00f1ana por la Polic\u00eda durante un allanamiento en las oficinas de aquella dependencia y durante la cual la Justicia orden\u00f3 el secuestro de documentaci\u00f3n valiosa para la causa. Seg\u00fan indicaron fuentes judiciales, la causa que origin\u00f3 la apertura de una investigaci\u00f3n en su contra ser\u00eda de una v\u00edctima de extorsi\u00f3n, pero se investiga si utiliz\u00f3 los sellos oficiales en el marco de una investigaci\u00f3n fiscal por extorsi\u00f3n.<\/p>\n<p>Seg\u00fan trascendi\u00f3 en las \u00faltimas horas en el entorno de la investigaci\u00f3n, la acusada de reciente incorporaci\u00f3n al \u00e1rea en cuesti\u00f3n hab\u00eda exigido una suma de dinero a una persona para no armar una causa por presuntos &#8220;abusos&#8221;. En este contexto, la sospechada le hab\u00eda solicitado una suma cercana a $1.5 millones a un hombre para no denunciar el hecho, realizando para ello un documento y un pacto de confidencialidad en el que utiliz\u00f3 indebidamente los sellos oficiales de la oficina municipal para la que trabajaba.<\/p>\n<p>Tras esta situaci\u00f3n, la persona extorsionada fue directamente a la Justicia a denunciar el hecho y de inmediato comenz\u00f3 una investigaci\u00f3n que ayer llev\u00f3 a que efectivos de la Comisar\u00eda Primera de Esquina al mando del comisario Ruggieri, junto con el fiscal Mosqueda, lleve adelante un allanamiento en las oficinas ubicadas en pleno centro de la ciudad, donde inicialmente procedieron a la detenci\u00f3n de la mujer, conocida en el lugar como &#8220;la Porte\u00f1a&#8221; o su alias &#8220;Zeta&#8221;.<\/p>\n<p>Por orden judicial se secuestraron varios elementos que se hallaban en el escritorio utilizado por la empleada, que el asesor legal del municipio se encarg\u00f3 de aclarar que &#8220;no se trataba de una funcionaria, sino de un personal que se incorpor\u00f3 recientemente&#8221;, cuando aquella Direcci\u00f3n se traslad\u00f3 al actual edificio hace casi dos meses. La persona detenida ser\u00eda oriunda de la provincia de Buenos Aires, trascendi\u00f3.<\/p>\n<p>Ayer fuentes del municipio intentaron aminorar las repercusiones del caso indicando que la causa era por &#8220;utilizaci\u00f3n indebida de los sellos oficiales&#8221;, pero no pas\u00f3 mucho tiempo para que se comience a saber que si bien aquello hab\u00eda sucedido, era todo parte de una causa a\u00fan m\u00e1s grave que involucraba un presunto hecho de extorsi\u00f3n.<\/p>\n<p>Las mismas fuentes agregaron adem\u00e1s que dentro de la causa madre, existir\u00edan ya incorporados pruebas de audio que comprometen seriamente a la acusada y que fueron entregadas por la persona que radic\u00f3 la denuncia. Por el momento solo se est\u00e1 analizando una denuncia formal, pero no se descarta que con el correr de los d\u00edas puedan sumarse otras, ya que por lo visto era el modus operandi de la sospechosa.<\/p>\n<p>La Justicia concluy\u00f3 con el allanamiento en las oficinas de la Direcci\u00f3n de la Mujer y el Ni\u00f1o, pasado el mediod\u00eda y todos los elementos secuestrados fueron trasladados inicialmente a la Comisar\u00eda Primera y luego pasar\u00e1n a la sede de la fiscal\u00eda del doctor Mosqueda. La detenida qued\u00f3 alojada en la Comisar\u00eda de la Mujer y el Menor de Esquina.<\/p>\n<p>Radio Dos<\/p>\n","protected":false},"excerpt":{"rendered":"<p>Una funcionaria municipal perteneciente a la Direcci\u00f3n de la Mujer y el Ni\u00f1o de la ciudad de Esquina fue detenida ayer a la ma\u00f1ana por la Polic\u00eda durante un allanamiento en las oficinas de aquella dependencia y durante la cual la Justicia orden\u00f3 el secuestro de documentaci\u00f3n valiosa para la causa. Seg\u00fan indicaron fuentes judiciales, [&hellip;]<\/p>\n","protected":false},"author":3,"featured_media":62790,"comment_status":"open","ping_status":"open","sticky":false,"template":"","format":"standard","meta":{"footnotes":""},"categories":[8],"tags":[],"class_list":["post-62789","post","type-post","status-publish","format-standard","has-post-thumbnail","hentry","category-policiales"],"_links":{"self":[{"href":"https:\/\/informateesquina.com\/index.php?rest_route=\/wp\/v2\/posts\/62789","targetHints":{"allow":["GET"]}}],"collection":[{"href":"https:\/\/informateesquina.com\/index.php?rest_route=\/wp\/v2\/posts"}],"about":[{"href":"https:\/\/informateesquina.com\/index.php?rest_route=\/wp\/v2\/types\/post"}],"author":[{"embeddable":true,"href":"https:\/\/informateesquina.com\/index.php?rest_route=\/wp\/v2\/users\/3"}],"replies":[{"embeddable":true,"href":"https:\/\/informateesquina.com\/index.php?rest_route=%2Fwp%2Fv2%2Fcomments&post=62789"}],"version-history":[{"count":2,"href":"https:\/\/informateesquina.com\/index.php?rest_route=\/wp\/v2\/posts\/62789\/revisions"}],"predecessor-version":[{"id":62792,"href":"https:\/\/informateesquina.com\/index.php?rest_route=\/wp\/v2\/posts\/62789\/revisions\/62792"}],"wp:featuredmedia":[{"embeddable":true,"href":"https:\/\/informateesquina.com\/index.php?rest_route=\/wp\/v2\/media\/62790"}],"wp:attachment":[{"href":"https:\/\/informateesquina.com\/index.php?rest_route=%2Fwp%2Fv2%2Fmedia&parent=62789"}],"wp:term":[{"taxonomy":"category","embeddable":true,"href":"https:\/\/informateesquina.com\/index.php?rest_route=%2Fwp%2Fv2%2Fcategories&post=62789"},{"taxonomy":"post_tag","embeddable":true,"href":"https:\/\/informateesquina.com\/index.php?rest_route=%2Fwp%2Fv2%2Ftags&post=62789"}],"curies":[{"name":"wp","href":"https:\/\/api.w.org\/{rel}","templated":true}]}}