{"id":62794,"date":"2025-04-30T22:50:55","date_gmt":"2025-05-01T01:50:55","guid":{"rendered":"https:\/\/informateesquina.com\/?p=62794"},"modified":"2025-04-30T22:51:04","modified_gmt":"2025-05-01T01:51:04","slug":"fiesta-del-surubi-valdes-encabezo-la-liberacion-de-5000-alevines-en-el-parana","status":"publish","type":"post","link":"https:\/\/informateesquina.com\/?p=62794","title":{"rendered":"Fiesta del Surub\u00ed: Vald\u00e9s encabez\u00f3 la liberaci\u00f3n de 5000 alevines en el Paran\u00e1"},"content":{"rendered":"<div>\n<p class=\"copete\">Como parte de una pol\u00edtica de conservaci\u00f3n, el gobernador busca que cada torneo pesquero incluya la siembra de especies nativas.<\/p>\n<div>\n<div class=\"fotos-y-videos\">\n<div class=\"tab-content\">\n<div id=\"fotos\" class=\"tab-pane fade in active\" role=\"tabpanel\"><a class=\"fotos-desarrollo unlink\" title=\"Fiesta del Surub\u00ed: Vald\u00e9s encabez\u00f3 la liberaci\u00f3n de 5000 alevines en el Paran\u00e1\" href=\"https:\/\/www.radiosudamericana.com\/notix\/multimedia\/imagenes\/fotos\/2025-04-30\/801271.jpg\"><img loading=\"lazy\" decoding=\"async\" class=\"img-responsive lazyload center-block\" src=\"https:\/\/www.radiosudamericana.com\/notix\/multimedia\/imagenes\/fotos\/2025-04-30\/801271.jpg_nota.jpg\" alt=\"Fiesta del Surub\u00ed: Vald\u00e9s encabez\u00f3 la liberaci\u00f3n de 5000 alevines en el Paran\u00e1\" width=\"700\" height=\"424\" \/><\/a><\/div>\n<\/div>\n<\/div>\n<div class=\"cuerpo\">\n<p>En el marco de la 47\u00aa edici\u00f3n de la Fiesta Nacional del Surub\u00ed, el gobernador de Corrientes, Gustavo Vald\u00e9s, encabez\u00f3 este mi\u00e9rcoles en Goya la liberaci\u00f3n de 5000 alevines de surub\u00ed y 200 de s\u00e1balo en las aguas del r\u00edo Paran\u00e1. La iniciativa busca concientizar sobre la conservaci\u00f3n de la fauna \u00edctica y establecer la siembra de ejemplares como una pr\u00e1ctica habitual en cada torneo de pesca que se realice en la provincia.<\/p>\n<p>&nbsp;<\/p>\n<div id=\"leermas\"><\/div>\n<p>&nbsp;<\/p>\n<p><em><strong>\u201cEstamos plantando 5000 surub\u00edes criados en cautiverio en la zona de Goya. Esto es lo que estamos exigiendo ahora: que cada vez que tengamos un torneo, plantemos y devolvamos al r\u00edo la misma especie que se saca\u201d<\/strong><\/em>, expres\u00f3 Vald\u00e9s en contacto con la prensa.<\/p>\n<p><a class=\"fotos-desarrollo unlink\" title=\"Fiesta del Surub\u00ed: Vald\u00e9s encabez\u00f3 la liberaci\u00f3n de 5000 alevines en el Paran\u00e1\" href=\"https:\/\/www.radiosudamericana.com\/notix\/multimedia\/imagenes\/fotos\/2025-04-30\/366876.jpg\"><img decoding=\"async\" class=\"img-responsive\" src=\"https:\/\/www.radiosudamericana.com\/notix\/multimedia\/imagenes\/fotos\/2025-04-30\/366876.jpg_nota.jpg\" \/><\/a><\/p>\n<p>La iniciativa se implement\u00f3 por primera vez el a\u00f1o pasado en Ituzaing\u00f3 y ya se replica en otras localidades.\u00a0<strong><em>\u201cCuando tengamos un torneo, vamos a ir plantando, de manera que podamos ir preservando el r\u00edo\u201d<\/em><\/strong>, sostuvo el mandatario, y remarc\u00f3 la necesidad de crear zonas de protecci\u00f3n, como el \u00e1rea de reserva del Isor\u00f3, para resguardar los espacios de cr\u00eda y reproducci\u00f3n.<\/p>\n<p><a class=\"fotos-desarrollo unlink\" title=\"Fiesta del Surub\u00ed: Vald\u00e9s encabez\u00f3 la liberaci\u00f3n de 5000 alevines en el Paran\u00e1\" href=\"https:\/\/www.radiosudamericana.com\/notix\/multimedia\/imagenes\/fotos\/2025-04-30\/788940.jpg\"><img decoding=\"async\" class=\"img-responsive\" src=\"https:\/\/www.radiosudamericana.com\/notix\/multimedia\/imagenes\/fotos\/2025-04-30\/788940.jpg_nota.jpg\" \/><\/a><\/p>\n<p>Vald\u00e9s tambi\u00e9n adelant\u00f3 que la provincia est\u00e1 impulsando proyectos de piscicultura en zonas yerbateras como una forma de diversificar la producci\u00f3n:\u00a0<strong><em>\u201cEstamos generando alimentos a partir de este tipo de trabajo que se viene haciendo con distintos productores\u201d<\/em><\/strong>.<\/p>\n<p><a class=\"fotos-desarrollo unlink\" title=\"Fiesta del Surub\u00ed: Vald\u00e9s encabez\u00f3 la liberaci\u00f3n de 5000 alevines en el Paran\u00e1\" href=\"https:\/\/www.radiosudamericana.com\/notix\/multimedia\/imagenes\/fotos\/2025-04-30\/624131.jpg\"><img decoding=\"async\" class=\"img-responsive\" src=\"https:\/\/www.radiosudamericana.com\/notix\/multimedia\/imagenes\/fotos\/2025-04-30\/624131.jpg_nota.jpg\" \/><\/a><\/p>\n<p>Acompa\u00f1aron al gobernador en la actividad el intendente de Goya, Mariano Hormaechea; el jefe comunal de Ituzaing\u00f3, Juan Pablo Vald\u00e9s; y los ministros Alejandra Eliciri (Turismo) y Ad\u00e1n Gaya (Desarrollo Social).<\/p>\n<\/div>\n<\/div>\n<div>Radio Sudamericana<\/div>\n<\/div>\n","protected":false},"excerpt":{"rendered":"<p>Como parte de una pol\u00edtica de conservaci\u00f3n, el gobernador busca que cada torneo pesquero incluya la siembra de especies nativas. En el marco de la 47\u00aa edici\u00f3n de la Fiesta Nacional del Surub\u00ed, el gobernador de Corrientes, Gustavo Vald\u00e9s, encabez\u00f3 este mi\u00e9rcoles en Goya la liberaci\u00f3n de 5000 alevines de surub\u00ed y 200 de s\u00e1balo [&hellip;]<\/p>\n","protected":false},"author":3,"featured_media":62795,"comment_status":"open","ping_status":"open","sticky":false,"template":"","format":"standard","meta":{"footnotes":""},"categories":[9,1],"tags":[],"class_list":["post-62794","post","type-post","status-publish","format-standard","has-post-thumbnail","hentry","category-politica","category-sin-categoria"],"_links":{"self":[{"href":"https:\/\/informateesquina.com\/index.php?rest_route=\/wp\/v2\/posts\/62794","targetHints":{"allow":["GET"]}}],"collection":[{"href":"https:\/\/informateesquina.com\/index.php?rest_route=\/wp\/v2\/posts"}],"about":[{"href":"https:\/\/informateesquina.com\/index.php?rest_route=\/wp\/v2\/types\/post"}],"author":[{"embeddable":true,"href":"https:\/\/informateesquina.com\/index.php?rest_route=\/wp\/v2\/users\/3"}],"replies":[{"embeddable":true,"href":"https:\/\/informateesquina.com\/index.php?rest_route=%2Fwp%2Fv2%2Fcomments&post=62794"}],"version-history":[{"count":1,"href":"https:\/\/informateesquina.com\/index.php?rest_route=\/wp\/v2\/posts\/62794\/revisions"}],"predecessor-version":[{"id":62796,"href":"https:\/\/informateesquina.com\/index.php?rest_route=\/wp\/v2\/posts\/62794\/revisions\/62796"}],"wp:featuredmedia":[{"embeddable":true,"href":"https:\/\/informateesquina.com\/index.php?rest_route=\/wp\/v2\/media\/62795"}],"wp:attachment":[{"href":"https:\/\/informateesquina.com\/index.php?rest_route=%2Fwp%2Fv2%2Fmedia&parent=62794"}],"wp:term":[{"taxonomy":"category","embeddable":true,"href":"https:\/\/informateesquina.com\/index.php?rest_route=%2Fwp%2Fv2%2Fcategories&post=62794"},{"taxonomy":"post_tag","embeddable":true,"href":"https:\/\/informateesquina.com\/index.php?rest_route=%2Fwp%2Fv2%2Ftags&post=62794"}],"curies":[{"name":"wp","href":"https:\/\/api.w.org\/{rel}","templated":true}]}}