{"id":62797,"date":"2025-04-30T22:53:32","date_gmt":"2025-05-01T01:53:32","guid":{"rendered":"https:\/\/informateesquina.com\/?p=62797"},"modified":"2025-04-30T22:53:41","modified_gmt":"2025-05-01T01:53:41","slug":"daba-clase-en-una-escuela-primaria-y-murio-delante-de-sus-alumnos","status":"publish","type":"post","link":"https:\/\/informateesquina.com\/?p=62797","title":{"rendered":"Daba clase en una escuela primaria y muri\u00f3 delante de sus alumnos"},"content":{"rendered":"<p class=\"copete\">Marcos Negri, profesor de pl\u00e1stica de 38 a\u00f1os, falleci\u00f3 tras descompensarse durante una clase en la Escuela Esperanza Solidaria de la ciudad de Santa Fe. El establecimiento suspendi\u00f3 las actividades por duelo.<\/p>\n<div>\n<div class=\"fotos-y-videos\">\n<div class=\"tab-content\">\n<div id=\"fotos\" class=\"tab-pane fade in active\" role=\"tabpanel\"><a class=\"fotos-desarrollo unlink\" title=\"Daba clase en una escuela primaria y muri\u00f3 delante de sus alumnos\" href=\"https:\/\/www.radiosudamericana.com\/notix\/multimedia\/imagenes\/fotos\/2025-04-30\/402297.jpg\"><img loading=\"lazy\" decoding=\"async\" class=\"img-responsive lazyload center-block\" src=\"https:\/\/www.radiosudamericana.com\/notix\/multimedia\/imagenes\/fotos\/2025-04-30\/402297.jpg_nota.jpg\" alt=\"Daba clase en una escuela primaria y muri\u00f3 delante de sus alumnos\" width=\"700\" height=\"466\" \/><\/a><\/div>\n<\/div>\n<\/div>\n<div class=\"cuerpo\">\n<p>Un docente de artes pl\u00e1sticas muri\u00f3 este martes por la tarde en plena clase en la Escuela N\u00b0 1341 Esperanza Solidaria, ubicada en la zona norte de la ciudad de Santa Fe. El hecho ocurri\u00f3 cuando Marcos Negri, de 38 a\u00f1os, comenz\u00f3 a sentirse mal mientras impart\u00eda su clase frente a estudiantes.<\/p>\n<p>&nbsp;<\/p>\n<div id=\"leermas\">\n<div class=\"mitad\"><\/div>\n<\/div>\n<p>&nbsp;<\/p>\n<p>Seg\u00fan relataron testigos, el profesor experiment\u00f3 un fuerte dolor de cabeza, comenz\u00f3 a convulsionar y cay\u00f3 al suelo despidiendo espuma por la boca. La situaci\u00f3n gener\u00f3 conmoci\u00f3n entre docentes, alumnos y personal del establecimiento.<\/p>\n<p>Una colega del docente detall\u00f3 lo ocurrido ante medios locales:\u00a0<strong><em>\u201cSe sent\u00eda mal, le dec\u00eda a los compa\u00f1eros que ten\u00eda al lado, lo sentaron y como que empez\u00f3 a desconocer la situaci\u00f3n de d\u00f3nde estaba, con qui\u00e9n estaba y de pronto se cay\u00f3\u201d<\/em><\/strong>.<\/p>\n<p><a class=\"fotos-desarrollo unlink\" title=\"Daba clase en una escuela primaria y muri\u00f3 delante de sus alumnos\" href=\"https:\/\/www.radiosudamericana.com\/notix\/multimedia\/imagenes\/fotos\/2025-04-30\/502681.jpg\"><img decoding=\"async\" class=\"img-responsive\" src=\"https:\/\/www.radiosudamericana.com\/notix\/multimedia\/imagenes\/fotos\/2025-04-30\/502681.jpg_nota.jpg\" \/><\/a><\/p>\n<p>Tras el episodio, se dio aviso inmediato a los servicios de emergencia, pero al arribar al lugar, los profesionales constataron que Negri ya no presentaba signos vitales. Las causas del fallecimiento ser\u00e1n determinadas mediante las pericias correspondientes.<\/p>\n<p>Como consecuencia del tr\u00e1gico hecho, las autoridades de la instituci\u00f3n educativa decidieron suspender las actividades del nivel primario durante la jornada del mi\u00e9rcoles, declarando duelo por el fallecimiento del docente. Un cartel en la puerta de ingreso a la escuela comunic\u00f3 la decisi\u00f3n a la comunidad educativa.<\/p>\n<p><a class=\"fotos-desarrollo unlink\" title=\"Daba clase en una escuela primaria y muri\u00f3 delante de sus alumnos\" href=\"https:\/\/www.radiosudamericana.com\/notix\/multimedia\/imagenes\/fotos\/2025-04-30\/767113.jpg\"><img decoding=\"async\" class=\"img-responsive\" src=\"https:\/\/www.radiosudamericana.com\/notix\/multimedia\/imagenes\/fotos\/2025-04-30\/767113.jpg_nota.jpg\" \/><\/a><\/p>\n<p>Radio Sudamericana<\/p>\n<\/div>\n<\/div>\n","protected":false},"excerpt":{"rendered":"<p>Marcos Negri, profesor de pl\u00e1stica de 38 a\u00f1os, falleci\u00f3 tras descompensarse durante una clase en la Escuela Esperanza Solidaria de la ciudad de Santa Fe. El establecimiento suspendi\u00f3 las actividades por duelo. Un docente de artes pl\u00e1sticas muri\u00f3 este martes por la tarde en plena clase en la Escuela N\u00b0 1341 Esperanza Solidaria, ubicada en [&hellip;]<\/p>\n","protected":false},"author":3,"featured_media":62798,"comment_status":"open","ping_status":"open","sticky":false,"template":"","format":"standard","meta":{"footnotes":""},"categories":[8,1],"tags":[],"class_list":["post-62797","post","type-post","status-publish","format-standard","has-post-thumbnail","hentry","category-policiales","category-sin-categoria"],"_links":{"self":[{"href":"https:\/\/informateesquina.com\/index.php?rest_route=\/wp\/v2\/posts\/62797","targetHints":{"allow":["GET"]}}],"collection":[{"href":"https:\/\/informateesquina.com\/index.php?rest_route=\/wp\/v2\/posts"}],"about":[{"href":"https:\/\/informateesquina.com\/index.php?rest_route=\/wp\/v2\/types\/post"}],"author":[{"embeddable":true,"href":"https:\/\/informateesquina.com\/index.php?rest_route=\/wp\/v2\/users\/3"}],"replies":[{"embeddable":true,"href":"https:\/\/informateesquina.com\/index.php?rest_route=%2Fwp%2Fv2%2Fcomments&post=62797"}],"version-history":[{"count":1,"href":"https:\/\/informateesquina.com\/index.php?rest_route=\/wp\/v2\/posts\/62797\/revisions"}],"predecessor-version":[{"id":62799,"href":"https:\/\/informateesquina.com\/index.php?rest_route=\/wp\/v2\/posts\/62797\/revisions\/62799"}],"wp:featuredmedia":[{"embeddable":true,"href":"https:\/\/informateesquina.com\/index.php?rest_route=\/wp\/v2\/media\/62798"}],"wp:attachment":[{"href":"https:\/\/informateesquina.com\/index.php?rest_route=%2Fwp%2Fv2%2Fmedia&parent=62797"}],"wp:term":[{"taxonomy":"category","embeddable":true,"href":"https:\/\/informateesquina.com\/index.php?rest_route=%2Fwp%2Fv2%2Fcategories&post=62797"},{"taxonomy":"post_tag","embeddable":true,"href":"https:\/\/informateesquina.com\/index.php?rest_route=%2Fwp%2Fv2%2Ftags&post=62797"}],"curies":[{"name":"wp","href":"https:\/\/api.w.org\/{rel}","templated":true}]}}