{"id":62800,"date":"2025-05-02T09:33:46","date_gmt":"2025-05-02T12:33:46","guid":{"rendered":"https:\/\/informateesquina.com\/?p=62800"},"modified":"2025-05-02T09:33:46","modified_gmt":"2025-05-02T12:33:46","slug":"sismo-en-la-rioja-senti-como-que-se-me-venia-el-mundo-encima","status":"publish","type":"post","link":"https:\/\/informateesquina.com\/?p=62800","title":{"rendered":"Sismo en La Rioja: &#8220;Sent\u00ed c\u00f3mo que se me ven\u00eda el mundo encima&#8221;"},"content":{"rendered":"<div>\n<p class=\"copete\">La intendenta de Famatina, Adriana Olima, coment\u00f3 en Radio Sudamericana lo que se sinti\u00f3 en la jornada de este jueves en ese departamento riojano, cuando se registr\u00f3 una serie de temblores en los que el m\u00e1s fuerte fue de 5,9 grados. Resalt\u00f3 que hubo pocos da\u00f1os materiales y no se registraron heridos graves ni fallecimientos.<\/p>\n<div>\n<div class=\"fotos-y-videos\">\n<div class=\"tab-content\">\n<div id=\"fotos\" class=\"tab-pane fade in active\" role=\"tabpanel\"><a class=\"fotos-desarrollo unlink\" title=\"Sismo en La Rioja: Sent\u00ed c\u00f3mo que se me ven\u00eda el mundo encima\" href=\"https:\/\/www.radiosudamericana.com\/notix\/multimedia\/imagenes\/fotos\/2025-05-02\/159907.jpg\"><img loading=\"lazy\" decoding=\"async\" class=\"img-responsive lazyload center-block\" src=\"https:\/\/www.radiosudamericana.com\/notix\/multimedia\/imagenes\/fotos\/2025-05-02\/159907.jpg_nota.jpg\" alt=\"Sismo en La Rioja: Sent\u00ed c\u00f3mo que se me ven\u00eda el mundo encima\" width=\"700\" height=\"467\" \/><\/a><\/div>\n<\/div>\n<\/div>\n<div class=\"audios-desarrollo\">\n<div id=\"audio-1\"><audio src=\"https:\/\/www.radiosudamericana.com\/notix\/multimedia\/audios\/2025-05-02\/163414.mp3\" controls=\"controls\" data-mce-fragment=\"1\"><\/audio><\/div>\n<\/div>\n<div class=\"cuerpo\">\n<p>Este 1\u00ba de mayo, el departamento riojano de Famatina sufri\u00f3 una serie de sismos en las que el mayor fue de 5,9 grados. Olima destac\u00f3 en Radio Sudamericana que \u201cfue un momento que quedara en todo nuestro ser\u201d y que \u201cse sinti\u00f3 muy fuerte el ruido, el movimiento, mirar a la monta\u00f1a y ver el derrumbe\u201d.<\/p>\n<p>&nbsp;<\/p>\n<div id=\"leermas\"><\/div>\n<p>&nbsp;<\/p>\n<p>\u201cGracias a Dios, no lamentamos v\u00edctimas\u201d, expres\u00f3 y record\u00f3 que solamente hubo derrumbes de casas de adobe deshabitadas que se usaban para dep\u00f3sitos y grietas en algunas construcciones antiguas, como iglesias. Relat\u00f3 que cuando sucedi\u00f3 el m\u00e1s fuerte \u201cpor el ruido pens\u00e9 que pasaba un cami\u00f3n o una m\u00e1quina y sent\u00ed que todo temblaba\u201d.<\/p>\n<p>\u201cFue un gran susto para toda la comunidad\u201d, dijo, comentando que las localidades de la zona son de muy pocos habitantes y que est\u00e1n habituados a los temblores por tratarse de poblados lindantes a un cord\u00f3n monta\u00f1oso.<\/p>\n<\/div>\n<\/div>\n<div id=\"Native-MultiPlex\" data-google-query-id=\"CNKR_r_lhI0DFZ5RuAQdzcggmw\">\n<div id=\"google_ads_iframe_\/21849154601,21669678094\/Ad.Plus-MultiPlex_0__container__\">Radio Sudamericana<\/div>\n<\/div>\n<\/div>\n","protected":false},"excerpt":{"rendered":"<p>La intendenta de Famatina, Adriana Olima, coment\u00f3 en Radio Sudamericana lo que se sinti\u00f3 en la jornada de este jueves en ese departamento riojano, cuando se registr\u00f3 una serie de temblores en los que el m\u00e1s fuerte fue de 5,9 grados. Resalt\u00f3 que hubo pocos da\u00f1os materiales y no se registraron heridos graves ni fallecimientos. [&hellip;]<\/p>\n","protected":false},"author":3,"featured_media":62801,"comment_status":"open","ping_status":"open","sticky":false,"template":"","format":"standard","meta":{"footnotes":""},"categories":[8],"tags":[],"class_list":["post-62800","post","type-post","status-publish","format-standard","has-post-thumbnail","hentry","category-policiales"],"_links":{"self":[{"href":"https:\/\/informateesquina.com\/index.php?rest_route=\/wp\/v2\/posts\/62800","targetHints":{"allow":["GET"]}}],"collection":[{"href":"https:\/\/informateesquina.com\/index.php?rest_route=\/wp\/v2\/posts"}],"about":[{"href":"https:\/\/informateesquina.com\/index.php?rest_route=\/wp\/v2\/types\/post"}],"author":[{"embeddable":true,"href":"https:\/\/informateesquina.com\/index.php?rest_route=\/wp\/v2\/users\/3"}],"replies":[{"embeddable":true,"href":"https:\/\/informateesquina.com\/index.php?rest_route=%2Fwp%2Fv2%2Fcomments&post=62800"}],"version-history":[{"count":1,"href":"https:\/\/informateesquina.com\/index.php?rest_route=\/wp\/v2\/posts\/62800\/revisions"}],"predecessor-version":[{"id":62802,"href":"https:\/\/informateesquina.com\/index.php?rest_route=\/wp\/v2\/posts\/62800\/revisions\/62802"}],"wp:featuredmedia":[{"embeddable":true,"href":"https:\/\/informateesquina.com\/index.php?rest_route=\/wp\/v2\/media\/62801"}],"wp:attachment":[{"href":"https:\/\/informateesquina.com\/index.php?rest_route=%2Fwp%2Fv2%2Fmedia&parent=62800"}],"wp:term":[{"taxonomy":"category","embeddable":true,"href":"https:\/\/informateesquina.com\/index.php?rest_route=%2Fwp%2Fv2%2Fcategories&post=62800"},{"taxonomy":"post_tag","embeddable":true,"href":"https:\/\/informateesquina.com\/index.php?rest_route=%2Fwp%2Fv2%2Ftags&post=62800"}],"curies":[{"name":"wp","href":"https:\/\/api.w.org\/{rel}","templated":true}]}}