{"id":62803,"date":"2025-05-02T09:38:59","date_gmt":"2025-05-02T12:38:59","guid":{"rendered":"https:\/\/informateesquina.com\/?p=62803"},"modified":"2025-05-02T09:38:59","modified_gmt":"2025-05-02T12:38:59","slug":"el-salario-minimo-tiene-un-poder-adquisitivo-menor-a-la-crisis-del-2001","status":"publish","type":"post","link":"https:\/\/informateesquina.com\/?p=62803","title":{"rendered":"El salario m\u00ednimo tiene un poder adquisitivo menor a la crisis del 2001"},"content":{"rendered":"<div>\n<p class=\"copete\">El SMVM perdi\u00f3 un 31% de su capacidad de compra en los \u00faltimos 16 meses. El empleo formal, por su parte, muestra una leve recuperaci\u00f3n en los \u00faltimos meses<\/p>\n<div class=\"fotos-y-videos\">\n<div class=\"tab-content\">\n<div id=\"fotos\" class=\"tab-pane fade in active\" role=\"tabpanel\"><a class=\"fotos-desarrollo unlink\" title=\"El salario m\u00ednimo tiene un poder adquisitivo menor a la crisis del 2001\" href=\"https:\/\/www.radiosudamericana.com\/notix\/multimedia\/imagenes\/fotos\/2025-05-02\/517218.jpg\"><img loading=\"lazy\" decoding=\"async\" class=\"img-responsive lazyload center-block\" src=\"https:\/\/www.radiosudamericana.com\/notix\/multimedia\/imagenes\/fotos\/2025-05-02\/517218.jpg_nota.jpg\" alt=\"El salario m\u00ednimo tiene un poder adquisitivo menor a la crisis del 2001\" width=\"700\" height=\"466\" \/><\/a><\/div>\n<\/div>\n<\/div>\n<p>&nbsp;<\/p>\n<div class=\"cuerpo\">\n<p>El poder adquisitivo del\u00a0salario m\u00ednimo, vital y m\u00f3vil (SMVM)\u00a0est\u00e1 en el nivel m\u00e1s bajo de los \u00faltimos 20 a\u00f1os y se encuentra en un rango inferior al que ten\u00eda durante la crisis del 2001. Los datos se desprenden de un informe del \u00e1rea de Empleo, Distribuci\u00f3n e Instituciones Laborales (EDIL), perteneciente al\u00a0Instituto Interdisciplinario de Econom\u00eda Pol\u00edtica (IIEP).<\/p>\n<p>De acuerdo con el estudio, en los \u00faltimos meses la tendencia decreciente ha continuado. El SMVM mostr\u00f3 una nueva\u00a0ca\u00edda del 2,1%\u00a0en t\u00e9rminos reales durante marzo de 2025, mayor a la registrada en febrero, que fue del 0,4%, luego del aumento consecutivo de 0,3% en diciembre de 2024 y enero de 2025.<\/p>\n<p>De acuerdo con el informe, la merma m\u00e1s pronunciada del valor real del salario se inici\u00f3 en diciembre de 2023, cuando\u00a0se contrajo 15% de la mano de la aceleraci\u00f3n inflacionaria, seguido por una ca\u00edda a\u00fan mayor, del 17%, en enero de 2024. \u201cEsta tendencia se interrumpi\u00f3 moment\u00e1neamente en los meses siguientes, per\u00edodo durante el cual el incremento nominal acompa\u00f1\u00f3 la inflaci\u00f3n por lo que no se observaron reducciones adicionales. En junio de ese mismo a\u00f1o se produjo una nueva ca\u00edda del 4,4%, seguida por cierta recuperaci\u00f3n en julio de 4,3% y por reducciones consecutivas entre agosto y noviembre de 2024\u2033, explicaron Roxana Maurizio y Luis Beccaria, autores de la investigaci\u00f3n.<\/p>\n<p>Como consecuencia de todos estos movimientos, entre noviembre de 2023 y marzo de 2025 el salario m\u00ednimo real acumul\u00f3 una ca\u00edda de 31%.<\/p>\n<p><a class=\"fotos-desarrollo unlink\" title=\"El salario m\u00ednimo tiene un poder adquisitivo menor a la crisis del 2001\" href=\"https:\/\/www.radiosudamericana.com\/notix\/multimedia\/imagenes\/fotos\/2025-05-02\/819741.jpg\"><img decoding=\"async\" class=\"img-responsive\" src=\"https:\/\/www.radiosudamericana.com\/notix\/multimedia\/imagenes\/fotos\/2025-05-02\/819741.jpg_nota.jpg\" \/><\/a><\/p>\n<p>Esta contracci\u00f3n, junto con la tendencia decreciente de los a\u00f1os anteriores, lleva a que el salario m\u00ednimo en t\u00e9rminos reales de marzo de 2025 se ubique en un valor inferior al de 2001, antes del colapso de la convertibilidad. Asimismo, implica una\u00a0erosi\u00f3n del 62% respecto del valor m\u00e1ximo de la serie, en septiembre de 2011.<\/p>\n<p><strong>Qu\u00e9 pasa con el empleo<\/strong><\/p>\n<p>Luego de las ca\u00eddas consecutivas observadas desde septiembre de 2023 hasta agosto de 2024, el\u00a0empleo asalariado formal total\u00a0(privados m\u00e1s estatales) se mantuvo relativamente estancado, alternando leves mejoras con ca\u00eddas. Aument\u00f3 en 13 mil trabajadores en total entre septiembre y octubre (+0,1% cada mes), volvi\u00f3 a reducirse en 6,5 mil en noviembre (-0,1%) y se mantuvo casi sin cambios en t\u00e9rminos absolutos en diciembre de 2024.<\/p>\n<p>En enero de 2025, el n\u00famero de trabajadores se redujo nuevamente, esta vez en 8,6 mil trabajadores (-0,1%). De esta manera, el n\u00famero total de trabajadores formales a comienzos de este a\u00f1o se situ\u00f3 en un valor similar al de julio de 2024.<\/p>\n<p><a class=\"fotos-desarrollo unlink\" title=\"El salario m\u00ednimo tiene un poder adquisitivo menor a la crisis del 2001\" href=\"https:\/\/www.radiosudamericana.com\/notix\/multimedia\/imagenes\/fotos\/2025-05-02\/470848.jpg\"><img decoding=\"async\" class=\"img-responsive\" src=\"https:\/\/www.radiosudamericana.com\/notix\/multimedia\/imagenes\/fotos\/2025-05-02\/470848.jpg_nota.jpg\" \/><\/a><\/p>\n<p>A su vez, el empleo asalariado formal total en enero de 2025 representaba una p\u00e9rdida de 121 mil puestos de trabajo (-1,2%) respecto de enero de 2024 y una p\u00e9rdida de 194,5 mil puestos de trabajo (-1,9%) respecto de noviembre de 2023. Esta evoluci\u00f3n descendente ubica al n\u00famero de asalariados formales en un valor levemente inferior al observado en noviembre de 2022 y es inferior a todos los valores mensuales de 2023.<\/p>\n<p>En lo que respecta puntualmente al\u00a0sector privado, los n\u00fameros indican que en enero de este a\u00f1o hab\u00eda 6,25 millones de trabajadores asalariados formales en empresas privadas (excluyendo el empleo en casas particulares).<\/p>\n<p>La buena noticia, es que en agosto se interrumpi\u00f3 la ca\u00edda de once meses consecutivos registrada por esta categor\u00eda de empleo. En dicho mes, la cantidad de puestos de trabajo de este tipo aument\u00f3 solo en mil, equivalente al 0,02%. En septiembre y octubre se observaron aumentos leves, de 7,4 mil (+0,12%) y 5,5 mil (+0,09%), respectivamente. En noviembre no hubo variaciones significativas y en diciembre volvi\u00f3 a observarse un leve aumento de 8,7 mil (+0,14%). En enero de 2025, el empleo privado se redujo en 8,8 mil puestos (-0,14%). Esta reducci\u00f3n hizo volver el n\u00famero de ocupados formales del sector privado al nivel de octubre de 2024.<\/p>\n<p>Radio Sudamericana<\/p>\n<\/div>\n<\/div>\n","protected":false},"excerpt":{"rendered":"<p>El SMVM perdi\u00f3 un 31% de su capacidad de compra en los \u00faltimos 16 meses. El empleo formal, por su parte, muestra una leve recuperaci\u00f3n en los \u00faltimos meses &nbsp; El poder adquisitivo del\u00a0salario m\u00ednimo, vital y m\u00f3vil (SMVM)\u00a0est\u00e1 en el nivel m\u00e1s bajo de los \u00faltimos 20 a\u00f1os y se encuentra en un rango [&hellip;]<\/p>\n","protected":false},"author":3,"featured_media":62804,"comment_status":"open","ping_status":"open","sticky":false,"template":"","format":"standard","meta":{"footnotes":""},"categories":[9],"tags":[],"class_list":["post-62803","post","type-post","status-publish","format-standard","has-post-thumbnail","hentry","category-politica"],"_links":{"self":[{"href":"https:\/\/informateesquina.com\/index.php?rest_route=\/wp\/v2\/posts\/62803","targetHints":{"allow":["GET"]}}],"collection":[{"href":"https:\/\/informateesquina.com\/index.php?rest_route=\/wp\/v2\/posts"}],"about":[{"href":"https:\/\/informateesquina.com\/index.php?rest_route=\/wp\/v2\/types\/post"}],"author":[{"embeddable":true,"href":"https:\/\/informateesquina.com\/index.php?rest_route=\/wp\/v2\/users\/3"}],"replies":[{"embeddable":true,"href":"https:\/\/informateesquina.com\/index.php?rest_route=%2Fwp%2Fv2%2Fcomments&post=62803"}],"version-history":[{"count":1,"href":"https:\/\/informateesquina.com\/index.php?rest_route=\/wp\/v2\/posts\/62803\/revisions"}],"predecessor-version":[{"id":62805,"href":"https:\/\/informateesquina.com\/index.php?rest_route=\/wp\/v2\/posts\/62803\/revisions\/62805"}],"wp:featuredmedia":[{"embeddable":true,"href":"https:\/\/informateesquina.com\/index.php?rest_route=\/wp\/v2\/media\/62804"}],"wp:attachment":[{"href":"https:\/\/informateesquina.com\/index.php?rest_route=%2Fwp%2Fv2%2Fmedia&parent=62803"}],"wp:term":[{"taxonomy":"category","embeddable":true,"href":"https:\/\/informateesquina.com\/index.php?rest_route=%2Fwp%2Fv2%2Fcategories&post=62803"},{"taxonomy":"post_tag","embeddable":true,"href":"https:\/\/informateesquina.com\/index.php?rest_route=%2Fwp%2Fv2%2Ftags&post=62803"}],"curies":[{"name":"wp","href":"https:\/\/api.w.org\/{rel}","templated":true}]}}