{"id":62806,"date":"2025-05-02T10:48:16","date_gmt":"2025-05-02T13:48:16","guid":{"rendered":"https:\/\/informateesquina.com\/?p=62806"},"modified":"2025-05-02T10:48:16","modified_gmt":"2025-05-02T13:48:16","slug":"micro-arrastro-un-cadaver-por-varios-kilometros-hasta-la-terminal-de-virasoro","status":"publish","type":"post","link":"https:\/\/informateesquina.com\/?p=62806","title":{"rendered":"Micro arrastr\u00f3 un cad\u00e1ver por varios kil\u00f3metros hasta la terminal de Virasoro"},"content":{"rendered":"<div>\n<p class=\"copete\">El tr\u00e1gico hecho ocurri\u00f3 en las \u00faltimas horas, cuando un colectivo de larga distancia lleg\u00f3 a la terminal de la localidad de Virasoro, con un cad\u00e1ver atrapado en la parte inferior de la unidad. El micro habr\u00eda arrastrado por varios kil\u00f3metros el cuerpo sin vida de un hombre.<\/p>\n<div class=\"fotos-y-videos\">\n<div class=\"tab-content\">\n<div id=\"fotos\" class=\"tab-pane fade in active\" role=\"tabpanel\"><a class=\"fotos-desarrollo unlink\" title=\"Micro arrastr\u00f3 un cad\u00e1ver por varios kil\u00f3metros hasta la terminal de Virasoro\" href=\"https:\/\/www.radiosudamericana.com\/notix\/multimedia\/imagenes\/fotos\/2025-05-02\/810298.jpg\"><img loading=\"lazy\" decoding=\"async\" class=\"img-responsive lazyload center-block\" src=\"https:\/\/www.radiosudamericana.com\/notix\/multimedia\/imagenes\/fotos\/2025-05-02\/810298.jpg_nota.jpg\" alt=\"Micro arrastr\u00f3 un cad\u00e1ver por varios kil\u00f3metros hasta la terminal de Virasoro\" width=\"700\" height=\"394\" \/><\/a><\/div>\n<\/div>\n<\/div>\n<p>&nbsp;<\/p>\n<div class=\"audios-desarrollo\">\n<div id=\"audio-1\"><audio src=\"https:\/\/www.radiosudamericana.com\/notix\/multimedia\/audios\/2025-05-02\/278517.mp3\" controls=\"controls\" data-mce-fragment=\"1\"><\/audio><\/div>\n<\/div>\n<div class=\"cuerpo\">\n<p>Un terrible hecho ocurri\u00f3 03:30 de la madrugada de este viernes en la terminal de \u00f3mnibus de la localidad correntina de Virasoro cuando, un micro de larga distancia arrib\u00f3 a la d\u00e1rsena y las personas que estaban en el lugar se dieron cuenta que en la parte inferior del colectivo estaba atorado el cuerpo de un hombre.<\/p>\n<p>&nbsp;<\/p>\n<div><video id=\"video-id-30535\" class=\"video-js vjs-default-skin vjs-16-9 vjs-big-play-centered\" poster=\"https:\/\/www.radiosudamericana.com\/notix\/multimedia\/img_videos\/2025050269601257.jpg\" preload=\"auto\" controls=\"controls\" width=\"640\" height=\"150\" data-setup=\"{}\" data-mce-fragment=\"1\"><\/video><\/div>\n<p>&nbsp;<\/p>\n<p>El coche parti\u00f3 desde Colonia Liebig hasta Virasoro, una de las hip\u00f3tesis es que el chofer habr\u00eda embestido a la v\u00edctima en el camino y la arrastr\u00f3 por varios kil\u00f3metros hasta llegar a su destino.<\/p>\n<p>&nbsp;<\/p>\n<\/div>\n<div>\n<div>\n<div class=\"cuerpo\">\n<p>De acuerdo a la informaci\u00f3n a la que accedi\u00f3 Radio Sudamericana el fallecido fue identificado con el apellido Encinas de 36 a\u00f1os, en tanto que el conductor del micro de pasajeros de apellido Da Silva (43) fue demorado hasta que se esclarezca la investigaci\u00f3n del ins\u00f3lito caso.<\/p>\n<p>Radio Sudamericana<\/p>\n<\/div>\n<\/div>\n<\/div>\n<\/div>\n","protected":false},"excerpt":{"rendered":"<p>El tr\u00e1gico hecho ocurri\u00f3 en las \u00faltimas horas, cuando un colectivo de larga distancia lleg\u00f3 a la terminal de la localidad de Virasoro, con un cad\u00e1ver atrapado en la parte inferior de la unidad. El micro habr\u00eda arrastrado por varios kil\u00f3metros el cuerpo sin vida de un hombre. &nbsp; Un terrible hecho ocurri\u00f3 03:30 de [&hellip;]<\/p>\n","protected":false},"author":3,"featured_media":62807,"comment_status":"open","ping_status":"open","sticky":false,"template":"","format":"standard","meta":{"footnotes":""},"categories":[8],"tags":[],"class_list":["post-62806","post","type-post","status-publish","format-standard","has-post-thumbnail","hentry","category-policiales"],"_links":{"self":[{"href":"https:\/\/informateesquina.com\/index.php?rest_route=\/wp\/v2\/posts\/62806","targetHints":{"allow":["GET"]}}],"collection":[{"href":"https:\/\/informateesquina.com\/index.php?rest_route=\/wp\/v2\/posts"}],"about":[{"href":"https:\/\/informateesquina.com\/index.php?rest_route=\/wp\/v2\/types\/post"}],"author":[{"embeddable":true,"href":"https:\/\/informateesquina.com\/index.php?rest_route=\/wp\/v2\/users\/3"}],"replies":[{"embeddable":true,"href":"https:\/\/informateesquina.com\/index.php?rest_route=%2Fwp%2Fv2%2Fcomments&post=62806"}],"version-history":[{"count":1,"href":"https:\/\/informateesquina.com\/index.php?rest_route=\/wp\/v2\/posts\/62806\/revisions"}],"predecessor-version":[{"id":62808,"href":"https:\/\/informateesquina.com\/index.php?rest_route=\/wp\/v2\/posts\/62806\/revisions\/62808"}],"wp:featuredmedia":[{"embeddable":true,"href":"https:\/\/informateesquina.com\/index.php?rest_route=\/wp\/v2\/media\/62807"}],"wp:attachment":[{"href":"https:\/\/informateesquina.com\/index.php?rest_route=%2Fwp%2Fv2%2Fmedia&parent=62806"}],"wp:term":[{"taxonomy":"category","embeddable":true,"href":"https:\/\/informateesquina.com\/index.php?rest_route=%2Fwp%2Fv2%2Fcategories&post=62806"},{"taxonomy":"post_tag","embeddable":true,"href":"https:\/\/informateesquina.com\/index.php?rest_route=%2Fwp%2Fv2%2Ftags&post=62806"}],"curies":[{"name":"wp","href":"https:\/\/api.w.org\/{rel}","templated":true}]}}