{"id":62819,"date":"2025-05-05T08:24:05","date_gmt":"2025-05-05T11:24:05","guid":{"rendered":"https:\/\/informateesquina.com\/?p=62819"},"modified":"2025-05-05T08:24:05","modified_gmt":"2025-05-05T11:24:05","slug":"jubilados-nacion-confirmo-de-cuanto-sera-el-bono-de-mayo","status":"publish","type":"post","link":"https:\/\/informateesquina.com\/?p=62819","title":{"rendered":"Jubilados: Naci\u00f3n confirm\u00f3 de cu\u00e1nto ser\u00e1 el bono de mayo"},"content":{"rendered":"<div>\n<p class=\"copete\">Este monto se suma a las actualizaciones de los haberes que se oficializaron la semana pasada<\/p>\n<div>\n<div class=\"fotos-y-videos\">\n<div class=\"tab-content\">\n<div id=\"fotos\" class=\"tab-pane fade in active\" role=\"tabpanel\"><a class=\"fotos-desarrollo unlink\" title=\"Jubilados: Naci\u00f3n confirm\u00f3 de cu\u00e1nto ser\u00e1 el bono de mayo\" href=\"https:\/\/www.radiosudamericana.com\/notix\/multimedia\/imagenes\/fotos\/2025-05-05\/749793.jpg\"><img loading=\"lazy\" decoding=\"async\" class=\"img-responsive lazyload center-block\" src=\"https:\/\/www.radiosudamericana.com\/notix\/multimedia\/imagenes\/fotos\/2025-05-05\/749793.jpg_nota.jpg\" alt=\"Jubilados: Naci\u00f3n confirm\u00f3 de cu\u00e1nto ser\u00e1 el bono de mayo\" width=\"700\" height=\"466\" \/><\/a><\/div>\n<\/div>\n<\/div>\n<div class=\"cuerpo\">\n<p>La\u00a0Administraci\u00f3n Nacional de la Seguridad Social (Anses)\u00a0formaliz\u00f3 el pago de un bono de\u00a070 mil pesos\u00a0en mayo para\u00a0jubilados y pensionados, cuyos haberes no supere el haber m\u00ednimo previsional garantizado.<\/p>\n<p>Desde la cartera de Capital Humano, que dirige Sandra Petovello, oficializaron la medida a trav\u00e9s del\u00a0Decreto 298\/2025, publicado esta madrugada en Bolet\u00edn Oficial. Con el objetivo de paliar los efectos de la inflaci\u00f3n sobre los haberes previsionales y garantizar el poder adquisitivo de los jubilados y pensionados, el Gobierno anunci\u00f3 dicha suma justo despu\u00e9s de las \u00faltimas actualizaciones en los montos efectuadas a trav\u00e9s de las resoluciones\u00a0211\/2025 y 212\/2025.<\/p>\n<p>Adem\u00e1s, aclararon que para aquellos adultos cuyos ingresos superen el haber m\u00ednimo, el bono se pagar\u00e1 de forma parcial. Dentro de este grupo se encuentran, tambi\u00e9n, los beneficiarios de la\u00a0Pensi\u00f3n Universal para el Adulto Mayor (PUAM)\u00a0y a los titulares de\u00a0pensiones no contributivas\u00a0por vejez, invalidez, y para madres de siete hijos o m\u00e1s, entre otros reg\u00edmenes especiales.<\/p>\n<p>A su vez, desde la Administraci\u00f3n recordaron la obligaci\u00f3n de estar vigentes en el mes en cuesti\u00f3n para poder acceder al bono, el cual tiene car\u00e1cter\u00a0no remunerativo,\u00a0por lo cual no ser\u00e1 considerado para otros fines.<\/p>\n<p>El \u00faltimo incremento otorgado por la\u00a0Anses\u00a0fue de un\u00a03,7%\u00a0sobre los haberes, en l\u00ednea con la variaci\u00f3n del\u00a0\u00cdndice de Precios al Consumidor (IPC)\u00a0de marzo, a trav\u00e9s de la Resoluci\u00f3n 211\/2025. De esta manera, la jubilaci\u00f3n m\u00ednima pas\u00f3 a ser de\u00a0$307.431,93, que, sumado al bono recientemente autorizado, se traslada a un total de\u00a0$366.481,75.\u00a0Mientras, el haber m\u00e1ximo alcanzar\u00e1 los\u00a0$1.995.041,46.<\/p>\n<p>&nbsp;<\/p>\n<div id=\"embeds\" class=\"inser center-block\"><iframe loading=\"lazy\" class=\"scribd_iframe_embed\" tabindex=\"0\" title=\"Oficializaron el pago del bono de 70 mil pesos para este mes para jubilados y pensionados\" src=\"https:\/\/www.scribd.com\/embeds\/857499724\/content?start_page=1&amp;view_mode=scroll&amp;access_key=key-fvkOZCyQK9W9C1DINugc\" width=\"600\" height=\"800\" frameborder=\"0\" scrolling=\"no\" data-auto-height=\"false\" data-aspect-ratio=\"0.7080062794348508\" data-mce-fragment=\"1\"><\/iframe><a title=\"View Oficializaron el pago del bono de 70 mil pesos para este mes para jubilados y pensionados on Scribd\" href=\"https:\/\/www.scribd.com\/document\/857499724\/Oficializaron-el-pago-del-bono-de-70-mil-pesos-para-este-mes-para-jubilados-y-pensionados#from_embed\">Oficializaron el pago del bono de 70 mil pesos para este mes para jubilados y pensionados\u00a0<\/a>by\u00a0<a title=\"View redaccion sudamericana's profile on Scribd\" href=\"https:\/\/www.scribd.com\/user\/369926345\/redaccion-sudamericana#from_embed\">redaccion sudamericana<\/a><\/p>\n<\/div>\n<p>&nbsp;<\/p>\n<p>En cuanto a la PUAM, que beneficia a quienes no tienen los a\u00f1os de aporte suficientes para acceder a una jubilaci\u00f3n, el monto que cobrar\u00e1n este mes qued\u00f3 fijado en\u00a0$246.527,76. Con el plus de los 70 mil pesos, este beneficio alcanzar\u00e1 un total de\u00a0$307.185,40.<\/p>\n<p>Por su parte, mediante la\u00a0Resoluci\u00f3n 212\/2025, tambi\u00e9n establecieron un incremento del 3,73% en las\u00a0asignaciones familiares y sociales. El mismo beneficiar\u00e1 a trabajadores registrados, monotributistas, beneficiarios de la Asignaci\u00f3n Universal por Hijo (AUH), de la Asignaci\u00f3n por Embarazo para Protecci\u00f3n Social, entre otros programas. Entre los nuevos valores que se destacan para mayo de 2025, la asignaci\u00f3n por hijo pasar\u00e1 a ser de\u00a0$53.271\u00a0para familias con un Ingreso del Grupo Familiar (IGF) hasta\u00a0$824.838, y disminuir\u00e1 progresivamente hasta los\u00a0$11.211\u00a0para aquellos con ingresos superiores a\u00a0$4.367.942.<\/p>\n<p>En cuanto a la asignaci\u00f3n por hijo con discapacidad, el monto ser\u00e1 de\u00a0$173.455\u00a0para grupos familiares con ingresos hasta\u00a0$824.838, e ir\u00e1 ajust\u00e1ndose hasta los\u00a0$77.445\u00a0en las escalas superiores. Tambi\u00e9n se actualizaron otras asignaciones, como las de nacimientos, adopciones, cuidado de salud, embarazo para protecci\u00f3n social y ayuda escolar anual, con valores diferenciados seg\u00fan la zona geogr\u00e1fica.<\/p>\n<p>&nbsp;<\/p>\n<div id=\"leermas\"><\/div>\n<p>&nbsp;<\/p>\n<p>En este sentido, el organismo inform\u00f3 que los pagos comenzar\u00e1n a acreditarse a partir de la segunda semana de mayo, de acuerdo con el cronograma habitual, que se organiza seg\u00fan la terminaci\u00f3n del DNI de cada beneficiario y el bono extraordinario ser\u00e1 depositado junto con el haber mensual correspondiente. Este monto se viene aplicando desde que asumi\u00f3 la \u00faltima administraci\u00f3n de Gobierno y se ha mantenido en iguales t\u00e9rminos desde entonces. Una de las desventajas que representa el hecho de no estar incorporado al cobro mensual, es que\u00a0no es tenido en cuenta para el c\u00e1lculo del aguinaldo, lo que implica una p\u00e9rdida adicional para los jubilados.<\/p>\n<p>Por \u00faltimo, cabe recordar que la plataforma digital de ANSES se mantendr\u00e1 disponible para que los beneficiarios puedan realizar tr\u00e1mites, consultas y acceder a la informaci\u00f3n sobre su historia laboral y aportes realizados, facilitando el acceso a la informaci\u00f3n en l\u00ednea.<\/p>\n<\/div>\n<\/div>\n<div id=\"Native-MultiPlex\" data-google-query-id=\"CPns57CbjI0DFU1V3QIdB3oExw\">\n<div id=\"google_ads_iframe_\/21849154601,21669678094\/Ad.Plus-MultiPlex_0__container__\">Radio Sudamericana<\/div>\n<\/div>\n<\/div>\n","protected":false},"excerpt":{"rendered":"<p>Este monto se suma a las actualizaciones de los haberes que se oficializaron la semana pasada La\u00a0Administraci\u00f3n Nacional de la Seguridad Social (Anses)\u00a0formaliz\u00f3 el pago de un bono de\u00a070 mil pesos\u00a0en mayo para\u00a0jubilados y pensionados, cuyos haberes no supere el haber m\u00ednimo previsional garantizado. Desde la cartera de Capital Humano, que dirige Sandra Petovello, oficializaron [&hellip;]<\/p>\n","protected":false},"author":3,"featured_media":62820,"comment_status":"open","ping_status":"open","sticky":false,"template":"","format":"standard","meta":{"footnotes":""},"categories":[11],"tags":[],"class_list":["post-62819","post","type-post","status-publish","format-standard","has-post-thumbnail","hentry","category-sociedad"],"_links":{"self":[{"href":"https:\/\/informateesquina.com\/index.php?rest_route=\/wp\/v2\/posts\/62819","targetHints":{"allow":["GET"]}}],"collection":[{"href":"https:\/\/informateesquina.com\/index.php?rest_route=\/wp\/v2\/posts"}],"about":[{"href":"https:\/\/informateesquina.com\/index.php?rest_route=\/wp\/v2\/types\/post"}],"author":[{"embeddable":true,"href":"https:\/\/informateesquina.com\/index.php?rest_route=\/wp\/v2\/users\/3"}],"replies":[{"embeddable":true,"href":"https:\/\/informateesquina.com\/index.php?rest_route=%2Fwp%2Fv2%2Fcomments&post=62819"}],"version-history":[{"count":1,"href":"https:\/\/informateesquina.com\/index.php?rest_route=\/wp\/v2\/posts\/62819\/revisions"}],"predecessor-version":[{"id":62821,"href":"https:\/\/informateesquina.com\/index.php?rest_route=\/wp\/v2\/posts\/62819\/revisions\/62821"}],"wp:featuredmedia":[{"embeddable":true,"href":"https:\/\/informateesquina.com\/index.php?rest_route=\/wp\/v2\/media\/62820"}],"wp:attachment":[{"href":"https:\/\/informateesquina.com\/index.php?rest_route=%2Fwp%2Fv2%2Fmedia&parent=62819"}],"wp:term":[{"taxonomy":"category","embeddable":true,"href":"https:\/\/informateesquina.com\/index.php?rest_route=%2Fwp%2Fv2%2Fcategories&post=62819"},{"taxonomy":"post_tag","embeddable":true,"href":"https:\/\/informateesquina.com\/index.php?rest_route=%2Fwp%2Fv2%2Ftags&post=62819"}],"curies":[{"name":"wp","href":"https:\/\/api.w.org\/{rel}","templated":true}]}}