{"id":62822,"date":"2025-05-05T08:42:18","date_gmt":"2025-05-05T11:42:18","guid":{"rendered":"https:\/\/informateesquina.com\/?p=62822"},"modified":"2025-05-05T08:42:18","modified_gmt":"2025-05-05T11:42:18","slug":"el-premio-al-surubi-mayor-fue-para-un-pescador-santafesino","status":"publish","type":"post","link":"https:\/\/informateesquina.com\/?p=62822","title":{"rendered":"El premio al surub\u00ed mayor fue para un pescador santafesino"},"content":{"rendered":"<p class=\"copete\">Con un surub\u00ed de 128 cent\u00edmetros, un pescador oriundo de Santa Fe se alz\u00f3 con la pieza mayor de la 48\u00b0 Fiesta Nacional del Surub\u00ed en la localidad correntina de Goya.<\/p>\n<div>\n<div class=\"fotos-y-videos\">\n<div class=\"tab-content\">\n<div id=\"fotos\" class=\"tab-pane fade in active\" role=\"tabpanel\"><a class=\"fotos-desarrollo unlink\" title=\"El premio al surub\u00ed mayor fue para un pescador santafesino\" href=\"https:\/\/www.radiosudamericana.com\/notix\/multimedia\/imagenes\/fotos\/2025-05-05\/983975.jpg\"><img loading=\"lazy\" decoding=\"async\" class=\"img-responsive lazyload center-block\" src=\"https:\/\/www.radiosudamericana.com\/notix\/multimedia\/imagenes\/fotos\/2025-05-05\/983975.jpg_nota.jpg\" alt=\"El premio al surub\u00ed mayor fue para un pescador santafesino\" width=\"700\" height=\"522\" \/><\/a><\/div>\n<\/div>\n<\/div>\n<div class=\"cuerpo\">\n<p>Maximiliano Paul\u00edn, de la Barra Pesquera del Club Barrio Norte de la ciudad santafesina de Avellaneda, es quien se consagr\u00f3 ganador por pieza mayor de la 48a edici\u00f3n del Concurso Nacional de Pesca del Surub\u00ed, realizada en Goya entre las 17:00 h del s\u00e1bado y las 08:00 del domingo 4 de mayo de 2025.<\/p>\n<p>&nbsp;<\/p>\n<div><video id=\"video-id-30549\" class=\"video-js vjs-default-skin vjs-16-9 vjs-big-play-centered\" poster=\"https:\/\/www.radiosudamericana.com\/notix\/multimedia\/img_videos\/2025050565407898.jpg\" preload=\"auto\" controls=\"controls\" width=\"640\" height=\"150\" data-setup=\"{}\" data-mce-fragment=\"1\"><\/video><\/div>\n<p>&nbsp;<\/p>\n<p>Paul\u00edn, pesc\u00f3 en equipo junto a Abel Omar Vera y Betiana Cargnelutti, con quienes consigui\u00f3 la mayor captura: un surub\u00ed que alcanz\u00f3 128 cent\u00edmetros. \u00a0\u201cEs incre\u00edble, en mi vida me imagin\u00e9 que pasar\u00eda por esta sensaci\u00f3n\u201d, expres\u00f3 en di\u00e1logo con el corresponsal de Radio Sudamericana.<\/p>\n<p>&nbsp;<\/p>\n<p>&nbsp;<\/p>\n<div><video id=\"video-id-30550\" class=\"video-js vjs-default-skin vjs-16-9 vjs-big-play-centered\" poster=\"https:\/\/www.radiosudamericana.com\/notix\/multimedia\/img_videos\/2025050512014365.jpg\" preload=\"auto\" controls=\"controls\" width=\"640\" height=\"150\" data-setup=\"{}\" data-mce-fragment=\"1\"><\/video><\/div>\n<p>&nbsp;<\/p>\n<p>Adem\u00e1s asegur\u00f3 \u201cle ped\u00ed a Dios y hoy se me dio 13 a\u00f1os insistiendo. Arrancamos un mal d\u00eda, porque mi esposa se descompuso, luego nos choc\u00f3 una lancha se rompi\u00f3 el parabrisas y con vidrios rotos decidimos continuar\u201d.<\/p>\n<p>&nbsp;<\/p>\n<div><video id=\"video-id-30547\" class=\"video-js vjs-default-skin vjs-16-9 vjs-big-play-centered\" poster=\"https:\/\/www.radiosudamericana.com\/notix\/multimedia\/img_videos\/2025050553270318.jpg\" preload=\"auto\" controls=\"controls\" width=\"640\" height=\"150\" data-setup=\"{}\" data-mce-fragment=\"1\"><\/video><\/div>\n<p>&nbsp;<\/p>\n<p>&nbsp;<\/p>\n<div><video id=\"video-id-30548\" class=\"video-js vjs-default-skin vjs-16-9 vjs-big-play-centered\" poster=\"https:\/\/www.radiosudamericana.com\/notix\/multimedia\/img_videos\/2025050598321158.jpg\" preload=\"auto\" controls=\"controls\" width=\"640\" height=\"150\" data-setup=\"{}\" data-mce-fragment=\"1\"><\/video><\/div>\n<p>&nbsp;<\/p>\n<\/div>\n<\/div>\n<div id=\"Native-MultiPlex\" data-google-query-id=\"CM7n5o6fjI0DFalI3QIdexwYPg\">\n<div id=\"google_ads_iframe_\/21849154601,21669678094\/Ad.Plus-MultiPlex_0__container__\">Radio Sudamericana<\/div>\n<\/div>\n","protected":false},"excerpt":{"rendered":"<p>Con un surub\u00ed de 128 cent\u00edmetros, un pescador oriundo de Santa Fe se alz\u00f3 con la pieza mayor de la 48\u00b0 Fiesta Nacional del Surub\u00ed en la localidad correntina de Goya. Maximiliano Paul\u00edn, de la Barra Pesquera del Club Barrio Norte de la ciudad santafesina de Avellaneda, es quien se consagr\u00f3 ganador por pieza mayor [&hellip;]<\/p>\n","protected":false},"author":3,"featured_media":62824,"comment_status":"open","ping_status":"open","sticky":false,"template":"","format":"standard","meta":{"footnotes":""},"categories":[10],"tags":[],"class_list":["post-62822","post","type-post","status-publish","format-standard","has-post-thumbnail","hentry","category-provinciales"],"_links":{"self":[{"href":"https:\/\/informateesquina.com\/index.php?rest_route=\/wp\/v2\/posts\/62822","targetHints":{"allow":["GET"]}}],"collection":[{"href":"https:\/\/informateesquina.com\/index.php?rest_route=\/wp\/v2\/posts"}],"about":[{"href":"https:\/\/informateesquina.com\/index.php?rest_route=\/wp\/v2\/types\/post"}],"author":[{"embeddable":true,"href":"https:\/\/informateesquina.com\/index.php?rest_route=\/wp\/v2\/users\/3"}],"replies":[{"embeddable":true,"href":"https:\/\/informateesquina.com\/index.php?rest_route=%2Fwp%2Fv2%2Fcomments&post=62822"}],"version-history":[{"count":1,"href":"https:\/\/informateesquina.com\/index.php?rest_route=\/wp\/v2\/posts\/62822\/revisions"}],"predecessor-version":[{"id":62825,"href":"https:\/\/informateesquina.com\/index.php?rest_route=\/wp\/v2\/posts\/62822\/revisions\/62825"}],"wp:featuredmedia":[{"embeddable":true,"href":"https:\/\/informateesquina.com\/index.php?rest_route=\/wp\/v2\/media\/62824"}],"wp:attachment":[{"href":"https:\/\/informateesquina.com\/index.php?rest_route=%2Fwp%2Fv2%2Fmedia&parent=62822"}],"wp:term":[{"taxonomy":"category","embeddable":true,"href":"https:\/\/informateesquina.com\/index.php?rest_route=%2Fwp%2Fv2%2Fcategories&post=62822"},{"taxonomy":"post_tag","embeddable":true,"href":"https:\/\/informateesquina.com\/index.php?rest_route=%2Fwp%2Fv2%2Ftags&post=62822"}],"curies":[{"name":"wp","href":"https:\/\/api.w.org\/{rel}","templated":true}]}}