{"id":62836,"date":"2025-05-05T19:05:59","date_gmt":"2025-05-05T22:05:59","guid":{"rendered":"https:\/\/informateesquina.com\/?p=62836"},"modified":"2025-05-05T19:06:08","modified_gmt":"2025-05-05T22:06:08","slug":"hallaron-un-zapato-con-restos-humanos-en-el-rio-aguapey","status":"publish","type":"post","link":"https:\/\/informateesquina.com\/?p=62836","title":{"rendered":"Hallaron un zapato con restos humanos en el r\u00edo Aguapey"},"content":{"rendered":"<div>\n<p class=\"copete\">La redacci\u00f3n de Radio Sudamericana pudo saber que en horas de la siesta encontraron restos humanos en el R\u00edo Aguapey, en Alvear e Investigan si estar relacionado con la desaparici\u00f3n de Octavio Alfonso.<\/p>\n<div class=\"fotos-y-videos\">\n<div class=\"tab-content\">\n<div id=\"fotos\" class=\"tab-pane fade in active\" role=\"tabpanel\"><a class=\"fotos-desarrollo unlink\" title=\"Hallaron un zapato con restos humanos en el r\u00edo Aguapey\" href=\"https:\/\/www.radiosudamericana.com\/notix\/multimedia\/imagenes\/fotos\/2025-05-05\/325047.jpg\"><img loading=\"lazy\" decoding=\"async\" class=\"img-responsive lazyload center-block\" src=\"https:\/\/www.radiosudamericana.com\/notix\/multimedia\/imagenes\/fotos\/2025-05-05\/325047.jpg_nota.jpg\" alt=\"Hallaron un zapato con restos humanos en el r\u00edo Aguapey\" width=\"700\" height=\"445\" \/><\/a><\/div>\n<\/div>\n<\/div>\n<p>&nbsp;<\/p>\n<div class=\"cuerpo\">\n<p>Seg\u00fan informaci\u00f3n a la que pudo acceder la\u00a0redacci\u00f3n de Radio Sudamericana, cerca de\u00a0las 15:25 horas se tom\u00f3 conocimiento del hallazgo de un zapato con restos de un miembro inferior humano flotando en las aguas del r\u00edo Aguapey, en inmediaciones de las v\u00edas del ferrocarril.<\/p>\n<p>&nbsp;<\/p>\n<div id=\"leermas\">\n<div class=\"mitad\"><\/div>\n<\/div>\n<p>&nbsp;<\/p>\n<p><a class=\"fotos-desarrollo unlink\" title=\"Hallaron un zapato con restos humanos en el r\u00edo Aguapey\" href=\"https:\/\/www.radiosudamericana.com\/notix\/multimedia\/imagenes\/fotos\/2025-05-05\/258709.jpg\"><img decoding=\"async\" class=\"img-responsive\" src=\"https:\/\/www.radiosudamericana.com\/notix\/multimedia\/imagenes\/fotos\/2025-05-05\/258709.jpg_nota.jpg\" \/><\/a><\/p>\n<p>Se investiga ahora si el hallazgo tiene que ver con el docente que estaba siendo intensamente buscado,\u00a0Octavio Alfonso.\u00a0El ciudadano que fue reportado como desaparecido d\u00edas atr\u00e1s en esa misma zona.<\/p>\n<p>Fuentes policiales confirmaron que ya se iniciaron las pericias forenses correspondientes para determinar si los restos hallados corresponden a la persona buscada.<\/p>\n<p>Radio Sudamericana<\/p>\n<\/div>\n<\/div>\n","protected":false},"excerpt":{"rendered":"<p>La redacci\u00f3n de Radio Sudamericana pudo saber que en horas de la siesta encontraron restos humanos en el R\u00edo Aguapey, en Alvear e Investigan si estar relacionado con la desaparici\u00f3n de Octavio Alfonso. &nbsp; Seg\u00fan informaci\u00f3n a la que pudo acceder la\u00a0redacci\u00f3n de Radio Sudamericana, cerca de\u00a0las 15:25 horas se tom\u00f3 conocimiento del hallazgo de [&hellip;]<\/p>\n","protected":false},"author":3,"featured_media":62837,"comment_status":"open","ping_status":"open","sticky":false,"template":"","format":"standard","meta":{"footnotes":""},"categories":[8,1],"tags":[],"class_list":["post-62836","post","type-post","status-publish","format-standard","has-post-thumbnail","hentry","category-policiales","category-sin-categoria"],"_links":{"self":[{"href":"https:\/\/informateesquina.com\/index.php?rest_route=\/wp\/v2\/posts\/62836","targetHints":{"allow":["GET"]}}],"collection":[{"href":"https:\/\/informateesquina.com\/index.php?rest_route=\/wp\/v2\/posts"}],"about":[{"href":"https:\/\/informateesquina.com\/index.php?rest_route=\/wp\/v2\/types\/post"}],"author":[{"embeddable":true,"href":"https:\/\/informateesquina.com\/index.php?rest_route=\/wp\/v2\/users\/3"}],"replies":[{"embeddable":true,"href":"https:\/\/informateesquina.com\/index.php?rest_route=%2Fwp%2Fv2%2Fcomments&post=62836"}],"version-history":[{"count":1,"href":"https:\/\/informateesquina.com\/index.php?rest_route=\/wp\/v2\/posts\/62836\/revisions"}],"predecessor-version":[{"id":62838,"href":"https:\/\/informateesquina.com\/index.php?rest_route=\/wp\/v2\/posts\/62836\/revisions\/62838"}],"wp:featuredmedia":[{"embeddable":true,"href":"https:\/\/informateesquina.com\/index.php?rest_route=\/wp\/v2\/media\/62837"}],"wp:attachment":[{"href":"https:\/\/informateesquina.com\/index.php?rest_route=%2Fwp%2Fv2%2Fmedia&parent=62836"}],"wp:term":[{"taxonomy":"category","embeddable":true,"href":"https:\/\/informateesquina.com\/index.php?rest_route=%2Fwp%2Fv2%2Fcategories&post=62836"},{"taxonomy":"post_tag","embeddable":true,"href":"https:\/\/informateesquina.com\/index.php?rest_route=%2Fwp%2Fv2%2Ftags&post=62836"}],"curies":[{"name":"wp","href":"https:\/\/api.w.org\/{rel}","templated":true}]}}