{"id":62839,"date":"2025-05-06T09:25:57","date_gmt":"2025-05-06T12:25:57","guid":{"rendered":"https:\/\/informateesquina.com\/?p=62839"},"modified":"2025-05-06T09:25:57","modified_gmt":"2025-05-06T12:25:57","slug":"paro-de-colectivos-todos-los-servicios-estan-interrumpidos","status":"publish","type":"post","link":"https:\/\/informateesquina.com\/?p=62839","title":{"rendered":"Paro de colectivos: &#8220;Todos los servicios est\u00e1n interrumpidos&#8221;"},"content":{"rendered":"<div>\n<p class=\"copete\">Lo ratific\u00f3 Jos\u00e9 Luis Sabao, secretario general de la Uni\u00f3n Tranviarios Automotor (UTA), en Radio Sudamericana. Dijo que los choferes de todas las empresas se adhirieron al paro convocado a nivel nacional por 24 horas en reclamo de mejora salarial.<\/p>\n<div>\n<div class=\"fotos-y-videos\">\n<div class=\"tab-content\">\n<div id=\"fotos\" class=\"tab-pane fade in active\" role=\"tabpanel\"><a class=\"fotos-desarrollo unlink\" title=\"Paro de colectivos: Todos los servicios est\u00e1n interrumpidos\" href=\"https:\/\/www.radiosudamericana.com\/notix\/multimedia\/imagenes\/fotos\/2025-05-06\/924267.jpg\"><img loading=\"lazy\" decoding=\"async\" class=\"img-responsive lazyload center-block\" src=\"https:\/\/www.radiosudamericana.com\/notix\/multimedia\/imagenes\/fotos\/2025-05-06\/924267.jpg_nota.jpg\" alt=\"Paro de colectivos: Todos los servicios est\u00e1n interrumpidos\" width=\"700\" height=\"393\" \/><\/a><\/div>\n<\/div>\n<\/div>\n<div class=\"audios-desarrollo\">\n<div id=\"audio-1\"><audio src=\"https:\/\/www.radiosudamericana.com\/notix\/multimedia\/audios\/2025-05-06\/308675.mp3\" controls=\"controls\" data-mce-fragment=\"1\"><\/audio><\/div>\n<\/div>\n<div class=\"cuerpo\">\n<p>Sabao ratific\u00f3 que en Corrientes Capital y en el interior provincial, \u201ctodos los servicios est\u00e1n parados\u201d, en relaci\u00f3n al paro de colectivos convocado a nivel nacional y al que la delegaci\u00f3n Corrientes de la UTA adhiri\u00f3 en la noche del lunes. Reiter\u00f3 que tanto los servicios urbanos, como de corta y media distancia no tienen choferes trabajando.<\/p>\n<p>&nbsp;<\/p>\n<div id=\"leermas\"><\/div>\n<p>&nbsp;<\/p>\n<p>Asimismo, record\u00f3 que\u00a0<a href=\"https:\/\/www.radiosudamericana.com\/nota\/sociedad\/326349-Paro-de-colectivos--el-servicio-Chaco---Corrientes-no-funciona.htm\"><strong>los servicios que unen las ciudades de Resistencia y Corrientes no est\u00e1n circulando<\/strong><\/a>\u00a0y tampoco las unidades de la Empresa Miramar de Corrientes. En un principio, se hab\u00eda deslizado que esta firma iba a prestar servicios con algunos de sus trabajadores, pero finalmente no salieron.<\/p>\n<p>Array<\/p>\n<p>En este marco, Sabao reclam\u00f3 que \u201clos compa\u00f1eros no deber\u00edan salir porque el reclamo es justo\u201d, resaltando que en Corrientes \u201cse inform\u00f3 a la Subsecretar\u00eda de Trabajo para que corra vista a las empresas, con el debido tiempo\u201d.\u00a0<strong>\u201cNi el trabajador ni el usuario es culpables, sino el Gobierno y las empresas\u201d, afirm\u00f3.<\/strong><\/p>\n<p><strong>El reclamo<\/strong><\/p>\n<p>El gremio se mantiene firme en el reclamo de elevar el piso salarial de choferes a $1.700.000 pesos (actualmente es de $1.200.000) mientras que las empresas ofrecieron un aumento escalonado del 6%.<\/p>\n<\/div>\n<\/div>\n<div>Radio Sudamericana<\/div>\n<\/div>\n","protected":false},"excerpt":{"rendered":"<p>Lo ratific\u00f3 Jos\u00e9 Luis Sabao, secretario general de la Uni\u00f3n Tranviarios Automotor (UTA), en Radio Sudamericana. Dijo que los choferes de todas las empresas se adhirieron al paro convocado a nivel nacional por 24 horas en reclamo de mejora salarial. Sabao ratific\u00f3 que en Corrientes Capital y en el interior provincial, \u201ctodos los servicios est\u00e1n [&hellip;]<\/p>\n","protected":false},"author":3,"featured_media":62840,"comment_status":"open","ping_status":"open","sticky":false,"template":"","format":"standard","meta":{"footnotes":""},"categories":[9],"tags":[],"class_list":["post-62839","post","type-post","status-publish","format-standard","has-post-thumbnail","hentry","category-politica"],"_links":{"self":[{"href":"https:\/\/informateesquina.com\/index.php?rest_route=\/wp\/v2\/posts\/62839","targetHints":{"allow":["GET"]}}],"collection":[{"href":"https:\/\/informateesquina.com\/index.php?rest_route=\/wp\/v2\/posts"}],"about":[{"href":"https:\/\/informateesquina.com\/index.php?rest_route=\/wp\/v2\/types\/post"}],"author":[{"embeddable":true,"href":"https:\/\/informateesquina.com\/index.php?rest_route=\/wp\/v2\/users\/3"}],"replies":[{"embeddable":true,"href":"https:\/\/informateesquina.com\/index.php?rest_route=%2Fwp%2Fv2%2Fcomments&post=62839"}],"version-history":[{"count":1,"href":"https:\/\/informateesquina.com\/index.php?rest_route=\/wp\/v2\/posts\/62839\/revisions"}],"predecessor-version":[{"id":62841,"href":"https:\/\/informateesquina.com\/index.php?rest_route=\/wp\/v2\/posts\/62839\/revisions\/62841"}],"wp:featuredmedia":[{"embeddable":true,"href":"https:\/\/informateesquina.com\/index.php?rest_route=\/wp\/v2\/media\/62840"}],"wp:attachment":[{"href":"https:\/\/informateesquina.com\/index.php?rest_route=%2Fwp%2Fv2%2Fmedia&parent=62839"}],"wp:term":[{"taxonomy":"category","embeddable":true,"href":"https:\/\/informateesquina.com\/index.php?rest_route=%2Fwp%2Fv2%2Fcategories&post=62839"},{"taxonomy":"post_tag","embeddable":true,"href":"https:\/\/informateesquina.com\/index.php?rest_route=%2Fwp%2Fv2%2Ftags&post=62839"}],"curies":[{"name":"wp","href":"https:\/\/api.w.org\/{rel}","templated":true}]}}