{"id":62842,"date":"2025-05-06T09:28:55","date_gmt":"2025-05-06T12:28:55","guid":{"rendered":"https:\/\/informateesquina.com\/?p=62842"},"modified":"2025-05-06T09:28:55","modified_gmt":"2025-05-06T12:28:55","slug":"madre-tiro-a-su-hija-a-la-ruta-frente-a-un-camion-para-tratar-de-matarla","status":"publish","type":"post","link":"https:\/\/informateesquina.com\/?p=62842","title":{"rendered":"Madre tir\u00f3 a su hija a la ruta frente a un cami\u00f3n para tratar de matarla"},"content":{"rendered":"<div>\n<p class=\"copete\">Ocurri\u00f3 en la localidad rionegrina de General Roca. Un grupo de ciclistas presenci\u00f3 el hecho y logr\u00f3 salvar a la ni\u00f1a de dos a\u00f1os. La madre fue detenida y ser\u00e1 imputada en las pr\u00f3ximas horas.<\/p>\n<div class=\"fotos-y-videos\">\n<div class=\"tab-content\">\n<div id=\"fotos\" class=\"tab-pane fade in active\" role=\"tabpanel\"><a class=\"fotos-desarrollo unlink\" title=\"Madre tir\u00f3 a su hija a la ruta frente a un cami\u00f3n para tratar de matarla\" href=\"https:\/\/www.radiosudamericana.com\/notix\/multimedia\/imagenes\/fotos\/2025-05-06\/434429.jpg\"><img loading=\"lazy\" decoding=\"async\" class=\"img-responsive lazyload center-block\" src=\"https:\/\/www.radiosudamericana.com\/notix\/multimedia\/imagenes\/fotos\/2025-05-06\/434429.jpg_nota.jpg\" alt=\"Madre tir\u00f3 a su hija a la ruta frente a un cami\u00f3n para tratar de matarla\" width=\"700\" height=\"391\" \/><\/a><\/div>\n<\/div>\n<\/div>\n<p>&nbsp;<\/p>\n<div class=\"cuerpo\">\n<p>Un dram\u00e1tico episodio conmocion\u00f3 a la ciudad de General Roca, en la provincia de R\u00edo Negro, cuando una mujer intent\u00f3 asesinar a su hija de dos a\u00f1os al empujarla hacia la ruta mientras pasaba un cami\u00f3n. La r\u00e1pida intervenci\u00f3n de un grupo de ciclistas evit\u00f3 una tragedia.<\/p>\n<p>&nbsp;<\/p>\n<div id=\"leermas\"><\/div>\n<p>&nbsp;<\/p>\n<p>El hecho ocurri\u00f3 este lunes por la tarde, alrededor de las 17, sobre la Ruta Provincial N\u00b06, a la altura de Paso C\u00f3rdoba. Seg\u00fan relataron los testigos, la mujer se encontraba al costado de la ruta con la ni\u00f1a en brazos, como si esperara para cruzar. Sin previo aviso, lanz\u00f3 a la menor hacia la cinta asf\u00e1ltica justo cuando pasaba un cami\u00f3n de gran porte. El conductor logr\u00f3 esquivarla con una maniobra riesgosa y continu\u00f3 su camino.<\/p>\n<p>Los ciclistas que circulaban por la zona observaron la secuencia, rescataron a la ni\u00f1a y dieron aviso inmediato a la polic\u00eda. Efectivos de la Unidad Regional Segunda llegaron r\u00e1pidamente al lugar y detuvieron a la mujer, quien fue trasladada al Destacamento 177 de Chacra Monte.<\/p>\n<p>La menor fue asistida por personal del Servicio Integral de Atenci\u00f3n a la Emergencia (SIARME) y trasladada a un hospital local. Fuentes m\u00e9dicas informaron que permanece internada, aunque no por lesiones vinculadas al intento de homicidio, sino por una condici\u00f3n de salud preexistente.<\/p>\n<p>El Comisario Inspector Jos\u00e9 Gonz\u00e1lez, Jefe de la Unidad Regional 2, brind\u00f3 detalles sobre lo ocurrido:\u00a0<strong><em>\u201cLa referencia que tenemos es que unos ciclistas llaman porque hab\u00edan observado cuando una mujer arrojaba a la cinta asf\u00e1ltica a una menor que tra\u00eda en andas, justo cuando pasaba un cami\u00f3n. Afortunadamente, no logr\u00f3 producirse el accidente o la embestida\u201d<\/em><\/strong>.<\/p>\n<p>Gonz\u00e1lez confirm\u00f3 que la mujer detenida es la madre de la v\u00edctima.\u00a0<strong><em>\u201cAparentemente, la habr\u00eda querido empujar abajo de un cami\u00f3n, el cami\u00f3n la esquiv\u00f3 y despu\u00e9s de eso la agredi\u00f3 en la v\u00eda p\u00fablica\u201d<\/em><\/strong>, agreg\u00f3.<\/p>\n<p>Seg\u00fan inform\u00f3 el Ministerio P\u00fablico Fiscal (MPF), la mujer contin\u00faa detenida y se prev\u00e9 que este mi\u00e9rcoles se le formulen los cargos correspondientes. La fiscal de turno, Celeste Benatti, est\u00e1 a cargo de la causa.<\/p>\n<p>La menor qued\u00f3 bajo resguardo de la Secretar\u00eda de Ni\u00f1ez, Adolescencia y Familia (SENAF) de R\u00edo Negro. En tanto, los investigadores trabajan en la recolecci\u00f3n de pruebas y testimonios para determinar los motivos del intento de homicidio.<\/p>\n<p><em><strong>\u201cEstamos averiguando las circunstancias de por qu\u00e9 ocurri\u00f3 esta situaci\u00f3n. Las causas son materia de investigaci\u00f3n. Una conducta totalmente irracional\u201d<\/strong><\/em>, concluy\u00f3 el comisario Gonz\u00e1lez.<\/p>\n<p>Radio Sudamericana<\/p>\n<\/div>\n<\/div>\n","protected":false},"excerpt":{"rendered":"<p>Ocurri\u00f3 en la localidad rionegrina de General Roca. Un grupo de ciclistas presenci\u00f3 el hecho y logr\u00f3 salvar a la ni\u00f1a de dos a\u00f1os. La madre fue detenida y ser\u00e1 imputada en las pr\u00f3ximas horas. &nbsp; Un dram\u00e1tico episodio conmocion\u00f3 a la ciudad de General Roca, en la provincia de R\u00edo Negro, cuando una mujer [&hellip;]<\/p>\n","protected":false},"author":3,"featured_media":62843,"comment_status":"open","ping_status":"open","sticky":false,"template":"","format":"standard","meta":{"footnotes":""},"categories":[8],"tags":[],"class_list":["post-62842","post","type-post","status-publish","format-standard","has-post-thumbnail","hentry","category-policiales"],"_links":{"self":[{"href":"https:\/\/informateesquina.com\/index.php?rest_route=\/wp\/v2\/posts\/62842","targetHints":{"allow":["GET"]}}],"collection":[{"href":"https:\/\/informateesquina.com\/index.php?rest_route=\/wp\/v2\/posts"}],"about":[{"href":"https:\/\/informateesquina.com\/index.php?rest_route=\/wp\/v2\/types\/post"}],"author":[{"embeddable":true,"href":"https:\/\/informateesquina.com\/index.php?rest_route=\/wp\/v2\/users\/3"}],"replies":[{"embeddable":true,"href":"https:\/\/informateesquina.com\/index.php?rest_route=%2Fwp%2Fv2%2Fcomments&post=62842"}],"version-history":[{"count":1,"href":"https:\/\/informateesquina.com\/index.php?rest_route=\/wp\/v2\/posts\/62842\/revisions"}],"predecessor-version":[{"id":62844,"href":"https:\/\/informateesquina.com\/index.php?rest_route=\/wp\/v2\/posts\/62842\/revisions\/62844"}],"wp:featuredmedia":[{"embeddable":true,"href":"https:\/\/informateesquina.com\/index.php?rest_route=\/wp\/v2\/media\/62843"}],"wp:attachment":[{"href":"https:\/\/informateesquina.com\/index.php?rest_route=%2Fwp%2Fv2%2Fmedia&parent=62842"}],"wp:term":[{"taxonomy":"category","embeddable":true,"href":"https:\/\/informateesquina.com\/index.php?rest_route=%2Fwp%2Fv2%2Fcategories&post=62842"},{"taxonomy":"post_tag","embeddable":true,"href":"https:\/\/informateesquina.com\/index.php?rest_route=%2Fwp%2Fv2%2Ftags&post=62842"}],"curies":[{"name":"wp","href":"https:\/\/api.w.org\/{rel}","templated":true}]}}