{"id":62848,"date":"2025-05-06T12:06:32","date_gmt":"2025-05-06T15:06:32","guid":{"rendered":"https:\/\/informateesquina.com\/?p=62848"},"modified":"2025-05-06T17:07:49","modified_gmt":"2025-05-06T20:07:49","slug":"la-ministra-de-seguridad-patricia-bullrich-formalizara-hoy-el-traspaso-a-la-libertad-avanza-lla-cuando-esta-tarde-firme-su-afiliacion-en-un-acto-ante-la-titular-del-espacio-karina-milei-y-el-can","status":"publish","type":"post","link":"https:\/\/informateesquina.com\/?p=62848","title":{"rendered":"Siguen apareciendo restos \u00f3seos humanos en el R\u00edo Aguapey"},"content":{"rendered":"<div>\n<p class=\"copete\">El escabroso escenario se da en el marco de la desaparici\u00f3n de un hombre de 41 a\u00f1os que es buscado\u00a0desde el 20 de abril pasado. Para la familia los restos humanos hallados en el R\u00edo Aguapey son del profesor Octavio Alfonso.<\/p>\n<div>\n<div class=\"fotos-y-videos\">\n<div class=\"tab-content\">\n<div id=\"fotos\" class=\"tab-pane fade in active\" role=\"tabpanel\"><a class=\"fotos-desarrollo unlink\" title=\"Siguen apareciendo restos \u00f3seos humanos en el R\u00edo Aguapey\" href=\"https:\/\/www.radiosudamericana.com\/notix\/multimedia\/imagenes\/fotos\/2025-05-06\/748684.jpg\"><img loading=\"lazy\" decoding=\"async\" class=\"img-responsive lazyload center-block\" src=\"https:\/\/www.radiosudamericana.com\/notix\/multimedia\/imagenes\/fotos\/2025-05-06\/748684.jpg_nota.jpg\" alt=\"Siguen apareciendo restos \u00f3seos humanos en el R\u00edo Aguapey\" width=\"700\" height=\"525\" \/><\/a><\/div>\n<\/div>\n<\/div>\n<div class=\"audios-desarrollo\">\n<div id=\"audio-1\"><audio src=\"https:\/\/www.radiosudamericana.com\/notix\/multimedia\/audios\/2025-05-06\/146821.mp3\" controls=\"controls\" data-mce-fragment=\"1\"><\/audio><\/div>\n<\/div>\n<div class=\"cuerpo\">\n<p>En di\u00e1logo con Radio Sudamericana Liliana Oliveira, periodista de Alvear brind\u00f3 detalles del hallazgo de un zapato con restos humanos en el R\u00edo Aguapey, y confirm\u00f3 que\u00a0<strong>en las \u00faltimas horas apareci\u00f3 en la superficie del agua m\u00e1s partes de un cad\u00e1ver.<\/strong><\/p>\n<p>Por otra parte asegur\u00f3 que habl\u00f3 con la hermana de Octavio Alfonso, el profesor de 41 a\u00f1os que lleva desaparecido desde el pasado 20 de abril. \u201c<strong>Lamentablemente es mi hermano\u201d<\/strong>, asegur\u00f3 Alicia Alfonso.<\/p>\n<p>&nbsp;<\/p>\n<div id=\"leermas\"><\/div>\n<p>&nbsp;<\/p>\n<p>Cabe destacar que se debe esperar los estudios de ADN correspondientes para determinar si se trata el profesor que es intensamente buscado desde hace 16 d\u00edas.<\/p>\n<p>Alfonso sali\u00f3 de su domicilio durante la ma\u00f1ana del domingo 20 de abril, y cerca de las 10:30 horas se perdi\u00f3 el contacto con \u00e9l, ya que su tel\u00e9fono celular dej\u00f3 de responder. En horas de la tarde, al no tener novedades, se realiz\u00f3 la denuncia correspondiente ante la polic\u00eda, inici\u00e1ndose de inmediato la b\u00fasqueda.<\/p>\n<p>Testigos indicaron que Alfonso habr\u00eda llegado en remis al camping\u00a0Aguapey, en las afueras de la localidad, pero desde ese momento no se supo m\u00e1s nada de \u00e9l. La \u00faltima novedad se produjo este lunes a las 6:00 de la ma\u00f1ana, cuando\u00a0un grupo de amigos\u00a0que recorr\u00eda la zona\u00a0encontr\u00f3 una botellita de agua perteneciente al desaparecido, a orillas del r\u00edo Aguapey, en las cercan\u00edas del conocido Puente Rojo.<\/p>\n<p>Radio Sudamericana<\/p>\n<\/div>\n<\/div>\n<\/div>\n","protected":false},"excerpt":{"rendered":"<p>El escabroso escenario se da en el marco de la desaparici\u00f3n de un hombre de 41 a\u00f1os que es buscado\u00a0desde el 20 de abril pasado. Para la familia los restos humanos hallados en el R\u00edo Aguapey son del profesor Octavio Alfonso. En di\u00e1logo con Radio Sudamericana Liliana Oliveira, periodista de Alvear brind\u00f3 detalles del hallazgo [&hellip;]<\/p>\n","protected":false},"author":3,"featured_media":62849,"comment_status":"open","ping_status":"open","sticky":false,"template":"","format":"standard","meta":{"footnotes":""},"categories":[8],"tags":[],"class_list":["post-62848","post","type-post","status-publish","format-standard","has-post-thumbnail","hentry","category-policiales"],"_links":{"self":[{"href":"https:\/\/informateesquina.com\/index.php?rest_route=\/wp\/v2\/posts\/62848","targetHints":{"allow":["GET"]}}],"collection":[{"href":"https:\/\/informateesquina.com\/index.php?rest_route=\/wp\/v2\/posts"}],"about":[{"href":"https:\/\/informateesquina.com\/index.php?rest_route=\/wp\/v2\/types\/post"}],"author":[{"embeddable":true,"href":"https:\/\/informateesquina.com\/index.php?rest_route=\/wp\/v2\/users\/3"}],"replies":[{"embeddable":true,"href":"https:\/\/informateesquina.com\/index.php?rest_route=%2Fwp%2Fv2%2Fcomments&post=62848"}],"version-history":[{"count":2,"href":"https:\/\/informateesquina.com\/index.php?rest_route=\/wp\/v2\/posts\/62848\/revisions"}],"predecessor-version":[{"id":62852,"href":"https:\/\/informateesquina.com\/index.php?rest_route=\/wp\/v2\/posts\/62848\/revisions\/62852"}],"wp:featuredmedia":[{"embeddable":true,"href":"https:\/\/informateesquina.com\/index.php?rest_route=\/wp\/v2\/media\/62849"}],"wp:attachment":[{"href":"https:\/\/informateesquina.com\/index.php?rest_route=%2Fwp%2Fv2%2Fmedia&parent=62848"}],"wp:term":[{"taxonomy":"category","embeddable":true,"href":"https:\/\/informateesquina.com\/index.php?rest_route=%2Fwp%2Fv2%2Fcategories&post=62848"},{"taxonomy":"post_tag","embeddable":true,"href":"https:\/\/informateesquina.com\/index.php?rest_route=%2Fwp%2Fv2%2Ftags&post=62848"}],"curies":[{"name":"wp","href":"https:\/\/api.w.org\/{rel}","templated":true}]}}