{"id":62853,"date":"2025-05-06T17:11:16","date_gmt":"2025-05-06T20:11:16","guid":{"rendered":"https:\/\/informateesquina.com\/?p=62853"},"modified":"2025-05-06T17:11:16","modified_gmt":"2025-05-06T20:11:16","slug":"la-familia-de-loan-denuncio-que-el-ex-abogado-se-quedo-con-125-millones-de-pesos","status":"publish","type":"post","link":"https:\/\/informateesquina.com\/?p=62853","title":{"rendered":"La familia de Loan denunci\u00f3 que el ex abogado se qued\u00f3 con 12,5 millones de pesos"},"content":{"rendered":"<div>\n<p class=\"copete\">Desde el entorno del abogado califican la versi\u00f3n como una infamia. El ex querellante har\u00e1 una denuncia penal.<\/p>\n<div>\n<div class=\"fotos-y-videos\">\n<div class=\"tab-content\">\n<div id=\"fotos\" class=\"tab-pane fade in active\" role=\"tabpanel\"><a class=\"fotos-desarrollo unlink\" title=\"La familia de Loan denunci\u00f3 que el ex abogado se qued\u00f3 con 12,5 millones de pesos \" href=\"https:\/\/www.radiosudamericana.com\/notix\/multimedia\/imagenes\/fotos\/2025-05-06\/247422.jpg\"><img loading=\"lazy\" decoding=\"async\" class=\"img-responsive lazyload center-block\" src=\"https:\/\/www.radiosudamericana.com\/notix\/multimedia\/imagenes\/fotos\/2025-05-06\/247422.jpg_nota.jpg\" alt=\"La familia de Loan denunci\u00f3 que el ex abogado se qued\u00f3 con 12,5 millones de pesos \" width=\"700\" height=\"466\" \/><\/a><\/div>\n<\/div>\n<\/div>\n<div class=\"cuerpo\">\n<p>La desaparici\u00f3n del peque\u00f1o\u00a0Loan Danilo Pe\u00f1a\u00a0(5) va camino a sumar un nuevo esc\u00e1ndalo. Un hermano del chico denunci\u00f3 que uno de los\u00a0abogados\u00a0que los representaba ante el Juzgado Federal de Goya se qued\u00f3 con\u00a012,5 millones de pesos\u00a0que le hab\u00edan entregado para costear una serie de pericias sobre los tel\u00e9fonos secuestrados.<\/p>\n<p>&nbsp;<\/p>\n<div id=\"leermas\">\n<div><b>Seguir Leyendo:<\/b><\/div>\n<div class=\"mitad\"><a class=\"leermas\" href=\"https:\/\/www.radiosudamericana.com\/nota\/policiales\/326300-Murio-un-motociclista-en-un-choque-entre-tres-vehiculos-en-la-Ruta-12.htm\" target=\"_blank\" rel=\"noopener\"><img decoding=\"async\" src=\"https:\/\/www.radiosudamericana.com\/multimedia\/imagenes\/fotos\/2025-05-05\/889654.jpg_crop.jpg_tb.jpg\" align=\"left\" \/>Muri\u00f3 un motociclista en un choque entre tres veh\u00edculos en la Ruta 12<\/a><\/div>\n<div class=\"mitad\"><a class=\"leermas\" href=\"https:\/\/www.radiosudamericana.com\/nota\/policiales\/326348-Madre-tiro-a-su-hija-a-la-ruta-frente-a-un-camion-para-tratar-de-matarla.htm\" target=\"_blank\" rel=\"noopener\"><img decoding=\"async\" src=\"https:\/\/www.radiosudamericana.com\/multimedia\/imagenes\/fotos\/2025-05-06\/434429.jpg_crop.jpg_tb.jpg\" align=\"left\" \/>Madre tir\u00f3 a su hija a la ruta frente a un cami\u00f3n para tratar de matarla<\/a><\/div>\n<\/div>\n<p>&nbsp;<\/p>\n<p>La acusaci\u00f3n recae sobre\u00a0Juan Pablo Gallego, quien en marzo pasado\u00a0renunci\u00f3 a su cargo de querellante. Lo hizo luego que hiciera caso omiso al pedido de la familia de Loan de tener mesura en sus declaraciones p\u00fablicas sobre el caso, a fin de no entorpecer la investigaci\u00f3n judicial.<\/p>\n<p>&nbsp;<\/p>\n<p>Mariano Pe\u00f1a cont\u00f3 que Gallego les hab\u00eda solicitado\u00a025 millones de pesos\u00a0para contratar a un reconocido perito inform\u00e1tico que se encargar\u00eda de realizar un nuevo an\u00e1lisis de los celulares de los siete imputados.<\/p>\n<p>La familia accedi\u00f3 al pedido pero le entreg\u00f3 la\u00a0mitad del dinero solicitado. Sostuvieron que cuando Gallego se alej\u00f3 del caso, lograron contactar al perito de parte propuesto y \u00e9ste les dijo que nunca lo hab\u00edan convocado para realizar el an\u00e1lisis del contenido de los celulares.<\/p>\n<p>El ex querellante habr\u00eda negado la acusaci\u00f3n en su c\u00edrculo m\u00e1s cercano, calificando a la versi\u00f3n como una infamia desplegada por una persona que no integra el c\u00edrculo familiar de Loan y habr\u00eda\u00a0montado la operaci\u00f3n junto a otras dos personas.<\/p>\n<p><a class=\"fotos-desarrollo unlink\" title=\"La familia de Loan denunci\u00f3 que el ex abogado se qued\u00f3 con 12,5 millones de pesos \" href=\"https:\/\/www.radiosudamericana.com\/notix\/multimedia\/imagenes\/fotos\/2025-05-06\/502918.jpg\"><img decoding=\"async\" class=\"img-responsive\" src=\"https:\/\/www.radiosudamericana.com\/notix\/multimedia\/imagenes\/fotos\/2025-05-06\/502918.jpg_nota.jpg\" \/><\/a><\/p>\n<p>Gallego, que est\u00e1 en el exterior, se pronunciar\u00eda sobre el tema cuando retorne y muy posiblemente realice una\u00a0denuncia penal\u00a0por lo que consider\u00f3 un ataque salvaje. Seg\u00fan trascendi\u00f3, el abogado habr\u00eda calificado a la versi\u00f3n como una operaci\u00f3n que busca desprestigiarlo.<\/p>\n<p>&nbsp;<\/p>\n<p>En una entrevista con un canal de Buenos Aires, uno de los hermanos de Loan sostuvo que fue Gallego quien les solicit\u00f3 los 25 millones para costear las nuevas pericias. \u201cPersonalmente retir\u00e9 la plata del banco, lo pusimos en una caja y cuando pap\u00e1 y mam\u00e1 fueron de viaje a Buenos Aires, le entregaron el dinero en una playa de estacionamiento donde se encontraron\u201d, sostuvo.<\/p>\n<p>La familia sostuvo que no saben si el abogado tom\u00f3 ese dinero en concepto de honorarios, pero \u201cnecesitamos el comprobante\u201d de la suma que le entregaron.<\/p>\n<p>El joven no revel\u00f3 la fecha ni en qu\u00e9 playa de estacionamiento se realiz\u00f3 la entrega de la millonaria suma. Sostuvo que la comunicaci\u00f3n con el abogado se cort\u00f3 abruptamente \u201cporque nos bloque\u00f3 a todos\u201d.<\/p>\n<h2><strong>Siete procesados por la desaparici\u00f3n de Loan<\/strong><\/h2>\n<p>A casi once meses de la desaparici\u00f3n de Loan Danilo Pe\u00f1a (5) en el paraje El Algarrobal, en la localidad correntina de 9 de Julio, la Justicia confirm\u00f3 el\u00a0procesamiento de los siete imputados\u00a0acusados de haber cometido la sustracci\u00f3n del chico. Adem\u00e1s, ratific\u00f3 el proceso contra otras nueve personas acusadas de buscar desviar la investigaci\u00f3n.<\/p>\n<p>En abril pasado la C\u00e1mara Federal de Apelaciones de Corrientes ratific\u00f3 los procesamientos de\u00a0Bernardino Antonio Ben\u00edtez,\u00a0Laudelina Pe\u00f1a, el ex capit\u00e1n de nav\u00edo\u00a0Carlos Guido P\u00e9rez, la ex funcionaria municipal\u00a0Mar\u00eda Victoria Caillava, Daniel Oscar \u201cFierrito\u201d Ram\u00edrez, M\u00f3nica Millapi,\u00a0y el\u00a0ex comisario Walter Adri\u00e1n Maciel.\u00a0Todos quedaron a un paso del juicio oral.<\/p>\n<p>Los magistrados se\u00f1alaron que los siete acusados \u201cplanificaron con antelaci\u00f3n sustraer a un menor de diez a\u00f1os, durante un almuerzo previsto para el 13 de junio de 2024, en el domicilio de Catalina Pe\u00f1a, al que hab\u00edan sido previamente invitados, a excepci\u00f3n de Maciel\u201d.<\/p>\n<p>\u201cEl acuerdo previo consist\u00eda en sustraer &#8216;a un menor&#8217;, y no espec\u00edficamente a Loan, ya que su presencia en el almuerzo fue espont\u00e1nea y sorpresiva para el resto de los asistentes. En el marco de ese plan, cada imputado ten\u00eda asignado un rol espec\u00edfico\u201d, explicaron.<\/p>\n<p>En una extensa resoluci\u00f3n, se\u00f1alaron que \u201ca la fecha la investigaci\u00f3n no ha podido determinar qu\u00e9 ni\u00f1o o ni\u00f1a estaba previsto como v\u00edctima en el plan, ni con qu\u00e9 finalidad\u201d se planific\u00f3 la sustracci\u00f3n.<\/p>\n<p>Un mes antes la misma C\u00e1mara hab\u00eda otorgado a la jueza federal de Goya, Cristina Pozzer Penzo, otros cuatro meses para continuar con las investigaciones. Ese plazo vence el 19 de julio.<\/p>\n<p>Radio Sudamericana<\/p>\n<\/div>\n<\/div>\n<\/div>\n","protected":false},"excerpt":{"rendered":"<p>Desde el entorno del abogado califican la versi\u00f3n como una infamia. El ex querellante har\u00e1 una denuncia penal. La desaparici\u00f3n del peque\u00f1o\u00a0Loan Danilo Pe\u00f1a\u00a0(5) va camino a sumar un nuevo esc\u00e1ndalo. Un hermano del chico denunci\u00f3 que uno de los\u00a0abogados\u00a0que los representaba ante el Juzgado Federal de Goya se qued\u00f3 con\u00a012,5 millones de pesos\u00a0que le [&hellip;]<\/p>\n","protected":false},"author":3,"featured_media":62854,"comment_status":"open","ping_status":"open","sticky":false,"template":"","format":"standard","meta":{"footnotes":""},"categories":[8],"tags":[],"class_list":["post-62853","post","type-post","status-publish","format-standard","has-post-thumbnail","hentry","category-policiales"],"_links":{"self":[{"href":"https:\/\/informateesquina.com\/index.php?rest_route=\/wp\/v2\/posts\/62853","targetHints":{"allow":["GET"]}}],"collection":[{"href":"https:\/\/informateesquina.com\/index.php?rest_route=\/wp\/v2\/posts"}],"about":[{"href":"https:\/\/informateesquina.com\/index.php?rest_route=\/wp\/v2\/types\/post"}],"author":[{"embeddable":true,"href":"https:\/\/informateesquina.com\/index.php?rest_route=\/wp\/v2\/users\/3"}],"replies":[{"embeddable":true,"href":"https:\/\/informateesquina.com\/index.php?rest_route=%2Fwp%2Fv2%2Fcomments&post=62853"}],"version-history":[{"count":1,"href":"https:\/\/informateesquina.com\/index.php?rest_route=\/wp\/v2\/posts\/62853\/revisions"}],"predecessor-version":[{"id":62855,"href":"https:\/\/informateesquina.com\/index.php?rest_route=\/wp\/v2\/posts\/62853\/revisions\/62855"}],"wp:featuredmedia":[{"embeddable":true,"href":"https:\/\/informateesquina.com\/index.php?rest_route=\/wp\/v2\/media\/62854"}],"wp:attachment":[{"href":"https:\/\/informateesquina.com\/index.php?rest_route=%2Fwp%2Fv2%2Fmedia&parent=62853"}],"wp:term":[{"taxonomy":"category","embeddable":true,"href":"https:\/\/informateesquina.com\/index.php?rest_route=%2Fwp%2Fv2%2Fcategories&post=62853"},{"taxonomy":"post_tag","embeddable":true,"href":"https:\/\/informateesquina.com\/index.php?rest_route=%2Fwp%2Fv2%2Ftags&post=62853"}],"curies":[{"name":"wp","href":"https:\/\/api.w.org\/{rel}","templated":true}]}}