{"id":62862,"date":"2025-05-06T23:20:41","date_gmt":"2025-05-07T02:20:41","guid":{"rendered":"https:\/\/informateesquina.com\/?p=62862"},"modified":"2025-05-06T23:37:04","modified_gmt":"2025-05-07T02:37:04","slug":"patricia-bullrich-tambien-abandono-el-pro-y-se-afilio-a-la-libertad-avanza","status":"publish","type":"post","link":"https:\/\/informateesquina.com\/?p=62862","title":{"rendered":"Patricia Bullrich tambi\u00e9n abandon\u00f3 el PRO y se afili\u00f3 a La Libertad Avanza"},"content":{"rendered":"<header class=\"article-header-wrapper\">\n<div class=\"article-header\">\n<h2 class=\"article-subheadline text_align_left\"><\/h2>\n<\/div>\n<\/header>\n<article class=\"article\">\n<div class=\"body-article \">\n<div class=\"visual__image\"><picture><source srcset=\"https:\/\/www.infobae.com\/resizer\/v2\/IT6HI2MRKRFAVPC62ZQUO3NMXA.jpeg?auth=4c798df518947ed6ee2a12ddb73e24bdd66931d5eb0aba571662d54ebafc1f54&amp;smart=true&amp;width=992&amp;height=661&amp;quality=85\" media=\"(min-width: 1000px)\" \/><source srcset=\"https:\/\/www.infobae.com\/resizer\/v2\/IT6HI2MRKRFAVPC62ZQUO3NMXA.jpeg?auth=4c798df518947ed6ee2a12ddb73e24bdd66931d5eb0aba571662d54ebafc1f54&amp;smart=true&amp;width=768&amp;height=512&amp;quality=85\" media=\"(min-width: 768px)\" \/><source srcset=\"https:\/\/www.infobae.com\/resizer\/v2\/IT6HI2MRKRFAVPC62ZQUO3NMXA.jpeg?auth=4c798df518947ed6ee2a12ddb73e24bdd66931d5eb0aba571662d54ebafc1f54&amp;smart=true&amp;width=577&amp;height=385&amp;quality=85\" media=\"(min-width: 580px)\" \/><source srcset=\"https:\/\/www.infobae.com\/resizer\/v2\/IT6HI2MRKRFAVPC62ZQUO3NMXA.jpeg?auth=4c798df518947ed6ee2a12ddb73e24bdd66931d5eb0aba571662d54ebafc1f54&amp;smart=true&amp;width=420&amp;height=280&amp;quality=85\" media=\"(min-width: 350px)\" \/><source srcset=\"https:\/\/www.infobae.com\/resizer\/v2\/IT6HI2MRKRFAVPC62ZQUO3NMXA.jpeg?auth=4c798df518947ed6ee2a12ddb73e24bdd66931d5eb0aba571662d54ebafc1f54&amp;smart=true&amp;width=350&amp;height=233&amp;quality=85\" media=\"(min-width: 80px)\" \/><img loading=\"lazy\" decoding=\"async\" class=\"global-image\" src=\"https:\/\/www.infobae.com\/resizer\/v2\/IT6HI2MRKRFAVPC62ZQUO3NMXA.jpeg?auth=4c798df518947ed6ee2a12ddb73e24bdd66931d5eb0aba571662d54ebafc1f54&amp;smart=true&amp;width=350&amp;height=233&amp;quality=85\" alt=\"Patricia Bullrich junto a Karina\" width=\"4160\" height=\"2767\" \/><\/picture>Patricia Bullrich junto a Karina Milei (Jaime Olivos)<\/div>\n<p class=\"paragraph\" data-mrf-recirculation=\"Links inline\">La ministra de Seguridad y ex presidenta del PRO,\u00a0Patricia Bullrich, tambi\u00e9n abandon\u00f3 el partido que lidera Mauricio Macri y formaliz\u00f3\u00a0<b>esta tarde su ingreso a La Libertad Avanza<\/b>, en un\u00a0acto\u00a0que encabez\u00f3 la titular del partido,\u00a0Karina Milei.<\/p>\n<p class=\"paragraph\" data-mrf-recirculation=\"Links inline\">La firma de la afiliaci\u00f3n se realiz\u00f3 pasadas las 18 en la plaza Vicente L\u00f3pez, en el barrio de Recoleta. Adem\u00e1s de la hermana del Presidente, estuvieron Pilar Ram\u00edrez, presidenta del partido en CABA, y la legisladora Lorena Montenegro.<\/p>\n<div class=\"inline ad-wrapper\">\n<div class=\"dfpAd ad-inline\"><\/div>\n<\/div>\n<p class=\"paragraph\" data-mrf-recirculation=\"Links inline\">Patricia Bullrich fue la \u00faltima candidata a presidenta de Juntos por el Cambio y lider\u00f3 el PRO hasta principios del a\u00f1o 2024, cuando se alej\u00f3 enemistada con el ex primer mandatario, Mauricio Macri.<\/p>\n<div class=\"news-module\" data-mrf-recirculation=\"IL_wv5lqF4aQ7G5etrMMyn62Q\" data-testid=\"text-html\" data-mrf-experience=\"IL_wv5lqF4aQ7G5etrMMyn62Q\">\n<div class=\"recommended-card__info\"><\/div>\n<\/div>\n<p class=\"paragraph\" data-mrf-recirculation=\"Links inline\">Tras un peque\u00f1o acto de presentaci\u00f3n, donde Karina Milei le agradeci\u00f3 por su compromiso, la ministra de Seguridad firm\u00f3 y asegur\u00f3 que ten\u00eda esta decisi\u00f3n tomada \u201cdesde hace mucho tiempo\u201d:<b>\u00a0\u201cDesde el primer d\u00eda soy parte del Gobierno, esto para m\u00ed es un acto de coherencia.<\/b>\u00a0Hoy aqu\u00ed en mi ciudad, esta afiliaci\u00f3n significa un apoyo m\u00e1s a todo el trabajo que estamos haciendo los argentinos y los funcionarios\u201d.<\/p>\n<div class=\"inline_2_DSK ad-wrapper ad-desktop\">\n<div class=\"dfpAd ad-inline\"><\/div>\n<\/div>\n<p class=\"paragraph\" data-mrf-recirculation=\"Links inline\">En di\u00e1logo con\u00a0<i>A24,\u00a0<\/i>Bullrich agreg\u00f3:\u00a0<b>\u201cHace un a\u00f1o y medio lo que est\u00e1 haciendo este Gobierno en la Argentina era impensado.<\/b>\u00a0Terminar con la inflaci\u00f3n, terminar con el d\u00e9ficit, terminar con los piquetes, terminar con las regulaciones,\u00a0<b>lo que est\u00e1 haciendo el Presidente Milei merece que apoyemos pol\u00edticamente&#8221;.<\/b><\/p>\n<div class=\"news-module\" data-mrf-recirculation=\"IL_JkB3GTBFTj2urpbOlzOORQ\" data-testid=\"text-html\" data-mrf-experience=\"IL_JkB3GTBFTj2urpbOlzOORQ\">\n<div class=\"recommended-card__info\"><\/div>\n<\/div>\n<div class=\"visual__image\"><picture><source srcset=\"https:\/\/www.infobae.com\/resizer\/v2\/36SY5ZALEJC73KYFMKBKDABDGA.jpg?auth=23a5ec04075d4198d8c869e27de5561a161b2e03f78cbb978b58e7d349ef7adc&amp;smart=true&amp;width=992&amp;height=558&amp;quality=85\" media=\"(min-width: 1000px)\" \/><source srcset=\"https:\/\/www.infobae.com\/resizer\/v2\/36SY5ZALEJC73KYFMKBKDABDGA.jpg?auth=23a5ec04075d4198d8c869e27de5561a161b2e03f78cbb978b58e7d349ef7adc&amp;smart=true&amp;width=768&amp;height=432&amp;quality=85\" media=\"(min-width: 768px)\" \/><source srcset=\"https:\/\/www.infobae.com\/resizer\/v2\/36SY5ZALEJC73KYFMKBKDABDGA.jpg?auth=23a5ec04075d4198d8c869e27de5561a161b2e03f78cbb978b58e7d349ef7adc&amp;smart=true&amp;width=577&amp;height=325&amp;quality=85\" media=\"(min-width: 580px)\" \/><source srcset=\"https:\/\/www.infobae.com\/resizer\/v2\/36SY5ZALEJC73KYFMKBKDABDGA.jpg?auth=23a5ec04075d4198d8c869e27de5561a161b2e03f78cbb978b58e7d349ef7adc&amp;smart=true&amp;width=420&amp;height=236&amp;quality=85\" media=\"(min-width: 350px)\" \/><source srcset=\"https:\/\/www.infobae.com\/resizer\/v2\/36SY5ZALEJC73KYFMKBKDABDGA.jpg?auth=23a5ec04075d4198d8c869e27de5561a161b2e03f78cbb978b58e7d349ef7adc&amp;smart=true&amp;width=350&amp;height=197&amp;quality=85\" media=\"(min-width: 80px)\" \/><img loading=\"lazy\" decoding=\"async\" class=\"global-image\" src=\"https:\/\/www.infobae.com\/resizer\/v2\/36SY5ZALEJC73KYFMKBKDABDGA.jpg?auth=23a5ec04075d4198d8c869e27de5561a161b2e03f78cbb978b58e7d349ef7adc&amp;smart=true&amp;width=350&amp;height=197&amp;quality=85\" alt=\" \u201cDesde el primer d\u00eda\" width=\"1920\" height=\"1080\" \/><\/picture>\u201cDesde el primer d\u00eda soy parte del Gobierno, esto para m\u00ed es un acto de coherencia&#8221;, expres\u00f3 Bullrich<\/div>\n<p class=\"paragraph\" data-mrf-recirculation=\"Links inline\">Por otra parte, al ser consultada por su decisi\u00f3n de dejar al PRO, la funcionaria asegur\u00f3 que ella se debe a los 6 millones de argentinos que la votaron en 2023. \u201cMuchos partidos han quedado en el camino, uno tiene que seguir las ideas, los partidos terminan siendo presos de sus propios intereses y no de los intereses de la sociedad\u201c, sentenci\u00f3.<\/p>\n<p class=\"paragraph\" data-mrf-recirculation=\"Links inline\">Adem\u00e1s, en v\u00edsperas de las elecciones a legisladores en la Ciudad, Bullrich le envi\u00f3 un mensaje a los votantes del PRO:<b>\u00a0\u201cAl votante del PRO le dir\u00eda que vea y analice a fondo los cambios que se est\u00e1n haciendo<\/b>. El pa\u00eds est\u00e1 creciendo. El votante del PRO quiere un pa\u00eds con instituciones, con rep\u00fablico, que vote leyes como las que promovemos nosotros, el votante del PRO quer\u00eda esto, que la gente pueda ser libre.\u00a0<b>Por eso les pido que nos acompa\u00f1en\u201d<\/b>.<\/p>\n<p class=\"paragraph\" data-mrf-recirculation=\"Links inline\">La dirigente es una de las m\u00e1s valoradas por el presidente Javier Milei y mantiene una sinton\u00eda pol\u00edtica con la secretaria General de la Presidencia, Karina Milei, que est\u00e1 a cargo del armado electoral del oficialismo en todo el pa\u00eds.<\/p>\n<p class=\"paragraph\" data-mrf-recirculation=\"Links inline\">Apenas qued\u00f3 fuera del balotaje en las elecciones del 2023, Patricia Bullrich decidi\u00f3 alinearse con La Libertad Avanza, junto con quien era su compa\u00f1ero de f\u00f3rmula, Luis Petri, quien actualmente es ministro de Defensa. Le dio su apoyo p\u00fablico, sin condiciones, antes de que se concretara el denominado Pacto de Acassuso, donde Macri y Milei decidieron aunar esfuerzos para vencer a Sergio Massa.<\/p>\n<p class=\"paragraph\" data-mrf-recirculation=\"Links inline\">La afiliaci\u00f3n de la ministra de Seguridad Nacional a LLA ocurre mientras su rival en las \u00faltimas PASO, Horacio Rodr\u00edguez Larreta, est\u00e1 compitiendo en contra del PRO con una lista propia.<\/p>\n<div class=\"visual__image\"><picture><source srcset=\"https:\/\/www.infobae.com\/resizer\/v2\/F3QQPIKGZJEE5AS7XAUAP3TNYY.jpeg?auth=33e582920f4fa852ad1ddb65e100e8b29459df690e3984a36964339a01641681&amp;smart=true&amp;width=992&amp;height=1323&amp;quality=85\" media=\"(min-width: 1000px)\" \/><source srcset=\"https:\/\/www.infobae.com\/resizer\/v2\/F3QQPIKGZJEE5AS7XAUAP3TNYY.jpeg?auth=33e582920f4fa852ad1ddb65e100e8b29459df690e3984a36964339a01641681&amp;smart=true&amp;width=768&amp;height=1024&amp;quality=85\" media=\"(min-width: 768px)\" \/><source srcset=\"https:\/\/www.infobae.com\/resizer\/v2\/F3QQPIKGZJEE5AS7XAUAP3TNYY.jpeg?auth=33e582920f4fa852ad1ddb65e100e8b29459df690e3984a36964339a01641681&amp;smart=true&amp;width=577&amp;height=769&amp;quality=85\" media=\"(min-width: 580px)\" \/><source srcset=\"https:\/\/www.infobae.com\/resizer\/v2\/F3QQPIKGZJEE5AS7XAUAP3TNYY.jpeg?auth=33e582920f4fa852ad1ddb65e100e8b29459df690e3984a36964339a01641681&amp;smart=true&amp;width=420&amp;height=560&amp;quality=85\" media=\"(min-width: 350px)\" \/><source srcset=\"https:\/\/www.infobae.com\/resizer\/v2\/F3QQPIKGZJEE5AS7XAUAP3TNYY.jpeg?auth=33e582920f4fa852ad1ddb65e100e8b29459df690e3984a36964339a01641681&amp;smart=true&amp;width=350&amp;height=467&amp;quality=85\" media=\"(min-width: 80px)\" \/><img loading=\"lazy\" decoding=\"async\" class=\"global-image\" src=\"https:\/\/www.infobae.com\/resizer\/v2\/F3QQPIKGZJEE5AS7XAUAP3TNYY.jpeg?auth=33e582920f4fa852ad1ddb65e100e8b29459df690e3984a36964339a01641681&amp;smart=true&amp;width=350&amp;height=467&amp;quality=85\" alt=\"La imagen que comparti\u00f3 el\" width=\"1080\" height=\"1350\" \/><\/picture>La imagen que comparti\u00f3 el presidente Milei, tras la afiliaci\u00f3n de Patricia Bullrich (X)<\/div>\n<p class=\"paragraph\" data-mrf-recirculation=\"Links inline\">En el equipo de campa\u00f1a de La Libertad Avanza de la ciudad de Buenos Aires, que lidera la diputada porte\u00f1a Pilar Ram\u00edrez, organizaron la firma de la afiliaci\u00f3n como parte de la campa\u00f1a. Es que Bullrich fue de las primeras figuras del gabinete que se sum\u00f3 a las recorridas junto a Karina Milei y Adorni.<\/p>\n<p class=\"paragraph\" data-mrf-recirculation=\"Links inline\">El propio presidente de la Naci\u00f3n, que estuvo la semana pasada en un acto en Villa Lugano, est\u00e1 involucrado en la actividad proselitista y puso como prioridad pol\u00edtica ganar los comicios y, al mismo tiempo, relegar al macrismo. \u201cAdorni es Milei\u201d, es uno de los t\u00f3picos de campa\u00f1a que dominan la escenan.<\/p>\n<\/div>\n<\/article>\n","protected":false},"excerpt":{"rendered":"<p>Patricia Bullrich junto a Karina Milei (Jaime Olivos) La ministra de Seguridad y ex presidenta del PRO,\u00a0Patricia Bullrich, tambi\u00e9n abandon\u00f3 el partido que lidera Mauricio Macri y formaliz\u00f3\u00a0esta tarde su ingreso a La Libertad Avanza, en un\u00a0acto\u00a0que encabez\u00f3 la titular del partido,\u00a0Karina Milei. La firma de la afiliaci\u00f3n se realiz\u00f3 pasadas las 18 en la [&hellip;]<\/p>\n","protected":false},"author":3,"featured_media":62863,"comment_status":"open","ping_status":"open","sticky":false,"template":"","format":"standard","meta":{"footnotes":""},"categories":[9],"tags":[],"class_list":["post-62862","post","type-post","status-publish","format-standard","has-post-thumbnail","hentry","category-politica"],"_links":{"self":[{"href":"https:\/\/informateesquina.com\/index.php?rest_route=\/wp\/v2\/posts\/62862","targetHints":{"allow":["GET"]}}],"collection":[{"href":"https:\/\/informateesquina.com\/index.php?rest_route=\/wp\/v2\/posts"}],"about":[{"href":"https:\/\/informateesquina.com\/index.php?rest_route=\/wp\/v2\/types\/post"}],"author":[{"embeddable":true,"href":"https:\/\/informateesquina.com\/index.php?rest_route=\/wp\/v2\/users\/3"}],"replies":[{"embeddable":true,"href":"https:\/\/informateesquina.com\/index.php?rest_route=%2Fwp%2Fv2%2Fcomments&post=62862"}],"version-history":[{"count":1,"href":"https:\/\/informateesquina.com\/index.php?rest_route=\/wp\/v2\/posts\/62862\/revisions"}],"predecessor-version":[{"id":62864,"href":"https:\/\/informateesquina.com\/index.php?rest_route=\/wp\/v2\/posts\/62862\/revisions\/62864"}],"wp:featuredmedia":[{"embeddable":true,"href":"https:\/\/informateesquina.com\/index.php?rest_route=\/wp\/v2\/media\/62863"}],"wp:attachment":[{"href":"https:\/\/informateesquina.com\/index.php?rest_route=%2Fwp%2Fv2%2Fmedia&parent=62862"}],"wp:term":[{"taxonomy":"category","embeddable":true,"href":"https:\/\/informateesquina.com\/index.php?rest_route=%2Fwp%2Fv2%2Fcategories&post=62862"},{"taxonomy":"post_tag","embeddable":true,"href":"https:\/\/informateesquina.com\/index.php?rest_route=%2Fwp%2Fv2%2Ftags&post=62862"}],"curies":[{"name":"wp","href":"https:\/\/api.w.org\/{rel}","templated":true}]}}