{"id":62868,"date":"2025-05-07T00:12:58","date_gmt":"2025-05-07T03:12:58","guid":{"rendered":"https:\/\/informateesquina.com\/?p=62868"},"modified":"2025-05-07T00:27:49","modified_gmt":"2025-05-07T03:27:49","slug":"la-policia-federal-abrio-la-preinscripcion-para-el-ingreso-2026","status":"publish","type":"post","link":"https:\/\/informateesquina.com\/?p=62868","title":{"rendered":"La Polic\u00eda Federal abri\u00f3 la preinscripci\u00f3n para el ingreso 2026"},"content":{"rendered":"<div class=\"fotos-y-videos\">\n<ul class=\"nav nav-tabs\" role=\"tablist\">\n<li class=\"active\" role=\"presentation\"><a class=\"fotos-desarrollo unlink\" title=\"La Polic\u00eda Federal abri\u00f3 la preinscripci\u00f3n para el ingreso 2026\" href=\"https:\/\/www.radiosudamericana.com\/notix\/multimedia\/imagenes\/fotos\/2025-05-06\/793865.png\"><img loading=\"lazy\" decoding=\"async\" class=\"img-responsive lazyload center-block\" src=\"https:\/\/www.radiosudamericana.com\/notix\/multimedia\/imagenes\/fotos\/2025-05-06\/793865.png_nota.png\" alt=\"La Polic\u00eda Federal abri\u00f3 la preinscripci\u00f3n para el ingreso 2026\" width=\"700\" height=\"525\" \/><\/a><\/li>\n<\/ul>\n<\/div>\n<p>&nbsp;<\/p>\n<div class=\"cuerpo\">\n<p>La Polic\u00eda Federal Argentina (PFA) inform\u00f3 este martes a trav\u00e9s de sus redes sociales oficiales\u00a0que se encuentra abierta la preinscripci\u00f3n para el ciclo lectivo 2026, dirigida a todas las personas interesadas en iniciar su formaci\u00f3n en las instituciones educativas.<\/p>\n<p>A trav\u00e9s del\u00a0Portal Integrado de Ingresos\u00a0los postulantes pueden completar el formulario correspondiente para acceder a una vacante en dos de sus escuelas de formaci\u00f3n: la Escuela de Cadetes &#8220;Comisario General Juan \u00c1ngel Pirker&#8221; y la Escuela Federal de Suboficiales y Agentes &#8220;Don Enrique O&#8217;Gorman&#8221;.<\/p>\n<p>Desde la instituci\u00f3n remarcan que el tr\u00e1mite es totalmente personal y gratuito, y no se permite la intervenci\u00f3n de gestores ni intermediarios en ninguna etapa del proceso. Tampoco se admitir\u00e1n influencias o recomendaciones externas para facilitar el ingreso.<\/p>\n<h2><strong>Requisitos y datos solicitados<\/strong><\/h2>\n<p>Durante la preinscripci\u00f3n, los aspirantes deber\u00e1n ingresar datos personales como el n\u00famero de DNI, el ejemplar correspondiente, los \u00faltimos seis d\u00edgitos del n\u00famero de tr\u00e1mite (seg\u00fan la versi\u00f3n m\u00e1s reciente del documento emitido por el Registro Nacional de las Personas), su fecha de nacimiento, edad al 31 de diciembre de 2025, un correo electr\u00f3nico v\u00e1lido (que deber\u00e1 verificarse) y el cargo al que se postulan.<\/p>\n<p><a class=\"fotos-desarrollo unlink\" title=\"La Polic\u00eda Federal abri\u00f3 la preinscripci\u00f3n para el ingreso 2026\" href=\"https:\/\/www.radiosudamericana.com\/notix\/multimedia\/imagenes\/fotos\/2025-05-06\/904825.jpg\"><img decoding=\"async\" class=\"img-responsive\" src=\"https:\/\/www.radiosudamericana.com\/notix\/multimedia\/imagenes\/fotos\/2025-05-06\/904825.jpg_nota.jpg\" \/><\/a><\/p>\n<p>El sistema incluye medidas de validaci\u00f3n para garantizar la autenticidad de la informaci\u00f3n, como la verificaci\u00f3n visual de im\u00e1genes dentro del portal.<\/p>\n<p>Para m\u00e1s informaci\u00f3n y para comenzar el proceso de inscripci\u00f3n, los interesados pueden visitar el sitio oficial<a href=\"https:\/\/www.sistemaspfa.gov.ar\/portal_ingresos\/\">: www.sistemaspfa.gov.ar\/portal_ingresos<\/a><\/p>\n<p><a class=\"fotos-desarrollo unlink\" title=\"La Polic\u00eda Federal abri\u00f3 la preinscripci\u00f3n para el ingreso 2026\" href=\"https:\/\/www.radiosudamericana.com\/notix\/multimedia\/imagenes\/fotos\/2025-05-06\/911085.png\"><img decoding=\"async\" class=\"img-responsive\" src=\"https:\/\/www.radiosudamericana.com\/notix\/multimedia\/imagenes\/fotos\/2025-05-06\/911085.png_nota.png\" \/><\/a><\/p>\n<p>&nbsp;<\/p>\n<div id=\"leermas\">\n<div class=\"mitad\"><\/div>\n<\/div>\n<p>&nbsp;<\/p>\n<h2><strong>\u00bfQu\u00e9 documentaci\u00f3n debo presentar?<\/strong><\/h2>\n<ol>\n<li>\u00daltimo ejemplar del Documento Nacional de Identidad (anverso y reverso).<\/li>\n<li>Una (1) fotocopia correspondiente al postulante<\/li>\n<li>Una (1) fotocopia correspondiente a cada uno de los miembros del grupo familiar y conviviente declarado.<\/li>\n<li>Imprimir el \u201cFormulario de Preinscripci\u00f3n web\u201d con los datos de los familiares y convivientes para entregarlo firmado por cada uno de ellos en el espacio correspondiente.<\/li>\n<li>Partida\/Certificado\/Acta de Nacimiento (original y fotocopia).<\/li>\n<li>Certificado\/Acta de Defunci\u00f3n de familiares directos de haberlos (original y fotocopia).<\/li>\n<li>T\u00edtulo anal\u00edtico (legalizado) que acredite haber completado los estudios secundarios (original y fotocopia) y copia del libro matriz.; o en su caso un certificado expedido por el establecimiento educativo, dejando constancia que el postulante no adeuda materias a la fecha de su presentaci\u00f3n, salvo las que est\u00e9 cursando. La constancia de alumno regular \u00fanicamente ser\u00e1 aceptada cuando el postulante este cursando el \u00faltimo a\u00f1o de sus estudios secundarios y desee inscribirse para la Escuela de Cadetes -Oficiales-.<\/li>\n<li>En caso de prestar o haber prestado Servicios en alguna Fuerza de Seguridad o Militar, se deber\u00e1 presentar certificado en el cual conste fecha de ingreso, egreso, concepto merecido y motivo de la Baja.<\/li>\n<li>Comprobante impreso de la CUIT o la CUIL, el cual se puede tramitar en la web de la ANSES.<\/li>\n<li>Licencia de Conducir de poseer (original y fotocopia).<\/li>\n<li>Dos (2) fotograf\u00edas color (4&#215;4) de frente y fondo blanco. En el caso de varones, con saco y corbata, rasurado y cabello corto. En el caso de mujeres, vestimenta \u201cacorde\u201d.<\/li>\n<li>Dos (2) fotograf\u00edas color (13&#215;18), de cuerpo entero, de frente y fondo blanco. En el caso de varones, con saco y corbata, rasurado y cabello corto. En el caso de mujeres, camisa manga corta, pollera a altura de la rodilla y zapatos.<\/li>\n<li>Foto de frente del domicilio particular con la numeraci\u00f3n visible en tama\u00f1o 10 x 15 horizontales. Dos (2) fotos del interior del domicilio (una del dormitorio del postulante y otra del comedor). Dos (2) fotos de las esquinas de la vivienda en la que deber\u00e1 visualizarse toda la cuadra del domicilio particular incluyendo la vivienda. Todas las fotograf\u00edas deber\u00e1n realizarse en papel fotogr\u00e1fico.<\/li>\n<li>Certificado de domicilio expedido por la autoridad competente.<\/li>\n<li>Aportar datos de dos (2) vecinos en los que consten su Apellido y Nombre; DNI; Direcci\u00f3n; Localidad y Nacionalidad.<\/li>\n<li>Certificado de Reincidencia (original sin copia), correspondiente al postulante y a de todo el grupo familiar y conviviente declarado. Si el o la postulante cumple 18 a\u00f1os durante el a\u00f1o de inscripci\u00f3n, debe tramitar el Certificado de Reincidencia; Este tr\u00e1mite se obtiene tras pedir turno en la p\u00e1gina web de dicho organismo.<\/li>\n<\/ol>\n<p>Si el grupo familiar y el postulante tienen direcci\u00f3n de residencia fuera del \u00c1rea Metropolitana de Buenos Aires (AMBA), deber\u00e1 tramitar el certificado de antecedentes policiales provinciales en la comisar\u00eda provincial donde est\u00e9n residiendo.<\/p>\n<\/div>\n","protected":false},"excerpt":{"rendered":"<p>&nbsp; La Polic\u00eda Federal Argentina (PFA) inform\u00f3 este martes a trav\u00e9s de sus redes sociales oficiales\u00a0que se encuentra abierta la preinscripci\u00f3n para el ciclo lectivo 2026, dirigida a todas las personas interesadas en iniciar su formaci\u00f3n en las instituciones educativas. A trav\u00e9s del\u00a0Portal Integrado de Ingresos\u00a0los postulantes pueden completar el formulario correspondiente para acceder a [&hellip;]<\/p>\n","protected":false},"author":3,"featured_media":62869,"comment_status":"open","ping_status":"open","sticky":false,"template":"","format":"standard","meta":{"footnotes":""},"categories":[8],"tags":[],"class_list":["post-62868","post","type-post","status-publish","format-standard","has-post-thumbnail","hentry","category-policiales"],"_links":{"self":[{"href":"https:\/\/informateesquina.com\/index.php?rest_route=\/wp\/v2\/posts\/62868","targetHints":{"allow":["GET"]}}],"collection":[{"href":"https:\/\/informateesquina.com\/index.php?rest_route=\/wp\/v2\/posts"}],"about":[{"href":"https:\/\/informateesquina.com\/index.php?rest_route=\/wp\/v2\/types\/post"}],"author":[{"embeddable":true,"href":"https:\/\/informateesquina.com\/index.php?rest_route=\/wp\/v2\/users\/3"}],"replies":[{"embeddable":true,"href":"https:\/\/informateesquina.com\/index.php?rest_route=%2Fwp%2Fv2%2Fcomments&post=62868"}],"version-history":[{"count":1,"href":"https:\/\/informateesquina.com\/index.php?rest_route=\/wp\/v2\/posts\/62868\/revisions"}],"predecessor-version":[{"id":62870,"href":"https:\/\/informateesquina.com\/index.php?rest_route=\/wp\/v2\/posts\/62868\/revisions\/62870"}],"wp:featuredmedia":[{"embeddable":true,"href":"https:\/\/informateesquina.com\/index.php?rest_route=\/wp\/v2\/media\/62869"}],"wp:attachment":[{"href":"https:\/\/informateesquina.com\/index.php?rest_route=%2Fwp%2Fv2%2Fmedia&parent=62868"}],"wp:term":[{"taxonomy":"category","embeddable":true,"href":"https:\/\/informateesquina.com\/index.php?rest_route=%2Fwp%2Fv2%2Fcategories&post=62868"},{"taxonomy":"post_tag","embeddable":true,"href":"https:\/\/informateesquina.com\/index.php?rest_route=%2Fwp%2Fv2%2Ftags&post=62868"}],"curies":[{"name":"wp","href":"https:\/\/api.w.org\/{rel}","templated":true}]}}