{"id":62872,"date":"2025-05-07T09:23:29","date_gmt":"2025-05-07T12:23:29","guid":{"rendered":"https:\/\/informateesquina.com\/?p=62872"},"modified":"2025-05-07T09:23:29","modified_gmt":"2025-05-07T12:23:29","slug":"vamos-corrientes-se-reuniria-el-viernes-para-definir-su-integracion","status":"publish","type":"post","link":"https:\/\/informateesquina.com\/?p=62872","title":{"rendered":"&#8220;Vamos Corrientes&#8221; se reunir\u00eda el viernes para definir su integraci\u00f3n"},"content":{"rendered":"<div>\n<p class=\"copete\">En su rol de presidente de la Uni\u00f3n C\u00edvica Radical, Gustavo Vald\u00e9s llamar\u00eda a los referentes que todav\u00eda forman parte de la alianza gobernante, que pasar\u00eda a llamarse Vamos Corrientes. la idea ser\u00eda definir qui\u00e9nes seguir\u00e1n en el armado pol\u00edtico y se estima que se podr\u00eda dar a conocer la fecha de elecciones.<\/p>\n<div class=\"fotos-y-videos\">\n<div class=\"tab-content\">\n<div id=\"fotos\" class=\"tab-pane fade in active\" role=\"tabpanel\"><a class=\"fotos-desarrollo unlink\" title=\"Vamos Corrientes se reunir\u00eda el viernes para definir su integraci\u00f3n\" href=\"https:\/\/www.radiosudamericana.com\/notix\/multimedia\/imagenes\/fotos\/2025-05-07\/596235.jpg\"><img loading=\"lazy\" decoding=\"async\" class=\"img-responsive lazyload center-block\" src=\"https:\/\/www.radiosudamericana.com\/notix\/multimedia\/imagenes\/fotos\/2025-05-07\/596235.jpg_nota.jpg\" alt=\"Vamos Corrientes se reunir\u00eda el viernes para definir su integraci\u00f3n\" width=\"700\" height=\"393\" \/><\/a><\/div>\n<\/div>\n<\/div>\n<p>&nbsp;<\/p>\n<div class=\"audios-desarrollo\">\n<div id=\"audio-1\"><audio src=\"https:\/\/www.radiosudamericana.com\/notix\/multimedia\/audios\/2025-05-07\/677463.mp3\" controls=\"controls\" data-mce-fragment=\"1\"><\/audio><\/div>\n<\/div>\n<div class=\"cuerpo\">\n<p>Radio Sudamericana pudo conocer que este viernes se concretar\u00eda una reuni\u00f3n entre la Uni\u00f3n C\u00edvica Radical y los dem\u00e1s partidos que integran \u201cVamos Corrientes\u201d. La idea de la convocatoria habr\u00eda surgido de Gustavo Vald\u00e9s, quien preside el radicalismo correntino.<\/p>\n<p>La intenci\u00f3n ser\u00eda confirmar qui\u00e9nes seguir\u00e1n integrando el armado pol\u00edtico oficialista, de cara a las elecciones de este a\u00f1o en las que Corrientes votar\u00e1 a su nuevo gobernador. Asimismo, no se descarta que se pueda conocer la fecha de las elecciones en esta provincia, que, se especula, ser\u00eda en el mes de agosto.<\/p>\n<p>Posteriormente al conocimiento de la fecha, se estima que se d\u00e9 a conocer el nombre del candidato a gobernador de \u201cVamos Corrientes\u201d.<\/p>\n<p>Radio Sudamericana<\/p>\n<\/div>\n<\/div>\n","protected":false},"excerpt":{"rendered":"<p>En su rol de presidente de la Uni\u00f3n C\u00edvica Radical, Gustavo Vald\u00e9s llamar\u00eda a los referentes que todav\u00eda forman parte de la alianza gobernante, que pasar\u00eda a llamarse Vamos Corrientes. la idea ser\u00eda definir qui\u00e9nes seguir\u00e1n en el armado pol\u00edtico y se estima que se podr\u00eda dar a conocer la fecha de elecciones. &nbsp; Radio [&hellip;]<\/p>\n","protected":false},"author":3,"featured_media":62873,"comment_status":"open","ping_status":"open","sticky":false,"template":"","format":"standard","meta":{"footnotes":""},"categories":[9],"tags":[],"class_list":["post-62872","post","type-post","status-publish","format-standard","has-post-thumbnail","hentry","category-politica"],"_links":{"self":[{"href":"https:\/\/informateesquina.com\/index.php?rest_route=\/wp\/v2\/posts\/62872","targetHints":{"allow":["GET"]}}],"collection":[{"href":"https:\/\/informateesquina.com\/index.php?rest_route=\/wp\/v2\/posts"}],"about":[{"href":"https:\/\/informateesquina.com\/index.php?rest_route=\/wp\/v2\/types\/post"}],"author":[{"embeddable":true,"href":"https:\/\/informateesquina.com\/index.php?rest_route=\/wp\/v2\/users\/3"}],"replies":[{"embeddable":true,"href":"https:\/\/informateesquina.com\/index.php?rest_route=%2Fwp%2Fv2%2Fcomments&post=62872"}],"version-history":[{"count":1,"href":"https:\/\/informateesquina.com\/index.php?rest_route=\/wp\/v2\/posts\/62872\/revisions"}],"predecessor-version":[{"id":62874,"href":"https:\/\/informateesquina.com\/index.php?rest_route=\/wp\/v2\/posts\/62872\/revisions\/62874"}],"wp:featuredmedia":[{"embeddable":true,"href":"https:\/\/informateesquina.com\/index.php?rest_route=\/wp\/v2\/media\/62873"}],"wp:attachment":[{"href":"https:\/\/informateesquina.com\/index.php?rest_route=%2Fwp%2Fv2%2Fmedia&parent=62872"}],"wp:term":[{"taxonomy":"category","embeddable":true,"href":"https:\/\/informateesquina.com\/index.php?rest_route=%2Fwp%2Fv2%2Fcategories&post=62872"},{"taxonomy":"post_tag","embeddable":true,"href":"https:\/\/informateesquina.com\/index.php?rest_route=%2Fwp%2Fv2%2Ftags&post=62872"}],"curies":[{"name":"wp","href":"https:\/\/api.w.org\/{rel}","templated":true}]}}