{"id":62875,"date":"2025-05-07T09:26:03","date_gmt":"2025-05-07T12:26:03","guid":{"rendered":"https:\/\/informateesquina.com\/?p=62875"},"modified":"2025-05-07T09:26:03","modified_gmt":"2025-05-07T12:26:03","slug":"el-senado-define-la-sancion-de-ficha-limpia-en-una-sesion-caliente-que-podria-cambiar-el-panorama-electoral","status":"publish","type":"post","link":"https:\/\/informateesquina.com\/?p=62875","title":{"rendered":"El Senado define la sanci\u00f3n de Ficha Limpia en una sesi\u00f3n caliente que podr\u00eda cambiar el panorama electoral"},"content":{"rendered":"<p>La iniciativa ser\u00e1 la \u00faltima a debatir. La reuni\u00f3n comenzar\u00e1 a las 11.30, siempre y cuando obtenga quorum, en medio de mensajes contradictorios desde el oficialismo. La candidatura de Cristina Kirchner, en el centro de la escena<\/p>\n<div class=\"social\">\n<div class=\"share\"><\/div>\n<\/div>\n<div class=\" original m_image\">\n<figure><picture><source srcset=\"https:\/\/www.radiodos.com.ar\/content\/bucket\/7\/258607w610h456c.jpg.webp\" type=\"image\/webp\" media=\"(min-width: 640px)\" \/><source srcset=\"https:\/\/www.radiodos.com.ar\/content\/bucket\/7\/258607w440h329c.jpg.webp\" type=\"image\/webp\" media=\"(min-width: 300px)\" \/><source srcset=\"https:\/\/www.radiodos.com.ar\/content\/bucket\/7\/258607w610h456c.jpg\" media=\"(min-width: 300px)\" \/><img loading=\"lazy\" decoding=\"async\" class=\"pic\" src=\"https:\/\/www.radiodos.com.ar\/content\/bucket\/7\/258607w610h456c.jpg.webp\" alt=\"\" width=\"610\" height=\"456\" \/><\/picture><\/figure>\n<\/div>\n<p>El Senado se apresta a debatir este mi\u00e9rcoles la sanci\u00f3n o no de la ley de Ficha Limpia, luego de semanas de incertidumbre y toxicidades varias que continuaron, hasta pasado el mediod\u00eda de ayer, para enrarecer el clima y poner en riesgo la definici\u00f3n de este tema.<\/p>\n<p>La reuni\u00f3n en el recinto comenzar\u00e1 a las 11.30 y tambi\u00e9n servir\u00e1, entre otras cosas, para aprobar a los embajadores argentinos en Estados Unidos (Alejandro Oxenford) y Espa\u00f1a (Wenceslao Bunge Saravia), y saldar la discusi\u00f3n sobre las autoridades de la C\u00e1mara alta, un objetivo m\u00e1ximo de la vicepresidenta y titular del Cuerpo, Victoria Villarruel.<\/p>\n<div class=\"google-auto-placed ap_container\">\n<p>&nbsp;<\/p>\n<div id=\"aswift_2_host\"><iframe loading=\"lazy\" id=\"aswift_2\" tabindex=\"0\" title=\"Advertisement\" src=\"https:\/\/googleads.g.doubleclick.net\/pagead\/ads?gdpr=0&amp;us_privacy=1---&amp;gpp_sid=-1&amp;client=ca-pub-8869367053780334&amp;output=html&amp;h=280&amp;adk=914659568&amp;adf=3923593005&amp;pi=t.aa~a.1320844859~i.3~rp.4&amp;w=770&amp;abgtt=6&amp;fwrn=4&amp;fwrnh=100&amp;lmt=1746620620&amp;num_ads=1&amp;rafmt=1&amp;armr=3&amp;sem=mc&amp;pwprc=2361948450&amp;ad_type=text_image&amp;format=770x280&amp;url=https%3A%2F%2Fwww.radiodos.com.ar%2F188989-el-senado-define-la-sancion-de-ficha-limpia-en-una-sesion-caliente-que-podria-cambiar-el-panorama-electoral&amp;fwr=0&amp;pra=3&amp;rh=193&amp;rw=770&amp;rpe=1&amp;resp_fmts=3&amp;wgl=1&amp;fa=27&amp;uach=WyJXaW5kb3dzIiwiMTAuMC4wIiwieDg2IiwiIiwiMTM1LjAuNzA0OS4xMTUiLG51bGwsMCxudWxsLCI2NCIsW1siR29vZ2xlIENocm9tZSIsIjEzNS4wLjcwNDkuMTE1Il0sWyJOb3QtQS5CcmFuZCIsIjguMC4wLjAiXSxbIkNocm9taXVtIiwiMTM1LjAuNzA0OS4xMTUiXV0sMF0.&amp;dt=1746620619931&amp;bpp=9&amp;bdt=1473&amp;idt=-M&amp;shv=r20250505&amp;mjsv=m202505050101&amp;ptt=9&amp;saldr=aa&amp;abxe=1&amp;cookie=ID%3D7559b2fe9b41e3ec%3AT%3D1740582264%3ART%3D1746620616%3AS%3DALNI_MYJ6n76_MRHfXub9et38mcDdCS4Vg&amp;gpic=UID%3D000010568d42d3c5%3AT%3D1740582264%3ART%3D1746620616%3AS%3DALNI_MYZidhdvPdQZ1hxsBooY8H-Iail2Q&amp;eo_id_str=ID%3D1b9dacd20b1b4ead%3AT%3D1740582264%3ART%3D1746620616%3AS%3DAA-Afja6LZX4ix0-eh77ZW-oRpRN&amp;prev_fmts=0x0%2C1354x641&amp;nras=3&amp;correlator=5773817934143&amp;frm=20&amp;pv=1&amp;u_tz=-180&amp;u_his=9&amp;u_h=768&amp;u_w=1366&amp;u_ah=728&amp;u_aw=1366&amp;u_cd=24&amp;u_sd=1&amp;dmc=4&amp;adx=167&amp;ady=1442&amp;biw=1354&amp;bih=641&amp;scr_x=0&amp;scr_y=0&amp;eid=31092113%2C95358863%2C95358865%2C31092192%2C95354564%2C95359239%2C31092248%2C42533294%2C95359120&amp;oid=2&amp;pvsid=6362336065463372&amp;tmod=1530304219&amp;uas=3&amp;nvt=1&amp;ref=https%3A%2F%2Fwww.radiodos.com.ar%2Fnotas%2Fpolitica%2F&amp;fc=1408&amp;brdim=0%2C0%2C0%2C0%2C1366%2C0%2C1366%2C728%2C1366%2C641&amp;vis=1&amp;rsz=%7C%7Cs%7C&amp;abl=NS&amp;fu=128&amp;bc=31&amp;bz=1&amp;td=1&amp;tdf=2&amp;psd=W251bGwsbnVsbCxudWxsLDNd&amp;nt=1&amp;pgls=CAA.&amp;ifi=3&amp;uci=a!3&amp;btvi=1&amp;fsb=1&amp;dtd=192\" name=\"aswift_2\" width=\"770\" height=\"280\" frameborder=\"0\" marginwidth=\"0\" marginheight=\"0\" scrolling=\"no\" sandbox=\"allow-forms allow-popups allow-popups-to-escape-sandbox allow-same-origin allow-scripts allow-top-navigation-by-user-activation\" data-google-container-id=\"a!3\" aria-label=\"Advertisement\" data-google-query-id=\"CNj1_eyskY0DFZdKuAQdVnAjqw\" data-load-complete=\"true\" data-mce-fragment=\"1\"><\/iframe><\/div>\n<p>&nbsp;<\/p>\n<\/div>\n<p>Ficha Limpia modifica las reglas de elegibilidad para los candidatos a cargos p\u00fablicos y bloquear\u00eda a quienes tengan una condena confirmada en segunda instancia relacionada con delitos contra la administraci\u00f3n p\u00fablica, como el caso de Cristina Kirchner.<\/p>\n<p>La sesi\u00f3n nunca estuvo en duda, tras la Labor Parlamentaria realizada semanas atr\u00e1s por los jefes de bloque junto a Villarruel, donde se fij\u00f3 un compromiso con r\u00fabricas oficialistas y de la oposici\u00f3n dialoguista. No obstante, la Casa Rosada tuvo una estrategia err\u00e1tica en los \u00faltimos tiempos, aunque logr\u00f3 dilatar el an\u00e1lisis de un proyecto m\u00e1s que masticado en Diputados y con un dictamen consolidado en el Senado.<\/p>\n<p>En la previa, La Libertad Avanza lleg\u00f3 al extremo de tener a funcionarios de primer nivel y las voluntades blindados para la ley, en paralelo a operadores que deslizaban todo lo contrario. Ser\u00e1 interesante ver los movimientos de las pr\u00f3ximas horas de usuales aliados provinciales que comprometieron el apoyo al texto en cuesti\u00f3n. Es por ello que los m\u00e1s experimentados en el Congreso, siempre atentos a este tipo de escenarios, no olvidan la importancia de tener quorum no s\u00f3lo para iniciar la sesi\u00f3n, sino tambi\u00e9n para el momento de votar Ficha Limpia.<\/p>\n<div class=\"google-auto-placed ap_container\">\n<p>&nbsp;<\/p>\n<div id=\"aswift_3_host\"><\/div>\n<p>&nbsp;<\/p>\n<\/div>\n<p>&#8220;Ser\u00eda un verdadero papel\u00f3n que ocurra algo en ese sentido. Digno de bajar la persiana&#8221;, manifest\u00f3 uno a Infobae. Otra senadora asegur\u00f3 a este medio: &#8220;Va a estar muy dif\u00edcil la sesi\u00f3n. El kirchnerismo adelant\u00f3, en Labor Parlamentaria, que va a pedir cuestiones de privilegios y preferencias por doquier. M\u00e1s las autoridades que no pudimos en febrero. Y Ficha Limpia es el \u00faltimo tema, sobre el que seguro alguien sugerir\u00e1 que vuelva a comisi\u00f3n. En este contexto, te dir\u00eda que habr\u00e1 que estar muy atentos desde el quorum y hasta el \u00faltimo minuto, por si alg\u00fan visionario solicita cambiar una iniciativa para que vuelva modificada o Diputados&#8221;.<\/p>\n<p>Vale recordar que, al ser una normativa electoral, Ficha Limpia requiere una mayor\u00eda absoluta de votos. Es decir, 37. Si uno contara al oficialismo y a la totalidad de la oposici\u00f3n dialoguista -PRO, UCR, misioneros renovadores, silvestres santacruce\u00f1os y la bancada aliada Provincias Unidas, entre otros-, se llega a 38, versus 34 en contra del kirchnerismo. Por ende, un panorama m\u00e1s que tenso de cara a las pr\u00f3ximas horas. Y, en el medio, los zigzagueos de un Gobierno sobre el que algunos legisladores -que acompa\u00f1an al Ejecutivo- no descartan una nueva sorpresa.<\/p>\n<p>Por supuesto que, si las cosas salen bien, la Casa Rosada retomar\u00e1 el discurso de haber sido, luego de bloqueos llamativos, el autor intelectual y pol\u00edtico de Ficha Limpia, con un PRO m\u00e1s preocupado por el copyright de un texto que promociona hace a\u00f1os. Con esos supuestos se convive en la C\u00e1mara alta. No s\u00f3lo con este tema.<\/p>\n<p>En cuanto a las autoridades, Villarruel precisa con urgencia la luz verde de su nuevo secretario administrativo, Emilio Viramonte, que de lograrlo manejar\u00e1 la caja -y el coraz\u00f3n- del Senado. El por ahora asesor cordob\u00e9s tiene que resolver cuestiones -algunas, sensibles- que se acumulan no s\u00f3lo de los propios legisladores, sino tambi\u00e9n de los empleados del Congreso.<\/p>\n<p>Dos \u00edtems sumaron preocupaci\u00f3n. Uno de ellos es un grave inconveniente por retenciones en el impuesto a las Ganancias, debido a una medida cautelar. Tuvo que intervenir el renovado departamento de Recursos Humanos, con una recomendaci\u00f3n para &#8220;administrar los ingresos&#8221;, en caso de &#8220;ajustes retroactivos&#8221;. Esto hizo estallar en furia a varios agentes. En tanto, el segundo es un proyecto de resoluci\u00f3n que el kirchnerismo present\u00f3 anoche para que Villarruel realice &#8220;todos los esfuerzos&#8221; para &#8220;que los trabajadores y trabajadoras de esta C\u00e1mara recuperen el nivel salarial&#8221;.<\/p>\n<p>&nbsp;<\/p>\n<div id=\"google_ads_iframe_\/21749796353\/Leaderboard_1_0__container__\"><\/div>\n<p>&nbsp;<\/p>\n<p>Algunos de los que empujan esto recibieron, d\u00edas atr\u00e1s, un petitorio que circul\u00f3 por varios despachos, en el que se resumen diferentes complejidades de los \u00faltimos meses en la C\u00e1mara alta, que se agregan a lo salarial. La iniciativa del Frente de Todos no hace m\u00e1s que exponer -aunque el objetivo era proteger- al principal mandam\u00e1s gremial del Congreso, Norberto Di Pr\u00f3spero, de APL. Tras un per\u00edodo largo de silencio ante la gesti\u00f3n libertaria -las cr\u00edticas nunca son contra Mart\u00edn Menem, el presidente de Diputados-, la maquinaria sindical se asoma.<\/p>\n<p>Lo distintivo del flamante pedido es que si la paritaria reabriera -algo m\u00e1s que l\u00f3gico, a esta altura-, los senadores se ver\u00e1n beneficiados por tener sus dietas atadas a ello. Es lo que La Libertad de Avanza intent\u00f3 filtrar, en modo desesperado, para poner una nube gris encima de la sesi\u00f3n. En Labor Parlamentaria de ayer, no se oy\u00f3 una sola palabra de esto. As\u00ed se ir\u00e1 a definir Ficha Limpia.<\/p>\n<p>Ante un potencial resultado desfavorable, el Frente de Todos agit\u00f3 resoluciones para impulsar la interpelaci\u00f3n de la secretaria general de Presidencia, Karina Milei; y del ministro de Econom\u00eda, Luis Caputo. A la primera, por el caso $LIBRA; al segundo, por cuestiones presupuestarias.<\/p>\n<div class=\"temas floatFix\">Radio Dos<\/div>\n","protected":false},"excerpt":{"rendered":"<p>La iniciativa ser\u00e1 la \u00faltima a debatir. La reuni\u00f3n comenzar\u00e1 a las 11.30, siempre y cuando obtenga quorum, en medio de mensajes contradictorios desde el oficialismo. La candidatura de Cristina Kirchner, en el centro de la escena El Senado se apresta a debatir este mi\u00e9rcoles la sanci\u00f3n o no de la ley de Ficha Limpia, [&hellip;]<\/p>\n","protected":false},"author":3,"featured_media":62876,"comment_status":"open","ping_status":"open","sticky":false,"template":"","format":"standard","meta":{"footnotes":""},"categories":[9],"tags":[],"class_list":["post-62875","post","type-post","status-publish","format-standard","has-post-thumbnail","hentry","category-politica"],"_links":{"self":[{"href":"https:\/\/informateesquina.com\/index.php?rest_route=\/wp\/v2\/posts\/62875","targetHints":{"allow":["GET"]}}],"collection":[{"href":"https:\/\/informateesquina.com\/index.php?rest_route=\/wp\/v2\/posts"}],"about":[{"href":"https:\/\/informateesquina.com\/index.php?rest_route=\/wp\/v2\/types\/post"}],"author":[{"embeddable":true,"href":"https:\/\/informateesquina.com\/index.php?rest_route=\/wp\/v2\/users\/3"}],"replies":[{"embeddable":true,"href":"https:\/\/informateesquina.com\/index.php?rest_route=%2Fwp%2Fv2%2Fcomments&post=62875"}],"version-history":[{"count":1,"href":"https:\/\/informateesquina.com\/index.php?rest_route=\/wp\/v2\/posts\/62875\/revisions"}],"predecessor-version":[{"id":62877,"href":"https:\/\/informateesquina.com\/index.php?rest_route=\/wp\/v2\/posts\/62875\/revisions\/62877"}],"wp:featuredmedia":[{"embeddable":true,"href":"https:\/\/informateesquina.com\/index.php?rest_route=\/wp\/v2\/media\/62876"}],"wp:attachment":[{"href":"https:\/\/informateesquina.com\/index.php?rest_route=%2Fwp%2Fv2%2Fmedia&parent=62875"}],"wp:term":[{"taxonomy":"category","embeddable":true,"href":"https:\/\/informateesquina.com\/index.php?rest_route=%2Fwp%2Fv2%2Fcategories&post=62875"},{"taxonomy":"post_tag","embeddable":true,"href":"https:\/\/informateesquina.com\/index.php?rest_route=%2Fwp%2Fv2%2Ftags&post=62875"}],"curies":[{"name":"wp","href":"https:\/\/api.w.org\/{rel}","templated":true}]}}