{"id":62878,"date":"2025-05-07T09:29:27","date_gmt":"2025-05-07T12:29:27","guid":{"rendered":"https:\/\/informateesquina.com\/?p=62878"},"modified":"2025-05-07T09:29:41","modified_gmt":"2025-05-07T12:29:41","slug":"persiste-el-alerta-por-tormentas-para-capital-y-varias-localidades","status":"publish","type":"post","link":"https:\/\/informateesquina.com\/?p=62878","title":{"rendered":"Persiste el alerta por tormentas para Capital y varias localidades"},"content":{"rendered":"<div>\n<p class=\"copete\">El Servicio Meteorol\u00f3gico Nacional inform\u00f3 sobre alertas amarilla por tormentas fuertes para Capital y varias localidades del interior de la provincia de Corrientes, durante la jornada de este mi\u00e9rcoles.<\/p>\n<div class=\"fotos-y-videos\">\n<div class=\"tab-content\">\n<div id=\"fotos\" class=\"tab-pane fade in active\" role=\"tabpanel\"><a class=\"fotos-desarrollo unlink\" title=\"Persiste el alerta por tormentas para Capital y varias localidades\" href=\"https:\/\/www.radiosudamericana.com\/notix\/multimedia\/imagenes\/fotos\/2025-05-07\/946953.jpg\"><img loading=\"lazy\" decoding=\"async\" class=\"img-responsive lazyload center-block\" src=\"https:\/\/www.radiosudamericana.com\/notix\/multimedia\/imagenes\/fotos\/2025-05-07\/946953.jpg_nota.jpg\" alt=\"Persiste el alerta por tormentas para Capital y varias localidades\" width=\"700\" height=\"540\" \/><\/a><\/div>\n<\/div>\n<\/div>\n<p>&nbsp;<\/p>\n<div class=\"cuerpo\">\n<p>Seg\u00fan el organismo, las localidades bajo alerta amarilla ser\u00e1n afectadas por lluvias y tormentas, algunas localmente fuertes. Se espera que las mismas est\u00e9n acompa\u00f1adas por actividad el\u00e9ctrica, ocasional ca\u00edda de granizo, r\u00e1fagas y fundamentalmente abundante ca\u00edda de agua en cortos periodos.<\/p>\n<p>Se esperan valores de precipitaci\u00f3n acumulada entre 30 y 60 mm, pudiendo ser superados de manera puntual, especialmente en la regi\u00f3n del litoral, donde los valores acumulados pueden alcanzar los 80 mm.<\/p>\n<p>&nbsp;<\/p>\n<p><a class=\"fotos-desarrollo unlink\" title=\"Persiste el alerta por tormentas para Capital y varias localidades\" href=\"https:\/\/www.radiosudamericana.com\/notix\/multimedia\/imagenes\/fotos\/2025-05-07\/175657.jpg\"><img decoding=\"async\" class=\"img-responsive\" src=\"https:\/\/www.radiosudamericana.com\/notix\/multimedia\/imagenes\/fotos\/2025-05-07\/175657.jpg_nota.jpg\" \/><\/a><\/p>\n<p>&nbsp;<\/p>\n<p>&nbsp;<\/p>\n<p>&nbsp;<\/p>\n<p>LOCALIDADES AFECTADAS:\u00a0<strong>Ber\u00f3n de Astrada &#8211; Capital &#8211; Empedrado &#8211; General Paz &#8211; Itat\u00ed &#8211; Mburucuy\u00e1 &#8211; Saladas &#8211; San Cosme &#8211; San Luis del Palmar &#8211;\u00a0\u00a0Ituzaing\u00f3 &#8211; San Miguel.<\/strong><\/p>\n<p>&nbsp;<\/p>\n<p><a class=\"fotos-desarrollo unlink\" title=\"Persiste el alerta por tormentas para Capital y varias localidades\" href=\"https:\/\/www.radiosudamericana.com\/notix\/multimedia\/imagenes\/fotos\/2025-05-07\/655501.jpg\"><img decoding=\"async\" class=\"img-responsive\" src=\"https:\/\/www.radiosudamericana.com\/notix\/multimedia\/imagenes\/fotos\/2025-05-07\/655501.jpg_nota.jpg\" \/><\/a><\/p>\n<p>&nbsp;<\/p>\n<div id=\"leermas\"><\/div>\n<p>&nbsp;<\/p>\n<p>&nbsp;<\/p>\n<p>&nbsp;<\/p>\n<h2><strong>RECOMENDACIONES<\/strong><\/h2>\n<p>Amarillo:<\/p>\n<p>1- No retirar la base. Retire los objetos que impidan que el agua se oscurezca.<\/p>\n<p>2- Evita las actividades al aire libre.<\/p>\n<p>3- No te refugies cerca de \u00e1rboles y postes de electricidad que puedan caer.<\/p>\n<p>4- Para minimizar el riesgo de ser alcanzado por un rayo, no permanecer en playas, r\u00edos, lagunas o montones.<\/p>\n<p>5- Presta atenci\u00f3n a posible granizo.<\/p>\n<p>6- Informar a las autoridades. Siempre tienes una mochila de emergencia con linterna, radio, documentos y tel\u00e9fono.<\/p>\n<p>Radio Sudamericana<\/p>\n<\/div>\n<\/div>\n","protected":false},"excerpt":{"rendered":"<p>El Servicio Meteorol\u00f3gico Nacional inform\u00f3 sobre alertas amarilla por tormentas fuertes para Capital y varias localidades del interior de la provincia de Corrientes, durante la jornada de este mi\u00e9rcoles. &nbsp; Seg\u00fan el organismo, las localidades bajo alerta amarilla ser\u00e1n afectadas por lluvias y tormentas, algunas localmente fuertes. Se espera que las mismas est\u00e9n acompa\u00f1adas por [&hellip;]<\/p>\n","protected":false},"author":3,"featured_media":62881,"comment_status":"open","ping_status":"open","sticky":false,"template":"","format":"standard","meta":{"footnotes":""},"categories":[11],"tags":[],"class_list":["post-62878","post","type-post","status-publish","format-standard","has-post-thumbnail","hentry","category-sociedad"],"_links":{"self":[{"href":"https:\/\/informateesquina.com\/index.php?rest_route=\/wp\/v2\/posts\/62878","targetHints":{"allow":["GET"]}}],"collection":[{"href":"https:\/\/informateesquina.com\/index.php?rest_route=\/wp\/v2\/posts"}],"about":[{"href":"https:\/\/informateesquina.com\/index.php?rest_route=\/wp\/v2\/types\/post"}],"author":[{"embeddable":true,"href":"https:\/\/informateesquina.com\/index.php?rest_route=\/wp\/v2\/users\/3"}],"replies":[{"embeddable":true,"href":"https:\/\/informateesquina.com\/index.php?rest_route=%2Fwp%2Fv2%2Fcomments&post=62878"}],"version-history":[{"count":2,"href":"https:\/\/informateesquina.com\/index.php?rest_route=\/wp\/v2\/posts\/62878\/revisions"}],"predecessor-version":[{"id":62883,"href":"https:\/\/informateesquina.com\/index.php?rest_route=\/wp\/v2\/posts\/62878\/revisions\/62883"}],"wp:featuredmedia":[{"embeddable":true,"href":"https:\/\/informateesquina.com\/index.php?rest_route=\/wp\/v2\/media\/62881"}],"wp:attachment":[{"href":"https:\/\/informateesquina.com\/index.php?rest_route=%2Fwp%2Fv2%2Fmedia&parent=62878"}],"wp:term":[{"taxonomy":"category","embeddable":true,"href":"https:\/\/informateesquina.com\/index.php?rest_route=%2Fwp%2Fv2%2Fcategories&post=62878"},{"taxonomy":"post_tag","embeddable":true,"href":"https:\/\/informateesquina.com\/index.php?rest_route=%2Fwp%2Fv2%2Ftags&post=62878"}],"curies":[{"name":"wp","href":"https:\/\/api.w.org\/{rel}","templated":true}]}}