{"id":62884,"date":"2025-05-07T12:05:58","date_gmt":"2025-05-07T15:05:58","guid":{"rendered":"https:\/\/informateesquina.com\/?p=62884"},"modified":"2025-05-07T12:05:58","modified_gmt":"2025-05-07T15:05:58","slug":"gustavo-valdes-inauguro-la-central-termica-san-alonso-en-virasoro","status":"publish","type":"post","link":"https:\/\/informateesquina.com\/?p=62884","title":{"rendered":"Gustavo Vald\u00e9s inaugur\u00f3 la Central T\u00e9rmica &#8220;San Alonso&#8221; en Virasoro"},"content":{"rendered":"<div>\n<p class=\"copete\">El gobernador Gustavo Vald\u00e9s encabez\u00f3 este mi\u00e9rcoles\u00a0el acto de inauguraci\u00f3n de la nueva\u00a0Central T\u00e9rmica \u201cSan Alonso\u201d\u00a0ubicada en las instalaciones de FRESA, sobre la ruta Nacional N\u00b014, km 759 en la localidad de Virasoro.<\/p>\n<div class=\"fotos-y-videos\">\n<div class=\"tab-content\">\n<div id=\"fotos\" class=\"tab-pane fade in active\" role=\"tabpanel\"><a class=\"fotos-desarrollo unlink\" title=\"Gustavo Vald\u00e9s inaugur\u00f3 la Central T\u00e9rmica San Alonso en Virasoro\" href=\"https:\/\/www.radiosudamericana.com\/notix\/multimedia\/imagenes\/fotos\/2025-05-07\/390107.jpg\"><img loading=\"lazy\" decoding=\"async\" class=\"img-responsive lazyload center-block\" src=\"https:\/\/www.radiosudamericana.com\/notix\/multimedia\/imagenes\/fotos\/2025-05-07\/390107.jpg_nota.jpg\" alt=\"Gustavo Vald\u00e9s inaugur\u00f3 la Central T\u00e9rmica San Alonso en Virasoro\" width=\"700\" height=\"582\" \/><\/a><\/div>\n<\/div>\n<\/div>\n<p>&nbsp;<\/p>\n<div class=\"cuerpo\">\n<p>Durante su alocuci\u00f3n el gobernador Gustavo Vald\u00e9s destac\u00f3 \u201cen el a\u00f1o 2025 podemos decir que Corrientes es la provincia que m\u00e1s energ\u00eda limpia genera en la Rep\u00fablica Argentina\u201d.<\/p>\n<p>A su vez dijo \u201cnosotros hemos puesto de nuestra parte, hemos asumido compromisos de desarrollo concreto e inversiones del Gobierno de la provincia, para poder conectar la estaci\u00f3n trasformadora se ha invertido el equivalente de 5 millones de d\u00f3lares\u201d.<\/p>\n<p>&nbsp;<\/p>\n<div id=\"embeds\" class=\"inser center-block\"><iframe loading=\"lazy\" title=\"Inauguraci\u00c3\u00b3n de la Central T\u00c3\u00a9rmica &quot;San Alonso&quot;.\" src=\"https:\/\/www.youtube.com\/embed\/7LAtgGSqLAU\" width=\"640\" height=\"400\" frameborder=\"0\" allowfullscreen=\"allowfullscreen\" data-mce-fragment=\"1\"><\/iframe><\/div>\n<p>&nbsp;<\/p>\n<p>\u201cMuchas veces no se ve pero la sin versiones est\u00e1n para lograr resultados y esto es un paso adelante, Corrientes tiene que seguir creciendo. Tenemos que animarnos a seguir haciendo inversiones, tenemos que seguir convocando a empresarios de talla, a Corrientes todav\u00eda le falta mucho y tenemos que seguir trabajando\u201d, argument\u00f3<\/p>\n<p>En este sentido indic\u00f3 \u201cno hay \u00e9xito si no tenemos si no tenemos decisi\u00f3n y la voluntad de salir adelante y eso es lo que estamos haciendo la provincia de Corrientes\u201d<\/p>\n<p>Radio Sudamericana<\/p>\n<\/div>\n<\/div>\n<p>&nbsp;<\/p>\n","protected":false},"excerpt":{"rendered":"<p>El gobernador Gustavo Vald\u00e9s encabez\u00f3 este mi\u00e9rcoles\u00a0el acto de inauguraci\u00f3n de la nueva\u00a0Central T\u00e9rmica \u201cSan Alonso\u201d\u00a0ubicada en las instalaciones de FRESA, sobre la ruta Nacional N\u00b014, km 759 en la localidad de Virasoro. &nbsp; Durante su alocuci\u00f3n el gobernador Gustavo Vald\u00e9s destac\u00f3 \u201cen el a\u00f1o 2025 podemos decir que Corrientes es la provincia que m\u00e1s [&hellip;]<\/p>\n","protected":false},"author":3,"featured_media":62885,"comment_status":"open","ping_status":"open","sticky":false,"template":"","format":"standard","meta":{"footnotes":""},"categories":[9],"tags":[],"class_list":["post-62884","post","type-post","status-publish","format-standard","has-post-thumbnail","hentry","category-politica"],"_links":{"self":[{"href":"https:\/\/informateesquina.com\/index.php?rest_route=\/wp\/v2\/posts\/62884","targetHints":{"allow":["GET"]}}],"collection":[{"href":"https:\/\/informateesquina.com\/index.php?rest_route=\/wp\/v2\/posts"}],"about":[{"href":"https:\/\/informateesquina.com\/index.php?rest_route=\/wp\/v2\/types\/post"}],"author":[{"embeddable":true,"href":"https:\/\/informateesquina.com\/index.php?rest_route=\/wp\/v2\/users\/3"}],"replies":[{"embeddable":true,"href":"https:\/\/informateesquina.com\/index.php?rest_route=%2Fwp%2Fv2%2Fcomments&post=62884"}],"version-history":[{"count":1,"href":"https:\/\/informateesquina.com\/index.php?rest_route=\/wp\/v2\/posts\/62884\/revisions"}],"predecessor-version":[{"id":62886,"href":"https:\/\/informateesquina.com\/index.php?rest_route=\/wp\/v2\/posts\/62884\/revisions\/62886"}],"wp:featuredmedia":[{"embeddable":true,"href":"https:\/\/informateesquina.com\/index.php?rest_route=\/wp\/v2\/media\/62885"}],"wp:attachment":[{"href":"https:\/\/informateesquina.com\/index.php?rest_route=%2Fwp%2Fv2%2Fmedia&parent=62884"}],"wp:term":[{"taxonomy":"category","embeddable":true,"href":"https:\/\/informateesquina.com\/index.php?rest_route=%2Fwp%2Fv2%2Fcategories&post=62884"},{"taxonomy":"post_tag","embeddable":true,"href":"https:\/\/informateesquina.com\/index.php?rest_route=%2Fwp%2Fv2%2Ftags&post=62884"}],"curies":[{"name":"wp","href":"https:\/\/api.w.org\/{rel}","templated":true}]}}