{"id":62887,"date":"2025-05-07T13:27:57","date_gmt":"2025-05-07T16:27:57","guid":{"rendered":"https:\/\/informateesquina.com\/?p=62887"},"modified":"2025-05-07T13:27:57","modified_gmt":"2025-05-07T16:27:57","slug":"murio-julio-marticorena-actor-de-division-palermo-y-casados-con-hijos","status":"publish","type":"post","link":"https:\/\/informateesquina.com\/?p=62887","title":{"rendered":"Muri\u00f3 Julio Marticorena, actor de &#8220;Divisi\u00f3n Palermo&#8221; y &#8220;Casados con hijos&#8221;"},"content":{"rendered":"<div>\n<p class=\"copete\">Ten\u00eda 84 a\u00f1os y una extensa trayectoria en teatro, cine y televisi\u00f3n. La Asociaci\u00f3n Argentina de Actores confirm\u00f3 su fallecimiento este martes.<\/p>\n<div class=\"fotos-y-videos\">\n<div class=\"tab-content\">\n<div id=\"fotos\" class=\"tab-pane fade in active\" role=\"tabpanel\"><a class=\"fotos-desarrollo unlink\" title=\"Muri\u00f3 Julio Marticorena, actor de Divisi\u00f3n Palermo y Casados con hijos\" href=\"https:\/\/www.radiosudamericana.com\/notix\/multimedia\/imagenes\/fotos\/2025-05-07\/343665.jpg\"><img loading=\"lazy\" decoding=\"async\" class=\"img-responsive lazyload center-block\" src=\"https:\/\/www.radiosudamericana.com\/notix\/multimedia\/imagenes\/fotos\/2025-05-07\/343665.jpg_nota.jpg\" alt=\"Muri\u00f3 Julio Marticorena, actor de Divisi\u00f3n Palermo y Casados con hijos\" width=\"700\" height=\"367\" \/><\/a><\/div>\n<\/div>\n<\/div>\n<p>&nbsp;<\/p>\n<div class=\"cuerpo\">\n<p>Julio Marticorena, reconocido actor argentino con m\u00e1s de cinco d\u00e9cadas de trayectoria art\u00edstica, falleci\u00f3 este martes a los 84 a\u00f1os. La noticia fue confirmada por la Asociaci\u00f3n Argentina de Actores a trav\u00e9s de un comunicado difundido en redes sociales.<\/p>\n<p>&nbsp;<\/p>\n<div id=\"leermas\"><\/div>\n<p>&nbsp;<\/p>\n<p><em><strong>\u201cDespedimos a nuestro afiliado, el actor Julio Marticorena, quien desarroll\u00f3 una extensa y destacada trayectoria en teatro, cine y televisi\u00f3n. Hacemos llegar nuestras condolencias a sus seres queridos en este doloroso momento\u201d<\/strong><\/em>, expresaron desde el sindicato.<\/p>\n<p><a class=\"fotos-desarrollo unlink\" title=\"Muri\u00f3 Julio Marticorena, actor de Divisi\u00f3n Palermo y Casados con hijos\" href=\"https:\/\/www.radiosudamericana.com\/notix\/multimedia\/imagenes\/fotos\/2025-05-07\/286569.jpg\"><img decoding=\"async\" class=\"img-responsive\" src=\"https:\/\/www.radiosudamericana.com\/notix\/multimedia\/imagenes\/fotos\/2025-05-07\/286569.jpg_nota.jpg\" \/><\/a><\/p>\n<p>Marticorena particip\u00f3 en m\u00e1s de cincuenta producciones televisivas, entre ellas Casados con hijos y Divisi\u00f3n Palermo, siendo esta \u00faltima una de sus actuaciones m\u00e1s recientes. Santiago Korovsky, creador y protagonista de la exitosa serie de Netflix, lo despidi\u00f3 con un emotivo mensaje:\u00a0<strong><em>\u201cGenio. Te vamos a extra\u00f1ar\u201d<\/em><\/strong>, escribi\u00f3 en sus redes junto a una imagen del actor y un emoji de coraz\u00f3n celeste.<\/p>\n<p><a class=\"fotos-desarrollo unlink\" title=\"Muri\u00f3 Julio Marticorena, actor de Divisi\u00f3n Palermo y Casados con hijos\" href=\"https:\/\/www.radiosudamericana.com\/notix\/multimedia\/imagenes\/fotos\/2025-05-07\/193287.jpg\"><img decoding=\"async\" class=\"img-responsive\" src=\"https:\/\/www.radiosudamericana.com\/notix\/multimedia\/imagenes\/fotos\/2025-05-07\/193287.jpg_nota.jpg\" \/><\/a><\/p>\n<p>Nacido el 7 de julio de 1941, Marticorena se form\u00f3 en actuaci\u00f3n con H\u00e9ctor Malamud, Beatriz Matar y Daniel Marcove. En teatro, fue parte de obras como Esta noche, no, Una noche con Magnus, La pasi\u00f3n de Toto, Los veraneantes, Infancia y exilio y Tribunal de mujeres, entre muchas otras.<\/p>\n<p><a class=\"fotos-desarrollo unlink\" title=\"Muri\u00f3 Julio Marticorena, actor de Divisi\u00f3n Palermo y Casados con hijos\" href=\"https:\/\/www.radiosudamericana.com\/notix\/multimedia\/imagenes\/fotos\/2025-05-07\/870752.jpg\"><img decoding=\"async\" class=\"img-responsive\" src=\"https:\/\/www.radiosudamericana.com\/notix\/multimedia\/imagenes\/fotos\/2025-05-07\/870752.jpg_nota.jpg\" \/><\/a><\/p>\n<p>Su carrera cinematogr\u00e1fica incluy\u00f3 papeles en pel\u00edculas como Tango (de Carlos Saura), Plaza de almas, La mala vida, El t\u00fanel de los huesos, Mi obra maestra, Cien a\u00f1os de perd\u00f3n, La vieja de atr\u00e1s y Puerta de hierro, entre otros t\u00edtulos.<\/p>\n<p>Radio Sudamericana<\/p>\n<\/div>\n<\/div>\n","protected":false},"excerpt":{"rendered":"<p>Ten\u00eda 84 a\u00f1os y una extensa trayectoria en teatro, cine y televisi\u00f3n. La Asociaci\u00f3n Argentina de Actores confirm\u00f3 su fallecimiento este martes. &nbsp; Julio Marticorena, reconocido actor argentino con m\u00e1s de cinco d\u00e9cadas de trayectoria art\u00edstica, falleci\u00f3 este martes a los 84 a\u00f1os. La noticia fue confirmada por la Asociaci\u00f3n Argentina de Actores a trav\u00e9s [&hellip;]<\/p>\n","protected":false},"author":3,"featured_media":62888,"comment_status":"open","ping_status":"open","sticky":false,"template":"","format":"standard","meta":{"footnotes":""},"categories":[4],"tags":[],"class_list":["post-62887","post","type-post","status-publish","format-standard","has-post-thumbnail","hentry","category-espectaculos"],"_links":{"self":[{"href":"https:\/\/informateesquina.com\/index.php?rest_route=\/wp\/v2\/posts\/62887","targetHints":{"allow":["GET"]}}],"collection":[{"href":"https:\/\/informateesquina.com\/index.php?rest_route=\/wp\/v2\/posts"}],"about":[{"href":"https:\/\/informateesquina.com\/index.php?rest_route=\/wp\/v2\/types\/post"}],"author":[{"embeddable":true,"href":"https:\/\/informateesquina.com\/index.php?rest_route=\/wp\/v2\/users\/3"}],"replies":[{"embeddable":true,"href":"https:\/\/informateesquina.com\/index.php?rest_route=%2Fwp%2Fv2%2Fcomments&post=62887"}],"version-history":[{"count":1,"href":"https:\/\/informateesquina.com\/index.php?rest_route=\/wp\/v2\/posts\/62887\/revisions"}],"predecessor-version":[{"id":62889,"href":"https:\/\/informateesquina.com\/index.php?rest_route=\/wp\/v2\/posts\/62887\/revisions\/62889"}],"wp:featuredmedia":[{"embeddable":true,"href":"https:\/\/informateesquina.com\/index.php?rest_route=\/wp\/v2\/media\/62888"}],"wp:attachment":[{"href":"https:\/\/informateesquina.com\/index.php?rest_route=%2Fwp%2Fv2%2Fmedia&parent=62887"}],"wp:term":[{"taxonomy":"category","embeddable":true,"href":"https:\/\/informateesquina.com\/index.php?rest_route=%2Fwp%2Fv2%2Fcategories&post=62887"},{"taxonomy":"post_tag","embeddable":true,"href":"https:\/\/informateesquina.com\/index.php?rest_route=%2Fwp%2Fv2%2Ftags&post=62887"}],"curies":[{"name":"wp","href":"https:\/\/api.w.org\/{rel}","templated":true}]}}