{"id":62890,"date":"2025-05-07T17:18:13","date_gmt":"2025-05-07T20:18:13","guid":{"rendered":"https:\/\/informateesquina.com\/?p=62890"},"modified":"2025-05-07T17:18:13","modified_gmt":"2025-05-07T20:18:13","slug":"el-oficialismo-alcanzo-el-quorum-y-arranco-la-sesion-por-ficha-limpia","status":"publish","type":"post","link":"https:\/\/informateesquina.com\/?p=62890","title":{"rendered":"El oficialismo alcanz\u00f3 el qu\u00f3rum y arranc\u00f3 la sesi\u00f3n por Ficha Limpia"},"content":{"rendered":"<div>\n<p class=\"copete\">El proyecto inhabilita a candidatearse a una elecci\u00f3n a quienes tengan una condena en segunda instancia.\u00a0\u00a0El proyecto obtuvo la\u00a0mayor\u00eda\u00a0en Diputados.<\/p>\n<div class=\"fotos-y-videos\">\n<div class=\"tab-content\">\n<div id=\"fotos\" class=\"tab-pane fade in active\" role=\"tabpanel\"><a class=\"fotos-desarrollo unlink\" title=\"El oficialismo alcanz\u00f3 el qu\u00f3rum y arranc\u00f3 la sesi\u00f3n por Ficha Limpia\" href=\"https:\/\/www.radiosudamericana.com\/notix\/multimedia\/imagenes\/fotos\/2025-05-07\/312041.png\"><img loading=\"lazy\" decoding=\"async\" class=\"img-responsive lazyload center-block\" src=\"https:\/\/www.radiosudamericana.com\/notix\/multimedia\/imagenes\/fotos\/2025-05-07\/312041.png_nota.png\" alt=\"El oficialismo alcanz\u00f3 el qu\u00f3rum y arranc\u00f3 la sesi\u00f3n por Ficha Limpia\" width=\"700\" height=\"466\" \/><\/a><\/div>\n<\/div>\n<\/div>\n<p>&nbsp;<\/p>\n<div class=\"cuerpo\">\n<p>El\u00a0Senado\u00a0debate este mi\u00e9rcoles el proyecto\u00a0Ficha Limpia\u00a0que impulsa el Gobierno de\u00a0Javier Milei. De convertirse en ley, evitar\u00eda que quienes tengan condena confirmada en segunda instancia relacionada con\u00a0<strong>delitos contra la administraci\u00f3n p\u00fablica no puedan acceder a cargos p\u00fablicos.<\/strong><\/p>\n<p>El bloque de Uni\u00f3n por la Patria adelant\u00f3 que votar\u00e1 en contra y denuncia que la norma busca &#8220;proscribir&#8221; a\u00a0Cristina Kirchner. Una postura que fue respaldada a trav\u00e9s de un comunicado del Partido Justicialista.<\/p>\n<p>La previa de la sesi\u00f3n convocada para tratar Ficha Limpia, un proyecto que puede trabar una candidatura nacional de Cristina Kirchner, el peronismo impuls\u00f3 un pedido de interpelaci\u00f3n de la hermana del Presidente y secretaria general de la Presidencia, Karina Milei, y del ministro de Econom\u00eda, Luis &#8220;Toto&#8221; Caputo, por el esc\u00e1ndalo de $LIBRA.<\/p>\n<p>&nbsp;<\/p>\n<p>&nbsp;<\/p>\n<p>El Senado de la Naci\u00f3n dio qu\u00f3rum, sin la presencia del bloque de Uni\u00f3n por la Patria, y los legisladores comenzaron el tratamiento del proyecto<\/p>\n<p>Radio Sudamericana<\/p>\n<\/div>\n<\/div>\n","protected":false},"excerpt":{"rendered":"<p>El proyecto inhabilita a candidatearse a una elecci\u00f3n a quienes tengan una condena en segunda instancia.\u00a0\u00a0El proyecto obtuvo la\u00a0mayor\u00eda\u00a0en Diputados. &nbsp; El\u00a0Senado\u00a0debate este mi\u00e9rcoles el proyecto\u00a0Ficha Limpia\u00a0que impulsa el Gobierno de\u00a0Javier Milei. De convertirse en ley, evitar\u00eda que quienes tengan condena confirmada en segunda instancia relacionada con\u00a0delitos contra la administraci\u00f3n p\u00fablica no puedan acceder a [&hellip;]<\/p>\n","protected":false},"author":3,"featured_media":62891,"comment_status":"open","ping_status":"open","sticky":false,"template":"","format":"standard","meta":{"footnotes":""},"categories":[9],"tags":[],"class_list":["post-62890","post","type-post","status-publish","format-standard","has-post-thumbnail","hentry","category-politica"],"_links":{"self":[{"href":"https:\/\/informateesquina.com\/index.php?rest_route=\/wp\/v2\/posts\/62890","targetHints":{"allow":["GET"]}}],"collection":[{"href":"https:\/\/informateesquina.com\/index.php?rest_route=\/wp\/v2\/posts"}],"about":[{"href":"https:\/\/informateesquina.com\/index.php?rest_route=\/wp\/v2\/types\/post"}],"author":[{"embeddable":true,"href":"https:\/\/informateesquina.com\/index.php?rest_route=\/wp\/v2\/users\/3"}],"replies":[{"embeddable":true,"href":"https:\/\/informateesquina.com\/index.php?rest_route=%2Fwp%2Fv2%2Fcomments&post=62890"}],"version-history":[{"count":1,"href":"https:\/\/informateesquina.com\/index.php?rest_route=\/wp\/v2\/posts\/62890\/revisions"}],"predecessor-version":[{"id":62892,"href":"https:\/\/informateesquina.com\/index.php?rest_route=\/wp\/v2\/posts\/62890\/revisions\/62892"}],"wp:featuredmedia":[{"embeddable":true,"href":"https:\/\/informateesquina.com\/index.php?rest_route=\/wp\/v2\/media\/62891"}],"wp:attachment":[{"href":"https:\/\/informateesquina.com\/index.php?rest_route=%2Fwp%2Fv2%2Fmedia&parent=62890"}],"wp:term":[{"taxonomy":"category","embeddable":true,"href":"https:\/\/informateesquina.com\/index.php?rest_route=%2Fwp%2Fv2%2Fcategories&post=62890"},{"taxonomy":"post_tag","embeddable":true,"href":"https:\/\/informateesquina.com\/index.php?rest_route=%2Fwp%2Fv2%2Ftags&post=62890"}],"curies":[{"name":"wp","href":"https:\/\/api.w.org\/{rel}","templated":true}]}}