{"id":62902,"date":"2025-05-08T06:21:50","date_gmt":"2025-05-08T09:21:50","guid":{"rendered":"https:\/\/informateesquina.com\/?p=62902"},"modified":"2025-05-08T06:21:50","modified_gmt":"2025-05-08T09:21:50","slug":"el-senado-rechazo-la-ley-de-ficha-limpia-2","status":"publish","type":"post","link":"https:\/\/informateesquina.com\/?p=62902","title":{"rendered":"El Senado rechaz\u00f3 la ley de Ficha Limpia"},"content":{"rendered":"<div>\n<p class=\"copete\">Con la oposici\u00f3n del peronismo, el proyecto se rechaz\u00f3 con 36 votos a favor. La iniciativa proh\u00edbe la candidatura de personas condenadas por corrupci\u00f3n en doble instancia.\u00a0El proyecto establece la\u00a0inhabilitaci\u00f3n de un potencial candidato\u00a0a cargo electivo si tiene una condena en segunda instancia.\u00a0La posible candidatura de\u00a0Cristina Kirchner\u00a0queda en el centro del debate.<\/p>\n<div class=\"fotos-y-videos\">\n<div class=\"tab-content\">\n<div id=\"fotos\" class=\"tab-pane fade in active\" role=\"tabpanel\"><a class=\"fotos-desarrollo unlink\" title=\"El Senado rechaz\u00f3 la ley de Ficha Limpia\" href=\"https:\/\/www.radiosudamericana.com\/notix\/multimedia\/imagenes\/fotos\/2025-05-07\/812091.jpg\"><img loading=\"lazy\" decoding=\"async\" class=\"img-responsive lazyload center-block\" src=\"https:\/\/www.radiosudamericana.com\/notix\/multimedia\/imagenes\/fotos\/2025-05-07\/812091.jpg_nota.jpg\" alt=\"El Senado rechaz\u00f3 la ley de Ficha Limpia\" width=\"700\" height=\"396\" \/><\/a><\/div>\n<\/div>\n<\/div>\n<p>&nbsp;<\/p>\n<div class=\"cuerpo\">\nEl\u00a0Senado de la Naci\u00f3n\u00a0rechaz\u00f3 el proyecto de ley\u00a0\u201cFicha Limpia\u201d, con una votaci\u00f3n de\u00a036 votos afirmativos, 35 negativos y 0 abstenciones. La iniciativa, que buscaba prohibir la postulaci\u00f3n de personas condenadas por delitos relacionados con la administraci\u00f3n p\u00fablica, no alcanz\u00f3 la mayor\u00eda necesaria para su aprobaci\u00f3n, lo que gener\u00f3 fuertes reacciones entre los legisladores.<\/p>\n<p>El proyecto hab\u00eda generado un amplio debate en la C\u00e1mara Alta, con posturas divididas entre quienes consideraban que la ley fortalecer\u00eda la transparencia y la \u00e9tica en la pol\u00edtica, y aquellos que argumentaban que vulneraba derechos fundamentales y resultaba insuficiente para abordar los problemas estructurales de la corrupci\u00f3n en el pa\u00eds.<\/p>\n<p>Radio Sudamericana<\/p>\n<\/div>\n<\/div>\n","protected":false},"excerpt":{"rendered":"<p>Con la oposici\u00f3n del peronismo, el proyecto se rechaz\u00f3 con 36 votos a favor. La iniciativa proh\u00edbe la candidatura de personas condenadas por corrupci\u00f3n en doble instancia.\u00a0El proyecto establece la\u00a0inhabilitaci\u00f3n de un potencial candidato\u00a0a cargo electivo si tiene una condena en segunda instancia.\u00a0La posible candidatura de\u00a0Cristina Kirchner\u00a0queda en el centro del debate. &nbsp; El\u00a0Senado de [&hellip;]<\/p>\n","protected":false},"author":3,"featured_media":62903,"comment_status":"open","ping_status":"open","sticky":false,"template":"","format":"standard","meta":{"footnotes":""},"categories":[9],"tags":[],"class_list":["post-62902","post","type-post","status-publish","format-standard","has-post-thumbnail","hentry","category-politica"],"_links":{"self":[{"href":"https:\/\/informateesquina.com\/index.php?rest_route=\/wp\/v2\/posts\/62902","targetHints":{"allow":["GET"]}}],"collection":[{"href":"https:\/\/informateesquina.com\/index.php?rest_route=\/wp\/v2\/posts"}],"about":[{"href":"https:\/\/informateesquina.com\/index.php?rest_route=\/wp\/v2\/types\/post"}],"author":[{"embeddable":true,"href":"https:\/\/informateesquina.com\/index.php?rest_route=\/wp\/v2\/users\/3"}],"replies":[{"embeddable":true,"href":"https:\/\/informateesquina.com\/index.php?rest_route=%2Fwp%2Fv2%2Fcomments&post=62902"}],"version-history":[{"count":1,"href":"https:\/\/informateesquina.com\/index.php?rest_route=\/wp\/v2\/posts\/62902\/revisions"}],"predecessor-version":[{"id":62904,"href":"https:\/\/informateesquina.com\/index.php?rest_route=\/wp\/v2\/posts\/62902\/revisions\/62904"}],"wp:featuredmedia":[{"embeddable":true,"href":"https:\/\/informateesquina.com\/index.php?rest_route=\/wp\/v2\/media\/62903"}],"wp:attachment":[{"href":"https:\/\/informateesquina.com\/index.php?rest_route=%2Fwp%2Fv2%2Fmedia&parent=62902"}],"wp:term":[{"taxonomy":"category","embeddable":true,"href":"https:\/\/informateesquina.com\/index.php?rest_route=%2Fwp%2Fv2%2Fcategories&post=62902"},{"taxonomy":"post_tag","embeddable":true,"href":"https:\/\/informateesquina.com\/index.php?rest_route=%2Fwp%2Fv2%2Ftags&post=62902"}],"curies":[{"name":"wp","href":"https:\/\/api.w.org\/{rel}","templated":true}]}}