{"id":62905,"date":"2025-05-08T06:26:49","date_gmt":"2025-05-08T09:26:49","guid":{"rendered":"https:\/\/informateesquina.com\/?p=62905"},"modified":"2025-05-08T06:26:49","modified_gmt":"2025-05-08T09:26:49","slug":"se-requiere-de-vision-politica-pero-tambien-empresas-con-compromiso","status":"publish","type":"post","link":"https:\/\/informateesquina.com\/?p=62905","title":{"rendered":"&#8220;Se requiere de visi\u00f3n pol\u00edtica, pero tambi\u00e9n empresas con compromiso&#8221;"},"content":{"rendered":"<p>El Gobernador particip\u00f3 de la puesta en marcha oficial de la segunda planta de generaci\u00f3n de energ\u00eda a partir de biomasa. As\u00ed, Corrientes se posiciona entre las provincias del pa\u00eds con mayor porcentaje de su consumo cubierto con generaci\u00f3n de energ\u00eda por fuentes renovables.<\/p>\n<div class=\"social\">\n<div class=\"share\"><\/div>\n<\/div>\n<div class=\" large m_image\">\n<figure><picture><source srcset=\"https:\/\/www.diarioepoca.com\/content\/bucket\/7\/1428177w790h477c.jpg.webp\" type=\"image\/webp\" media=\"(min-width: 640px)\" \/><source srcset=\"https:\/\/www.diarioepoca.com\/content\/bucket\/7\/1428177w440h266c.jpg.webp\" type=\"image\/webp\" media=\"(min-width: 300px)\" \/><source srcset=\"https:\/\/www.diarioepoca.com\/content\/bucket\/7\/1428177w790h477c.jpg\" media=\"(min-width: 300px)\" \/><img loading=\"lazy\" decoding=\"async\" class=\"pic\" src=\"https:\/\/www.diarioepoca.com\/content\/bucket\/7\/1428177w790h477c.jpg.webp\" alt=\"\" width=\"790\" height=\"477\" \/><\/picture><figcaption>VALD\u00c9S Y EL CEO DEL GRUPO INSUD, HUGO SIGMAN, RECORRIERON JUNTO A FUNCIONARIOS Y DIRECTIVOS LA NUEVA PLANTA.<\/figcaption><\/figure>\n<\/div>\n<p>&#8220;Falta mucho trabajo por hacer, debemos ser responsables, esforzarnos codo a codo y seguir convocando a empresarios&#8221;, destac\u00f3 el gobernador Gustavo Vald\u00e9s al acompa\u00f1ar al CEO del grupo Insud, Hugo Sigman, en la puesta en marcha oficial de la segunda planta de generaci\u00f3n de energ\u00eda que la compa\u00f1\u00eda construy\u00f3 en Gobernador Virasoro.<\/p>\n<p>La planta, sumada a la anterior de Fresa, permite ahora producir el 20% del consumo el\u00e9ctrico Corrientes y posicionarla entre las provincias con mayor porcentaje de su consumo cubierto con generaci\u00f3n de energ\u00eda por fuentes renovables en Argentina.<\/p>\n<p>En un predio de 35 hect\u00e1reas sobre la Ruta Nacional N\u00ba14, en Virasoro, se puso en marcha de manera oficial este mi\u00e9rcoles (aunque ya estaba operando desde hace algunas semanas) la central t\u00e9rmica San Alonso, construida en el mismo predio que Fresa -inaugurada en 2020- y con id\u00e9ntica capacidad de generaci\u00f3n de energ\u00eda.<\/p>\n<p>Ambas plantas (sumada a la instalada en Santa Rosa, de otro grupo inversor) impulsan a la provincia a posicionarse entre las que mayor porcentaje de energ\u00eda limpia son capaces de generar en proporci\u00f3n a su consumo, que en Corrientes se encamina a alcanzar en 2025 (junto a otras plantas fotovoltaicas en marcha) al 42%.<\/p>\n<p>La planta, propiedad del grupo Insud \u0096as\u00ed como el 50% de Fresa\u0096 demand\u00f3 una multimillonaria inversi\u00f3n, que atrae la mirada hacia Corrientes como un territorio de oportunidades.<\/p>\n<div class=\"center medium m_image\">\n<figure><picture><source srcset=\"https:\/\/www.diarioepoca.com\/content\/bucket\/5\/1428175w380h133c.jpg.webp\" type=\"image\/webp\" media=\"(min-width: 640px)\" \/><source srcset=\"https:\/\/www.diarioepoca.com\/content\/bucket\/5\/1428175w440h153c.jpg.webp\" type=\"image\/webp\" media=\"(min-width: 300px)\" \/><source srcset=\"https:\/\/www.diarioepoca.com\/content\/bucket\/5\/1428175w380h133c.jpg\" media=\"(min-width: 300px)\" \/><img loading=\"lazy\" decoding=\"async\" class=\"pic\" src=\"https:\/\/www.diarioepoca.com\/content\/bucket\/5\/1428175w380h133c.jpg.webp\" alt=\"\" width=\"380\" height=\"133\" \/><\/picture><\/figure>\n<\/div>\n<h2>Potencia y potencial<\/h2>\n<p>En su discurso, el gobernador Vald\u00e9s record\u00f3 el crecimiento de esa regi\u00f3n de la provincia, resultado de diferentes iniciativas, como la Ley 25.080 de promoci\u00f3n de inversiones forestales y ampliaci\u00f3n de bosques, m\u00e1s inversiones provinciales que convirtieron a Corrientes en la principal potencia forestal del pa\u00eds.<\/p>\n<p>&#8220;Tenemos 550.000 hect\u00e1reas forestadas y se podr\u00edan forestar 2 millones m\u00e1s. Vamos por ese camino&#8221;, remarc\u00f3 Vald\u00e9s y a continuaci\u00f3n afirm\u00f3 que este desarrollo posibilita la generaci\u00f3n de energ\u00eda limpia, y Corrientes tambi\u00e9n se destaca a nivel nacional.<\/p>\n<p>&#8220;Se requiere de visi\u00f3n pol\u00edtica pero tambi\u00e9n de empresarios y empresas que asuman ese compromiso&#8221;, dijo agradeciendo a Insud por la confianza en la provincia. Al respecto, inform\u00f3 que el Gobierno hizo su parte invirtiendo el equivalente a 5.000 millones de d\u00f3lares en la Estaci\u00f3n Transformadora.<\/p>\n<div class=\"center medium m_image\">\n<figure><picture><source srcset=\"https:\/\/www.diarioepoca.com\/content\/bucket\/6\/1428176w380h133c.jpg.webp\" type=\"image\/webp\" media=\"(min-width: 640px)\" \/><source srcset=\"https:\/\/www.diarioepoca.com\/content\/bucket\/6\/1428176w440h153c.jpg.webp\" type=\"image\/webp\" media=\"(min-width: 300px)\" \/><source srcset=\"https:\/\/www.diarioepoca.com\/content\/bucket\/6\/1428176w380h133c.jpg\" media=\"(min-width: 300px)\" \/><img loading=\"lazy\" decoding=\"async\" class=\"pic\" src=\"https:\/\/www.diarioepoca.com\/content\/bucket\/6\/1428176w380h133c.jpg.webp\" alt=\"\" width=\"380\" height=\"133\" \/><\/picture><\/figure>\n<\/div>\n<p>Por otro lado, el Mandatario mencion\u00f3 al puerto y al parque industrial de Ituzaing\u00f3 -este \u00faltimo pronto a inaugurarse- como obras que le dar\u00e1n volumen a esta regi\u00f3n forestal. &#8220;Tanto el puerto, como las inversiones, la producci\u00f3n, la generaci\u00f3n de energ\u00eda y la innovaci\u00f3n tecnol\u00f3gica convierten a Corrientes en una oportunidad de inversi\u00f3n&#8221;, asegur\u00f3 el Gobernador.<\/p>\n<h2>Orgullo local<\/h2>\n<p>Por su parte, el intendente de Virasoro, Emiliano Fern\u00e1ndez, invit\u00f3 a Sigman a participar el a\u00f1o que viene del centenario de su ciudad y obsequi\u00f3 en ese sentido una r\u00e9plica del sable corvo del general Jos\u00e9 de San Mart\u00edn. &#8220;Queremos entregarle esta r\u00e9plica porque San Mart\u00edn era un libertador de pueblos y hoy la libertad se consigue con desarrollo y justicia social&#8221;, remarc\u00f3.<\/p>\n<p>&#8220;Hoy es otro d\u00eda en el que reforzamos el orgullo de sentirnos virasore\u00f1os&#8221;, subray\u00f3.<\/p>\n<h2>Inversi\u00f3n de 200 millones de d\u00f3lares, caracter\u00edsticas y una distinci\u00f3n especial<\/h2>\n<div class=\"center medium m_image\">\n<figure><picture><source srcset=\"https:\/\/www.diarioepoca.com\/content\/bucket\/3\/1428243w380h273c.jpg.webp\" type=\"image\/webp\" media=\"(min-width: 640px)\" \/><source srcset=\"https:\/\/www.diarioepoca.com\/content\/bucket\/3\/1428243w440h316c.jpg.webp\" type=\"image\/webp\" media=\"(min-width: 300px)\" \/><source srcset=\"https:\/\/www.diarioepoca.com\/content\/bucket\/3\/1428243w380h273c.jpg\" media=\"(min-width: 300px)\" \/><img loading=\"lazy\" decoding=\"async\" class=\"pic\" src=\"https:\/\/www.diarioepoca.com\/content\/bucket\/3\/1428243w380h273c.jpg.webp\" alt=\"\" width=\"380\" height=\"273\" \/><\/picture><\/figure>\n<\/div>\n<p>Con el desembolso de 200 millones de d\u00f3lares, la compa\u00f1\u00eda inaugur\u00f3 su segunda central t\u00e9rmica ubicada en Gobernador Virasoro, en las cuales se convierte biomasa forestal en energ\u00eda el\u00e9ctrica. Con esta inauguraci\u00f3n, duplica su capacidad productiva para abastecer el equivalente al 20% del consumo el\u00e9ctrico provincial.<\/p>\n<p>Fresa (Fuentes Renovables de Energ\u00eda El\u00e9ctrica S.A.), una de las empresas pertenecientes a Insud, funciona en un predio de 35 hect\u00e1reas, cercano a la localidad correntina de Gobernador Virasoro. Este mi\u00e9rcoles, la empresa puso en funcionamiento su segunda central, con el objetivo de duplicar su producci\u00f3n de energ\u00eda el\u00e9ctrica y consolidarse como la planta de generaci\u00f3n de energ\u00eda a partir de biomasa m\u00e1s grande de Argentina.<\/p>\n<p>Las dos plantas de Insud cuentan con una capacidad productiva total de 80 MWh.<\/p>\n<h2>Hu\u00e9sped de honor<\/h2>\n<p>Durante el acto, se dio lectura a sendas resoluciones municipales, la primera de ellas declarando de Inter\u00e9s la puesta en marcha de la Central T\u00e9rmica San Alonso, la segunda planta de fuentes renovables del pa\u00eds y la restante, distinguiendo como Hu\u00e9sped de Honor a fundador, director general y accionista del Grupo Insud, Hugo Sigman.<\/p>\n<p>Diario \u00c9poca<\/p>\n","protected":false},"excerpt":{"rendered":"<p>El Gobernador particip\u00f3 de la puesta en marcha oficial de la segunda planta de generaci\u00f3n de energ\u00eda a partir de biomasa. As\u00ed, Corrientes se posiciona entre las provincias del pa\u00eds con mayor porcentaje de su consumo cubierto con generaci\u00f3n de energ\u00eda por fuentes renovables. VALD\u00c9S Y EL CEO DEL GRUPO INSUD, HUGO SIGMAN, RECORRIERON JUNTO [&hellip;]<\/p>\n","protected":false},"author":3,"featured_media":62906,"comment_status":"open","ping_status":"open","sticky":false,"template":"","format":"standard","meta":{"footnotes":""},"categories":[9],"tags":[],"class_list":["post-62905","post","type-post","status-publish","format-standard","has-post-thumbnail","hentry","category-politica"],"_links":{"self":[{"href":"https:\/\/informateesquina.com\/index.php?rest_route=\/wp\/v2\/posts\/62905","targetHints":{"allow":["GET"]}}],"collection":[{"href":"https:\/\/informateesquina.com\/index.php?rest_route=\/wp\/v2\/posts"}],"about":[{"href":"https:\/\/informateesquina.com\/index.php?rest_route=\/wp\/v2\/types\/post"}],"author":[{"embeddable":true,"href":"https:\/\/informateesquina.com\/index.php?rest_route=\/wp\/v2\/users\/3"}],"replies":[{"embeddable":true,"href":"https:\/\/informateesquina.com\/index.php?rest_route=%2Fwp%2Fv2%2Fcomments&post=62905"}],"version-history":[{"count":1,"href":"https:\/\/informateesquina.com\/index.php?rest_route=\/wp\/v2\/posts\/62905\/revisions"}],"predecessor-version":[{"id":62907,"href":"https:\/\/informateesquina.com\/index.php?rest_route=\/wp\/v2\/posts\/62905\/revisions\/62907"}],"wp:featuredmedia":[{"embeddable":true,"href":"https:\/\/informateesquina.com\/index.php?rest_route=\/wp\/v2\/media\/62906"}],"wp:attachment":[{"href":"https:\/\/informateesquina.com\/index.php?rest_route=%2Fwp%2Fv2%2Fmedia&parent=62905"}],"wp:term":[{"taxonomy":"category","embeddable":true,"href":"https:\/\/informateesquina.com\/index.php?rest_route=%2Fwp%2Fv2%2Fcategories&post=62905"},{"taxonomy":"post_tag","embeddable":true,"href":"https:\/\/informateesquina.com\/index.php?rest_route=%2Fwp%2Fv2%2Ftags&post=62905"}],"curies":[{"name":"wp","href":"https:\/\/api.w.org\/{rel}","templated":true}]}}