{"id":62908,"date":"2025-05-08T09:12:28","date_gmt":"2025-05-08T12:12:28","guid":{"rendered":"https:\/\/informateesquina.com\/?p=62908"},"modified":"2025-05-08T09:12:28","modified_gmt":"2025-05-08T12:12:28","slug":"gustavo-valdes-esta-entre-los-5-mejores-gobernadores-del-pais-2","status":"publish","type":"post","link":"https:\/\/informateesquina.com\/?p=62908","title":{"rendered":"Gustavo Vald\u00e9s est\u00e1 entre los 5 mejores gobernadores del pa\u00eds"},"content":{"rendered":"<div>\n<p class=\"copete\">Se trata de la encuesta mensual de CB consultora Opini\u00f3n P\u00fablica. En primer lugar, se encuentra el gobernador de Tucum\u00e1n, Osvaldo Jaldo con el 61.5%<\/p>\n<div class=\"fotos-y-videos\">\n<div class=\"tab-content\">\n<div id=\"fotos\" class=\"tab-pane fade in active\" role=\"tabpanel\"><a class=\"fotos-desarrollo unlink\" title=\"Gustavo Vald\u00e9s est\u00e1 entre los 5 mejores gobernadores del pa\u00eds\" href=\"https:\/\/www.radiosudamericana.com\/notix\/multimedia\/imagenes\/fotos\/2025-05-08\/492019.jpg\"><img loading=\"lazy\" decoding=\"async\" class=\"img-responsive lazyload center-block\" src=\"https:\/\/www.radiosudamericana.com\/notix\/multimedia\/imagenes\/fotos\/2025-05-08\/492019.jpg_nota.jpg\" alt=\"Gustavo Vald\u00e9s est\u00e1 entre los 5 mejores gobernadores del pa\u00eds\" width=\"700\" height=\"466\" \/><\/a><\/div>\n<\/div>\n<\/div>\n<p>&nbsp;<\/p>\n<div class=\"cuerpo\">\n<p>El gobernador de Corrientes, se encuentra entre los cinco mandatarios provinciales con mejor imagen del pa\u00eds. En la encuesta de mayo, difundido por CB Consultora Opini\u00f3n P\u00fablica, los n\u00fameros son los siguientes:<\/p>\n<p><a class=\"fotos-desarrollo unlink\" title=\"Gustavo Vald\u00e9s est\u00e1 entre los 5 mejores gobernadores del pa\u00eds\" href=\"https:\/\/www.radiosudamericana.com\/notix\/multimedia\/imagenes\/fotos\/2025-05-08\/222151.jpg\"><img decoding=\"async\" class=\"img-responsive\" src=\"https:\/\/www.radiosudamericana.com\/notix\/multimedia\/imagenes\/fotos\/2025-05-08\/222151.jpg_nota.jpg\" \/><\/a><\/p>\n<p>&nbsp;<\/p>\n<div id=\"leermas\"><\/div>\n<p>&nbsp;<\/p>\n<p>&nbsp;<\/p>\n<div id=\"embeds\" class=\"inser center-block\"><iframe loading=\"lazy\" class=\"scribd_iframe_embed\" tabindex=\"0\" title=\"Gustavo Vald\u00c3\u00a9s est\u00c3\u00a1 entre los 5 mejores gobernadores del pa\u00c3\u00ads\" src=\"https:\/\/www.scribd.com\/embeds\/858994449\/content?start_page=1&amp;view_mode=scroll&amp;access_key=key-HgZFGvu7yHZSyvu8xqJN\" width=\"600\" height=\"800\" frameborder=\"0\" scrolling=\"no\" data-auto-height=\"false\" data-aspect-ratio=\"0.6001330671989354\" data-mce-fragment=\"1\"><\/iframe><a title=\"View Gustavo Vald\u00c3\u00a9s est\u00c3\u00a1 entre los 5 mejores gobernadores del pa\u00c3\u00ads on Scribd\" href=\"https:\/\/www.scribd.com\/document\/858994449\/Gustavo-Valdes-esta-entre-los-5-mejores-gobernadores-del-pais#from_embed\">Gustavo Vald\u00c3\u00a9s est\u00c3\u00a1 entre los 5 mejores gobernadores del pa\u00c3\u00ads\u00a0<\/a>by\u00a0<a title=\"View redaccion sudamericana's profile on Scribd\" href=\"https:\/\/www.scribd.com\/user\/369926345\/redaccion-sudamericana#from_embed\">redaccion sudamericana<\/a><\/p>\n<\/div>\n<p>&nbsp;<\/p>\n<h2><strong>LISTA DE LOS 5 MEJORES GOBERNADORES DEL PA\u00cdS<\/strong><\/h2>\n<ul>\n<li>OSVALDO JALDO (TUC) 61.5%<\/li>\n<li>LEANDRO ZDERO (CHA) 61.2%<\/li>\n<li>IGNACIO TORRES (CHU) 60.8%<\/li>\n<li>MAXIMILIANO PULLARO (SFE) 60.5%<\/li>\n<li>GUSTAVO VALD\u00c9S (CORR) 59.1%<\/li>\n<\/ul>\n<p><a class=\"fotos-desarrollo unlink\" title=\"Gustavo Vald\u00e9s est\u00e1 entre los 5 mejores gobernadores del pa\u00eds\" href=\"https:\/\/www.radiosudamericana.com\/notix\/multimedia\/imagenes\/fotos\/2025-05-08\/749915.jpg\"><img decoding=\"async\" class=\"img-responsive\" src=\"https:\/\/www.radiosudamericana.com\/notix\/multimedia\/imagenes\/fotos\/2025-05-08\/749915.jpg_nota.jpg\" \/><\/a><\/p>\n<p>Radio Sudamericana<\/p>\n<\/div>\n<\/div>\n","protected":false},"excerpt":{"rendered":"<p>Se trata de la encuesta mensual de CB consultora Opini\u00f3n P\u00fablica. En primer lugar, se encuentra el gobernador de Tucum\u00e1n, Osvaldo Jaldo con el 61.5% &nbsp; El gobernador de Corrientes, se encuentra entre los cinco mandatarios provinciales con mejor imagen del pa\u00eds. En la encuesta de mayo, difundido por CB Consultora Opini\u00f3n P\u00fablica, los n\u00fameros [&hellip;]<\/p>\n","protected":false},"author":3,"featured_media":62909,"comment_status":"open","ping_status":"open","sticky":false,"template":"","format":"standard","meta":{"footnotes":""},"categories":[9],"tags":[],"class_list":["post-62908","post","type-post","status-publish","format-standard","has-post-thumbnail","hentry","category-politica"],"_links":{"self":[{"href":"https:\/\/informateesquina.com\/index.php?rest_route=\/wp\/v2\/posts\/62908","targetHints":{"allow":["GET"]}}],"collection":[{"href":"https:\/\/informateesquina.com\/index.php?rest_route=\/wp\/v2\/posts"}],"about":[{"href":"https:\/\/informateesquina.com\/index.php?rest_route=\/wp\/v2\/types\/post"}],"author":[{"embeddable":true,"href":"https:\/\/informateesquina.com\/index.php?rest_route=\/wp\/v2\/users\/3"}],"replies":[{"embeddable":true,"href":"https:\/\/informateesquina.com\/index.php?rest_route=%2Fwp%2Fv2%2Fcomments&post=62908"}],"version-history":[{"count":1,"href":"https:\/\/informateesquina.com\/index.php?rest_route=\/wp\/v2\/posts\/62908\/revisions"}],"predecessor-version":[{"id":62910,"href":"https:\/\/informateesquina.com\/index.php?rest_route=\/wp\/v2\/posts\/62908\/revisions\/62910"}],"wp:featuredmedia":[{"embeddable":true,"href":"https:\/\/informateesquina.com\/index.php?rest_route=\/wp\/v2\/media\/62909"}],"wp:attachment":[{"href":"https:\/\/informateesquina.com\/index.php?rest_route=%2Fwp%2Fv2%2Fmedia&parent=62908"}],"wp:term":[{"taxonomy":"category","embeddable":true,"href":"https:\/\/informateesquina.com\/index.php?rest_route=%2Fwp%2Fv2%2Fcategories&post=62908"},{"taxonomy":"post_tag","embeddable":true,"href":"https:\/\/informateesquina.com\/index.php?rest_route=%2Fwp%2Fv2%2Ftags&post=62908"}],"curies":[{"name":"wp","href":"https:\/\/api.w.org\/{rel}","templated":true}]}}